{"id":9685,"date":"2021-02-11T12:00:14","date_gmt":"2021-02-11T11:00:14","guid":{"rendered":"https:\/\/www.grupocatala.com\/?p=9685"},"modified":"2021-02-12T18:55:58","modified_gmt":"2021-02-12T17:55:58","slug":"il-grupo-catala-dona-fondi-allirb-lleida","status":"publish","type":"post","link":"https:\/\/www.grupocatala.com\/it\/il-grupo-catala-dona-fondi-allirb-lleida\/","title":{"rendered":"Il Grupo Catal\u00e0 dona fondi all&#8217;IRB Lleida"},"content":{"rendered":"<p>Grupo Catal\u00e0 fa una donazione annuale all&#8217;Istituto di ricerca biomedica di Lleida, Fondazione Dr.Pifarr\u00e9<\/p>\n<p>La donazione sar\u00e0 utilizzata per promuovere, sviluppare, gestire e diffondere la ricerca biomedica di base, traslazionale applicata e clinico-epidemiologica e la formazione nella ricerca nel campo delle scienze della salute, principalmente a Lleida, e definire obiettivi preferenziali che consentano una ricerca di qualit\u00e0 e un aumento significativo della qualit\u00e0 delle cure, per promuovere servizi migliori alla nostra popolazione.<\/p>\n<p>La Vision di IRBLleida \u00e8 quella di essere un punto di riferimento internazionale competitivo nella ricerca e innovazione nel settore della salute, dimostrando valori etici e promuovendo la sostenibilit\u00e0, il lavoro disciplinare e la cooperazione interna ed esterna. Per svolgere questo lavoro, ha stabilito collaborazioni con l&#8217;Ospedale universitario di Arnau de Vilanova<\/p>\n","protected":false},"excerpt":{"rendered":"<p>Grupo Catal\u00e0 fa una donazione annuale all&#8217;Istituto di ricerca biomedica di Lleida, Fondazione Dr.Pifarr\u00e9 La donazione sar\u00e0 utilizzata per promuovere, sviluppare, gestire e diffondere la ricerca biomedica di base, traslazionale &#8230; <a title=\"Il Grupo Catal\u00e0 dona fondi all&#8217;IRB Lleida\" class=\"read-more\" href=\"https:\/\/www.grupocatala.com\/it\/il-grupo-catala-dona-fondi-allirb-lleida\/\" aria-label=\"Per saperne di pi\u00f9 su Il Grupo Catal\u00e0 dona fondi all&#8217;IRB Lleida\">Leggi tutto<\/a><\/p>\n","protected":false},"author":1,"featured_media":9672,"comment_status":"closed","ping_status":"closed","sticky":false,"template":"","format":"standard","meta":{"_jetpack_memberships_contains_paid_content":false,"footnotes":""},"categories":[27],"tags":[654,626,625,637,631,632,633,622,655,656,652,651,653,630,657],"class_list":["post-9685","post","type-post","status-publish","format-standard","has-post-thumbnail","hentry","category-notizia","tag-arnau-it","tag-collaborazione","tag-donazione","tag-fondazione","tag-gratitudine","tag-grup-catala-it","tag-grupcatala-it","tag-gruppo-catala","tag-irb-it","tag-lleida-it","tag-medico","tag-ospedale","tag-ricerca","tag-solidarieta","tag-vilanova-it"],"yoast_head":"<!-- This site is optimized with the Yoast SEO plugin v27.5 - https:\/\/yoast.com\/product\/yoast-seo-wordpress\/ -->\n<title>Il Grupo Catal\u00e0 dona fondi all&#039;IRB Lleida<\/title>\n<meta name=\"description\" content=\"Grupo Catal\u00e0 fa una donazione annuale all&#039;Istituto di ricerca biomedica di Lleida, Fondazione Dr.Pifarr\u00e9 La donazione sar\u00e0 utilizzata per promuovere,\" \/>\n<meta name=\"robots\" content=\"index, follow, max-snippet:-1, max-image-preview:large, max-video-preview:-1\" \/>\n<link rel=\"canonical\" href=\"https:\/\/www.grupocatala.com\/it\/il-grupo-catala-dona-fondi-allirb-lleida\/\" \/>\n<meta property=\"og:locale\" content=\"it_IT\" \/>\n<meta property=\"og:type\" content=\"article\" \/>\n<meta property=\"og:title\" content=\"Il Grupo Catal\u00e0 dona fondi all&#039;IRB Lleida\" \/>\n<meta property=\"og:description\" content=\"Grupo Catal\u00e0 fa una donazione annuale all&#039;Istituto di ricerca biomedica di Lleida, Fondazione Dr.Pifarr\u00e9 La donazione sar\u00e0 utilizzata per promuovere,\" \/>\n<meta property=\"og:url\" content=\"https:\/\/www.grupocatala.com\/it\/il-grupo-catala-dona-fondi-allirb-lleida\/\" \/>\n<meta property=\"og:site_name\" content=\"GRUPO CATAL\u00c0\" \/>\n<meta property=\"article:published_time\" content=\"2021-02-11T11:00:14+00:00\" \/>\n<meta property=\"article:modified_time\" content=\"2021-02-12T17:55:58+00:00\" \/>\n<meta property=\"og:image\" content=\"https:\/\/i1.wp.com\/www.grupocatala.com\/wp-content\/uploads\/2021\/02\/arnau-vilanoba-IRB-Lleida.jpg?fit=450%2C165&ssl=1\" \/>\n\t<meta property=\"og:image:width\" content=\"450\" \/>\n\t<meta property=\"og:image:height\" content=\"165\" \/>\n\t<meta property=\"og:image:type\" content=\"image\/jpeg\" \/>\n<meta name=\"author\" content=\"SuperAdmin\" \/>\n<meta name=\"twitter:card\" content=\"summary_large_image\" \/>\n<meta name=\"twitter:label1\" content=\"Scritto da\" \/>\n\t<meta name=\"twitter:data1\" content=\"SuperAdmin\" \/>\n\t<meta name=\"twitter:label2\" content=\"Tempo di lettura stimato\" \/>\n\t<meta name=\"twitter:data2\" content=\"1 minute\" \/>\n<script type=\"application\/ld+json\" class=\"yoast-schema-graph\">{\"@context\":\"https:\\\/\\\/schema.org\",\"@graph\":[{\"@type\":\"Article\",\"@id\":\"https:\\\/\\\/www.grupocatala.com\\\/it\\\/il-grupo-catala-dona-fondi-allirb-lleida\\\/#article\",\"isPartOf\":{\"@id\":\"https:\\\/\\\/www.grupocatala.com\\\/it\\\/il-grupo-catala-dona-fondi-allirb-lleida\\\/\"},\"author\":{\"name\":\"SuperAdmin\",\"@id\":\"https:\\\/\\\/www.grupocatala.com\\\/it\\\/#\\\/schema\\\/person\\\/dde7bbb2d234021641005d1e2b24bc23\"},\"headline\":\"Il Grupo Catal\u00e0 dona fondi all&#8217;IRB Lleida\",\"datePublished\":\"2021-02-11T11:00:14+00:00\",\"dateModified\":\"2021-02-12T17:55:58+00:00\",\"mainEntityOfPage\":{\"@id\":\"https:\\\/\\\/www.grupocatala.com\\\/it\\\/il-grupo-catala-dona-fondi-allirb-lleida\\\/\"},\"wordCount\":134,\"publisher\":{\"@id\":\"https:\\\/\\\/www.grupocatala.com\\\/it\\\/#organization\"},\"image\":{\"@id\":\"https:\\\/\\\/www.grupocatala.com\\\/it\\\/il-grupo-catala-dona-fondi-allirb-lleida\\\/#primaryimage\"},\"thumbnailUrl\":\"https:\\\/\\\/i0.wp.com\\\/www.grupocatala.com\\\/wp-content\\\/uploads\\\/2021\\\/02\\\/arnau-vilanoba-IRB-Lleida.jpg?fit=450%2C165&ssl=1\",\"keywords\":[\"arnau\",\"collaborazione\",\"donazione\",\"fondazione\",\"gratitudine\",\"grup catala\",\"grupcatala\",\"gruppo catala\",\"IRB\",\"lleida\",\"medico\",\"ospedale\",\"ricerca\",\"solidariet\u00e0\",\"vilanova\"],\"articleSection\":[\"Notizia\"],\"inLanguage\":\"it-IT\"},{\"@type\":\"WebPage\",\"@id\":\"https:\\\/\\\/www.grupocatala.com\\\/it\\\/il-grupo-catala-dona-fondi-allirb-lleida\\\/\",\"url\":\"https:\\\/\\\/www.grupocatala.com\\\/it\\\/il-grupo-catala-dona-fondi-allirb-lleida\\\/\",\"name\":\"Il Grupo Catal\u00e0 dona fondi all'IRB Lleida\",\"isPartOf\":{\"@id\":\"https:\\\/\\\/www.grupocatala.com\\\/it\\\/#website\"},\"primaryImageOfPage\":{\"@id\":\"https:\\\/\\\/www.grupocatala.com\\\/it\\\/il-grupo-catala-dona-fondi-allirb-lleida\\\/#primaryimage\"},\"image\":{\"@id\":\"https:\\\/\\\/www.grupocatala.com\\\/it\\\/il-grupo-catala-dona-fondi-allirb-lleida\\\/#primaryimage\"},\"thumbnailUrl\":\"https:\\\/\\\/i0.wp.com\\\/www.grupocatala.com\\\/wp-content\\\/uploads\\\/2021\\\/02\\\/arnau-vilanoba-IRB-Lleida.jpg?fit=450%2C165&ssl=1\",\"datePublished\":\"2021-02-11T11:00:14+00:00\",\"dateModified\":\"2021-02-12T17:55:58+00:00\",\"description\":\"Grupo Catal\u00e0 fa una donazione annuale all'Istituto di ricerca biomedica di Lleida, Fondazione Dr.Pifarr\u00e9 La donazione sar\u00e0 utilizzata per promuovere,\",\"breadcrumb\":{\"@id\":\"https:\\\/\\\/www.grupocatala.com\\\/it\\\/il-grupo-catala-dona-fondi-allirb-lleida\\\/#breadcrumb\"},\"inLanguage\":\"it-IT\",\"potentialAction\":[{\"@type\":\"ReadAction\",\"target\":[\"https:\\\/\\\/www.grupocatala.com\\\/it\\\/il-grupo-catala-dona-fondi-allirb-lleida\\\/\"]}]},{\"@type\":\"ImageObject\",\"inLanguage\":\"it-IT\",\"@id\":\"https:\\\/\\\/www.grupocatala.com\\\/it\\\/il-grupo-catala-dona-fondi-allirb-lleida\\\/#primaryimage\",\"url\":\"https:\\\/\\\/i0.wp.com\\\/www.grupocatala.com\\\/wp-content\\\/uploads\\\/2021\\\/02\\\/arnau-vilanoba-IRB-Lleida.jpg?fit=450%2C165&ssl=1\",\"contentUrl\":\"https:\\\/\\\/i0.wp.com\\\/www.grupocatala.com\\\/wp-content\\\/uploads\\\/2021\\\/02\\\/arnau-vilanoba-IRB-Lleida.jpg?fit=450%2C165&ssl=1\",\"width\":450,\"height\":165},{\"@type\":\"BreadcrumbList\",\"@id\":\"https:\\\/\\\/www.grupocatala.com\\\/it\\\/il-grupo-catala-dona-fondi-allirb-lleida\\\/#breadcrumb\",\"itemListElement\":[{\"@type\":\"ListItem\",\"position\":1,\"name\":\"Portada\",\"item\":\"https:\\\/\\\/www.grupocatala.com\\\/it\\\/\"},{\"@type\":\"ListItem\",\"position\":2,\"name\":\"Il Grupo Catal\u00e0 dona fondi all&#8217;IRB Lleida\"}]},{\"@type\":\"WebSite\",\"@id\":\"https:\\\/\\\/www.grupocatala.com\\\/it\\\/#website\",\"url\":\"https:\\\/\\\/www.grupocatala.com\\\/it\\\/\",\"name\":\"GRUPO CATAL\u00c0\",\"description\":\"\",\"publisher\":{\"@id\":\"https:\\\/\\\/www.grupocatala.com\\\/it\\\/#organization\"},\"potentialAction\":[{\"@type\":\"SearchAction\",\"target\":{\"@type\":\"EntryPoint\",\"urlTemplate\":\"https:\\\/\\\/www.grupocatala.com\\\/it\\\/?s={search_term_string}\"},\"query-input\":{\"@type\":\"PropertyValueSpecification\",\"valueRequired\":true,\"valueName\":\"search_term_string\"}}],\"inLanguage\":\"it-IT\"},{\"@type\":\"Organization\",\"@id\":\"https:\\\/\\\/www.grupocatala.com\\\/it\\\/#organization\",\"name\":\"Grupo Catala\",\"url\":\"https:\\\/\\\/www.grupocatala.com\\\/it\\\/\",\"logo\":{\"@type\":\"ImageObject\",\"inLanguage\":\"it-IT\",\"@id\":\"https:\\\/\\\/www.grupocatala.com\\\/it\\\/#\\\/schema\\\/logo\\\/image\\\/\",\"url\":\"https:\\\/\\\/i0.wp.com\\\/www.grupocatala.com\\\/wp-content\\\/uploads\\\/2020\\\/03\\\/cropped-logo_blanc-1.png?fit=250%2C57&ssl=1\",\"contentUrl\":\"https:\\\/\\\/i0.wp.com\\\/www.grupocatala.com\\\/wp-content\\\/uploads\\\/2020\\\/03\\\/cropped-logo_blanc-1.png?fit=250%2C57&ssl=1\",\"width\":250,\"height\":57,\"caption\":\"Grupo Catala\"},\"image\":{\"@id\":\"https:\\\/\\\/www.grupocatala.com\\\/it\\\/#\\\/schema\\\/logo\\\/image\\\/\"},\"sameAs\":[\"https:\\\/\\\/www.instagram.com\\\/grupocatala\"]},{\"@type\":\"Person\",\"@id\":\"https:\\\/\\\/www.grupocatala.com\\\/it\\\/#\\\/schema\\\/person\\\/dde7bbb2d234021641005d1e2b24bc23\",\"name\":\"SuperAdmin\"}]}<\/script>\n<!-- \/ Yoast SEO plugin. -->","yoast_head_json":{"title":"Il Grupo Catal\u00e0 dona fondi all'IRB Lleida","description":"Grupo Catal\u00e0 fa una donazione annuale all'Istituto di ricerca biomedica di Lleida, Fondazione Dr.Pifarr\u00e9 La donazione sar\u00e0 utilizzata per promuovere,","robots":{"index":"index","follow":"follow","max-snippet":"max-snippet:-1","max-image-preview":"max-image-preview:large","max-video-preview":"max-video-preview:-1"},"canonical":"https:\/\/www.grupocatala.com\/it\/il-grupo-catala-dona-fondi-allirb-lleida\/","og_locale":"it_IT","og_type":"article","og_title":"Il Grupo Catal\u00e0 dona fondi all'IRB Lleida","og_description":"Grupo Catal\u00e0 fa una donazione annuale all'Istituto di ricerca biomedica di Lleida, Fondazione Dr.Pifarr\u00e9 La donazione sar\u00e0 utilizzata per promuovere,","og_url":"https:\/\/www.grupocatala.com\/it\/il-grupo-catala-dona-fondi-allirb-lleida\/","og_site_name":"GRUPO CATAL\u00c0","article_published_time":"2021-02-11T11:00:14+00:00","article_modified_time":"2021-02-12T17:55:58+00:00","og_image":[{"width":450,"height":165,"url":"https:\/\/i1.wp.com\/www.grupocatala.com\/wp-content\/uploads\/2021\/02\/arnau-vilanoba-IRB-Lleida.jpg?fit=450%2C165&ssl=1","type":"image\/jpeg"}],"author":"SuperAdmin","twitter_card":"summary_large_image","twitter_misc":{"Scritto da":"SuperAdmin","Tempo di lettura stimato":"1 minute"},"schema":{"@context":"https:\/\/schema.org","@graph":[{"@type":"Article","@id":"https:\/\/www.grupocatala.com\/it\/il-grupo-catala-dona-fondi-allirb-lleida\/#article","isPartOf":{"@id":"https:\/\/www.grupocatala.com\/it\/il-grupo-catala-dona-fondi-allirb-lleida\/"},"author":{"name":"SuperAdmin","@id":"https:\/\/www.grupocatala.com\/it\/#\/schema\/person\/dde7bbb2d234021641005d1e2b24bc23"},"headline":"Il Grupo Catal\u00e0 dona fondi all&#8217;IRB Lleida","datePublished":"2021-02-11T11:00:14+00:00","dateModified":"2021-02-12T17:55:58+00:00","mainEntityOfPage":{"@id":"https:\/\/www.grupocatala.com\/it\/il-grupo-catala-dona-fondi-allirb-lleida\/"},"wordCount":134,"publisher":{"@id":"https:\/\/www.grupocatala.com\/it\/#organization"},"image":{"@id":"https:\/\/www.grupocatala.com\/it\/il-grupo-catala-dona-fondi-allirb-lleida\/#primaryimage"},"thumbnailUrl":"https:\/\/i0.wp.com\/www.grupocatala.com\/wp-content\/uploads\/2021\/02\/arnau-vilanoba-IRB-Lleida.jpg?fit=450%2C165&ssl=1","keywords":["arnau","collaborazione","donazione","fondazione","gratitudine","grup catala","grupcatala","gruppo catala","IRB","lleida","medico","ospedale","ricerca","solidariet\u00e0","vilanova"],"articleSection":["Notizia"],"inLanguage":"it-IT"},{"@type":"WebPage","@id":"https:\/\/www.grupocatala.com\/it\/il-grupo-catala-dona-fondi-allirb-lleida\/","url":"https:\/\/www.grupocatala.com\/it\/il-grupo-catala-dona-fondi-allirb-lleida\/","name":"Il Grupo Catal\u00e0 dona fondi all'IRB Lleida","isPartOf":{"@id":"https:\/\/www.grupocatala.com\/it\/#website"},"primaryImageOfPage":{"@id":"https:\/\/www.grupocatala.com\/it\/il-grupo-catala-dona-fondi-allirb-lleida\/#primaryimage"},"image":{"@id":"https:\/\/www.grupocatala.com\/it\/il-grupo-catala-dona-fondi-allirb-lleida\/#primaryimage"},"thumbnailUrl":"https:\/\/i0.wp.com\/www.grupocatala.com\/wp-content\/uploads\/2021\/02\/arnau-vilanoba-IRB-Lleida.jpg?fit=450%2C165&ssl=1","datePublished":"2021-02-11T11:00:14+00:00","dateModified":"2021-02-12T17:55:58+00:00","description":"Grupo Catal\u00e0 fa una donazione annuale all'Istituto di ricerca biomedica di Lleida, Fondazione Dr.Pifarr\u00e9 La donazione sar\u00e0 utilizzata per promuovere,","breadcrumb":{"@id":"https:\/\/www.grupocatala.com\/it\/il-grupo-catala-dona-fondi-allirb-lleida\/#breadcrumb"},"inLanguage":"it-IT","potentialAction":[{"@type":"ReadAction","target":["https:\/\/www.grupocatala.com\/it\/il-grupo-catala-dona-fondi-allirb-lleida\/"]}]},{"@type":"ImageObject","inLanguage":"it-IT","@id":"https:\/\/www.grupocatala.com\/it\/il-grupo-catala-dona-fondi-allirb-lleida\/#primaryimage","url":"https:\/\/i0.wp.com\/www.grupocatala.com\/wp-content\/uploads\/2021\/02\/arnau-vilanoba-IRB-Lleida.jpg?fit=450%2C165&ssl=1","contentUrl":"https:\/\/i0.wp.com\/www.grupocatala.com\/wp-content\/uploads\/2021\/02\/arnau-vilanoba-IRB-Lleida.jpg?fit=450%2C165&ssl=1","width":450,"height":165},{"@type":"BreadcrumbList","@id":"https:\/\/www.grupocatala.com\/it\/il-grupo-catala-dona-fondi-allirb-lleida\/#breadcrumb","itemListElement":[{"@type":"ListItem","position":1,"name":"Portada","item":"https:\/\/www.grupocatala.com\/it\/"},{"@type":"ListItem","position":2,"name":"Il Grupo Catal\u00e0 dona fondi all&#8217;IRB Lleida"}]},{"@type":"WebSite","@id":"https:\/\/www.grupocatala.com\/it\/#website","url":"https:\/\/www.grupocatala.com\/it\/","name":"GRUPO CATAL\u00c0","description":"","publisher":{"@id":"https:\/\/www.grupocatala.com\/it\/#organization"},"potentialAction":[{"@type":"SearchAction","target":{"@type":"EntryPoint","urlTemplate":"https:\/\/www.grupocatala.com\/it\/?s={search_term_string}"},"query-input":{"@type":"PropertyValueSpecification","valueRequired":true,"valueName":"search_term_string"}}],"inLanguage":"it-IT"},{"@type":"Organization","@id":"https:\/\/www.grupocatala.com\/it\/#organization","name":"Grupo Catala","url":"https:\/\/www.grupocatala.com\/it\/","logo":{"@type":"ImageObject","inLanguage":"it-IT","@id":"https:\/\/www.grupocatala.com\/it\/#\/schema\/logo\/image\/","url":"https:\/\/i0.wp.com\/www.grupocatala.com\/wp-content\/uploads\/2020\/03\/cropped-logo_blanc-1.png?fit=250%2C57&ssl=1","contentUrl":"https:\/\/i0.wp.com\/www.grupocatala.com\/wp-content\/uploads\/2020\/03\/cropped-logo_blanc-1.png?fit=250%2C57&ssl=1","width":250,"height":57,"caption":"Grupo Catala"},"image":{"@id":"https:\/\/www.grupocatala.com\/it\/#\/schema\/logo\/image\/"},"sameAs":["https:\/\/www.instagram.com\/grupocatala"]},{"@type":"Person","@id":"https:\/\/www.grupocatala.com\/it\/#\/schema\/person\/dde7bbb2d234021641005d1e2b24bc23","name":"SuperAdmin"}]}},"jetpack_featured_media_url":"https:\/\/i0.wp.com\/www.grupocatala.com\/wp-content\/uploads\/2021\/02\/arnau-vilanoba-IRB-Lleida.jpg?fit=450%2C165&ssl=1","jetpack_sharing_enabled":true,"_links":{"self":[{"href":"https:\/\/www.grupocatala.com\/it\/wp-json\/wp\/v2\/posts\/9685","targetHints":{"allow":["GET"]}}],"collection":[{"href":"https:\/\/www.grupocatala.com\/it\/wp-json\/wp\/v2\/posts"}],"about":[{"href":"https:\/\/www.grupocatala.com\/it\/wp-json\/wp\/v2\/types\/post"}],"author":[{"embeddable":true,"href":"https:\/\/www.grupocatala.com\/it\/wp-json\/wp\/v2\/users\/1"}],"replies":[{"embeddable":true,"href":"https:\/\/www.grupocatala.com\/it\/wp-json\/wp\/v2\/comments?post=9685"}],"version-history":[{"count":0,"href":"https:\/\/www.grupocatala.com\/it\/wp-json\/wp\/v2\/posts\/9685\/revisions"}],"wp:featuredmedia":[{"embeddable":true,"href":"https:\/\/www.grupocatala.com\/it\/wp-json\/wp\/v2\/media\/9672"}],"wp:attachment":[{"href":"https:\/\/www.grupocatala.com\/it\/wp-json\/wp\/v2\/media?parent=9685"}],"wp:term":[{"taxonomy":"category","embeddable":true,"href":"https:\/\/www.grupocatala.com\/it\/wp-json\/wp\/v2\/categories?post=9685"},{"taxonomy":"post_tag","embeddable":true,"href":"https:\/\/www.grupocatala.com\/it\/wp-json\/wp\/v2\/tags?post=9685"}],"curies":[{"name":"wp","href":"https:\/\/api.w.org\/{rel}","templated":true}]}}