{"id":9573,"date":"2021-02-07T12:00:32","date_gmt":"2021-02-07T11:00:32","guid":{"rendered":"https:\/\/www.grupocatala.com\/?p=9573"},"modified":"2021-02-12T18:56:38","modified_gmt":"2021-02-12T17:56:38","slug":"meleti-di-montagna-in-catalogna-una-realta","status":"publish","type":"post","link":"https:\/\/www.grupocatala.com\/it\/meleti-di-montagna-in-catalogna-una-realta\/","title":{"rendered":"Meleti di montagna in Catalogna, una realt\u00e0"},"content":{"rendered":"<p>Il progetto di frutticoltura di montagna in Catalogna \u00e8 iniziato nel 2009 quando IRTA (Istituto di ricerca e tecnologia agroalimentare) e ADRR (Associazione per lo sviluppo della Ribagor\u00e7a romanica) hanno firmato il primo accordo di collaborazione; e ha continuato in seguito con IRTA e il Ministero dell&#8217;agricoltura, dell&#8217;allevamento, della pesca e dell&#8217;alimentazione del governo catalano.<\/p>\n<p>Si trattava di un&#8217;iniziativa pionieristica, in quanto non c&#8217;erano riferimenti a questi frutteti di alberi da frutto nelle zone di montagna prossime ai 1.000 m di altitudine. Quel passo in avanti ha permesso di determinare le caratteristiche climatiche, le potenzialit\u00e0 e l&#8217;attitudine delle zone montane a questo tipo di colture, contribuendo e trasferendo all&#8217;industria tutte le conoscenze generate.<\/p>\n<p>Nel 2018, nei Pirenei catalani sono stati piantati pi\u00f9 di 70 ettari di meleti commerciali. Questi frutteti seguono due modelli di sfruttamento: il primo corrisponde ad aziende consolidate che storicamente coltivano mele nella zona fruttuosa di Lleida, e hanno voluto diversificare la sua produzione per ottimizzare le proprie strutture post-raccolta. In questo modello, le aziende hanno gi\u00e0 i loro marchi e i propri circuiti commerciali sia per il mercato interno che per quello di esportazione. Il secondo modello corrisponde a quello dei piccoli proprietari di aziende agricole, solitamente privi di esperienza in orticoltura, o quasi altruisticamente ceduto agli ultimi allevatori presenti nelle varie zone montane, dove l&#8217;allevamento \u00e8 da sempre un&#8217;attivit\u00e0 tradizionale legata al territorio ma in netto declino ; tanto pi\u00f9 pronunciato quanto maggiore \u00e8 stato l&#8217;impatto del turismo.<\/p>\n<p>In questo caso si tratta di piccoli frutteti vicini ai villaggi e generalmente hanno una buona accessibilit\u00e0 con condizioni ottimali del suolo e una buona idoneit\u00e0 alla produzione di mele. I titolari sono impegnati nella produzione come lavoro part-time, come attivit\u00e0 complementare e di reddito, simile al modello prevalente in Alto Adige o Trentino nel nord Italia. A causa delle minori dimensioni di questi frutteti, e del mancato collegamento con canali commerciali preesistenti, questa tipologia di produzione \u00e8 focalizzata sui mercati locali che sono in grado di valutare questo tipo di produzione di qualit\u00e0, vicinanza e legata al territorio e ai suoi sviluppo economico.<\/p>\n<p>La tecnologia di produzione dei diversi frutteti \u00e8 simile in termini di progettazione e sistemi di allevamento. Corrisponde a frutteti intensivi con portinnesti minuscoli, sistemi ad asse centrale e densit\u00e0 di impianto da 2.000 a 3.000 alberi per ettaro, a distanze tra gli alberi di 3,4-4 m tra le linee e 0,8-1,2 m tra gli alberi. L&#8217;irrigazione e la fertilizzazione sono localizzate ad alta frequenza, con sistemi automatizzati di monitoraggio dell&#8217;irrigazione. Nella maggior parte dei frutteti \u00e8 presente l&#8217;irrigazione a pioggia e tutti hanno reti antigrandine.<\/p>\n<p>Dai risultati ottenuti dalle attivit\u00e0 sperimentali svolte nell&#8217;ambito del programma di frutticoltura di montagna, ci sono alcuni fattori limitanti da tenere in considerazione:<\/p>\n<ul>\n<li>C&#8217;\u00e8 una scarsa disponibilit\u00e0 di terreno adatto alla coltivazione di meli, con appezzamenti pi\u00f9 piccoli, meno adatti alla meccanizzazione e di pi\u00f9 difficile accesso.<\/li>\n<li>Minore disponibilit\u00e0 di acqua per l&#8217;irrigazione.<\/li>\n<li>Il rischio di gelate primaverili aumenta rispetto a quanto accade normalmente nelle zone di pianura come Lleida. Il rischio di gelate autunnali \u00e8 anche maggiore nelle variet\u00e0 tardive, il che limita la loro piantagione.<\/li>\n<li>Rischio di grandine pi\u00f9 elevato, che raggiunge il 100% nelle zone al di sopra dei 500 m di altitudine, anche se solitamente \u00e8 minore.<\/li>\n<li>Il periodo vegetativo si riduce linearmente con l&#8217;altitudine, che \u00e8 un limite per le variet\u00e0 a vendemmia tardiva ad altitudini superiori a 1.100 m. La dimensione dei frutti tende ad essere inferiore per le variet\u00e0 del gruppo &#8220;Gala&#8221; e maggiore \u00e8 l&#8217;altitudine, maggiore \u00e8 l&#8217;incidenza.<\/li>\n<li>Costi di produzione pi\u00f9 elevati.<\/li>\n<li>Mancanza di coltivatori esperti.<\/li>\n<\/ul>\n<p>Come qualit\u00e0 favorevoli, possiamo considerare:<\/p>\n<ul>\n<li>Aree con insediamento colturale molto basso. Pertanto, minore incidenza di parassiti e malattie in termini di aree di coltivazione tradizionali e affollate.<\/li>\n<li>Maggiore facilit\u00e0 per la produzione integrata e biologica, soprattutto con variet\u00e0 resistenti alla ticchiolatura che tendono ad avere un minor numero di trattamenti.<\/li>\n<li>Le date di fioritura e raccolta sono posticipate da 3 a 4 settimane rispetto a quanto osservato nell&#8217;area frutticola di Lleida, che indirettamente esalta il colore dei frutti.<\/li>\n<li>Maggiore allegagione rispetto alla pianura, pertanto le strategie di diradamento devono essere pi\u00f9 vigorose, soprattutto nelle variet\u00e0 di pezzatura pi\u00f9 limitata come &#8220;Gala&#8221;.<\/li>\n<li>Le condizioni ambientali, in particolare le temperature, non solo favoriscono il colore del frutto, ma ne migliorano anche la qualit\u00e0 come consistenza, succosit\u00e0 e croccantezza.<\/li>\n<li>La maturazione \u00e8 pi\u00f9 lenta e con una finestra di raccolta pi\u00f9 ampia.<\/li>\n<li>Il contenuto di zucchero e l&#8217;acidit\u00e0 sono pi\u00f9 alti.<\/li>\n<li>A parit\u00e0 di stato di maturazione la consistenza aumenta di circa 1 kg per tutte le variet\u00e0, ad eccezione di quelle tardive come &#8220;Fuji&#8221;.<\/li>\n<li>La resa \u00e8 simile a quella ottenuta nelle zone di pianura.<\/li>\n<li>Minore impronta idrica grazie alla minore evapotraspirazione.<\/li>\n<\/ul>\n<p>L&#8217;orografia montuosa che modifica le condizioni meteorologiche implica una maggiore umidit\u00e0 ambientale, temperature pi\u00f9 basse e, in definitiva, condizioni meno stressanti per gli alberi. I risultati ottenuti ci consentono di affermare che la produzione della mela d&#8217;alta quota, per le sue caratteristiche di differenziata qualit\u00e0, rappresenta un&#8217;alternativa praticabile e un&#8217;interessante complementarit\u00e0 con le zone frutticole tradizionali. Tuttavia; la sua sostenibilit\u00e0 dipender\u00e0 se sapr\u00e0 implementare una struttura commerciale efficiente, aggiungendo valore a questo tipo di produzione che implica costi maggiori rispetto alle aree di pianura. Tutti questi aspetti positivi sono ancora pi\u00f9 evidenti nel caso della produzione di montagna e biologica diretta ai mercati locali. Insomma, i meleti di montagna presentano rischi non meno significativi, ma in cambio forniscono un prodotto differenziato da quello che il nostro Paese \u00e8 fortemente carente.<\/p>\n","protected":false},"excerpt":{"rendered":"<p>Il progetto di frutticoltura di montagna in Catalogna \u00e8 iniziato nel 2009 quando IRTA (Istituto di ricerca e tecnologia agroalimentare) e ADRR (Associazione per lo sviluppo della Ribagor\u00e7a romanica) hanno &#8230; <a title=\"Meleti di montagna in Catalogna, una realt\u00e0\" class=\"read-more\" href=\"https:\/\/www.grupocatala.com\/it\/meleti-di-montagna-in-catalogna-una-realta\/\" aria-label=\"Per saperne di pi\u00f9 su Meleti di montagna in Catalogna, una realt\u00e0\">Leggi tutto<\/a><\/p>\n","protected":false},"author":1,"featured_media":9563,"comment_status":"closed","ping_status":"closed","sticky":false,"template":"","format":"standard","meta":{"_jetpack_memberships_contains_paid_content":false,"footnotes":""},"categories":[27],"tags":[666,627,632,633,622,665,667,668,669],"class_list":["post-9573","post","type-post","status-publish","format-standard","has-post-thumbnail","hentry","category-notizia","tag-altezza","tag-frutta","tag-grup-catala-it","tag-grupcatala-it","tag-gruppo-catala","tag-meli","tag-montagna","tag-qualita","tag-realta"],"yoast_head":"<!-- This site is optimized with the Yoast SEO plugin v27.5 - https:\/\/yoast.com\/product\/yoast-seo-wordpress\/ -->\n<title>Meleti di montagna in Catalogna, una realt\u00e0<\/title>\n<meta name=\"description\" content=\"Il progetto di frutticoltura di montagna in Catalogna \u00e8 iniziato nel 2009 quando IRTA (Istituto di ricerca e tecnologia agroalimentare) e ADRR\" \/>\n<meta name=\"robots\" content=\"index, follow, max-snippet:-1, max-image-preview:large, max-video-preview:-1\" \/>\n<link rel=\"canonical\" href=\"https:\/\/www.grupocatala.com\/it\/meleti-di-montagna-in-catalogna-una-realta\/\" \/>\n<meta property=\"og:locale\" content=\"it_IT\" \/>\n<meta property=\"og:type\" content=\"article\" \/>\n<meta property=\"og:title\" content=\"Meleti di montagna in Catalogna, una realt\u00e0\" \/>\n<meta property=\"og:description\" content=\"Il progetto di frutticoltura di montagna in Catalogna \u00e8 iniziato nel 2009 quando IRTA (Istituto di ricerca e tecnologia agroalimentare) e ADRR\" \/>\n<meta property=\"og:url\" content=\"https:\/\/www.grupocatala.com\/it\/meleti-di-montagna-in-catalogna-una-realta\/\" \/>\n<meta property=\"og:site_name\" content=\"GRUPO CATAL\u00c0\" \/>\n<meta property=\"article:published_time\" content=\"2021-02-07T11:00:32+00:00\" \/>\n<meta property=\"article:modified_time\" content=\"2021-02-12T17:56:38+00:00\" \/>\n<meta property=\"og:image\" content=\"https:\/\/i0.wp.com\/www.grupocatala.com\/wp-content\/uploads\/2021\/02\/primera.jpg?fit=580%2C330&ssl=1\" \/>\n\t<meta property=\"og:image:width\" content=\"580\" \/>\n\t<meta property=\"og:image:height\" content=\"330\" \/>\n\t<meta property=\"og:image:type\" content=\"image\/jpeg\" \/>\n<meta name=\"author\" content=\"SuperAdmin\" \/>\n<meta name=\"twitter:card\" content=\"summary_large_image\" \/>\n<meta name=\"twitter:label1\" content=\"Scritto da\" \/>\n\t<meta name=\"twitter:data1\" content=\"SuperAdmin\" \/>\n\t<meta name=\"twitter:label2\" content=\"Tempo di lettura stimato\" \/>\n\t<meta name=\"twitter:data2\" content=\"4 minutes\" \/>\n<script type=\"application\/ld+json\" class=\"yoast-schema-graph\">{\"@context\":\"https:\\\/\\\/schema.org\",\"@graph\":[{\"@type\":\"Article\",\"@id\":\"https:\\\/\\\/www.grupocatala.com\\\/it\\\/meleti-di-montagna-in-catalogna-una-realta\\\/#article\",\"isPartOf\":{\"@id\":\"https:\\\/\\\/www.grupocatala.com\\\/it\\\/meleti-di-montagna-in-catalogna-una-realta\\\/\"},\"author\":{\"name\":\"SuperAdmin\",\"@id\":\"https:\\\/\\\/www.grupocatala.com\\\/it\\\/#\\\/schema\\\/person\\\/dde7bbb2d234021641005d1e2b24bc23\"},\"headline\":\"Meleti di montagna in Catalogna, una realt\u00e0\",\"datePublished\":\"2021-02-07T11:00:32+00:00\",\"dateModified\":\"2021-02-12T17:56:38+00:00\",\"mainEntityOfPage\":{\"@id\":\"https:\\\/\\\/www.grupocatala.com\\\/it\\\/meleti-di-montagna-in-catalogna-una-realta\\\/\"},\"wordCount\":923,\"publisher\":{\"@id\":\"https:\\\/\\\/www.grupocatala.com\\\/it\\\/#organization\"},\"image\":{\"@id\":\"https:\\\/\\\/www.grupocatala.com\\\/it\\\/meleti-di-montagna-in-catalogna-una-realta\\\/#primaryimage\"},\"thumbnailUrl\":\"https:\\\/\\\/i0.wp.com\\\/www.grupocatala.com\\\/wp-content\\\/uploads\\\/2021\\\/02\\\/primera.jpg?fit=580%2C330&ssl=1\",\"keywords\":[\"altezza\",\"frutta\",\"grup catala\",\"grupcatala\",\"gruppo catala\",\"meli\",\"montagna\",\"qualit\u00e0\",\"realt\u00e0\"],\"articleSection\":[\"Notizia\"],\"inLanguage\":\"it-IT\"},{\"@type\":\"WebPage\",\"@id\":\"https:\\\/\\\/www.grupocatala.com\\\/it\\\/meleti-di-montagna-in-catalogna-una-realta\\\/\",\"url\":\"https:\\\/\\\/www.grupocatala.com\\\/it\\\/meleti-di-montagna-in-catalogna-una-realta\\\/\",\"name\":\"Meleti di montagna in Catalogna, una realt\u00e0\",\"isPartOf\":{\"@id\":\"https:\\\/\\\/www.grupocatala.com\\\/it\\\/#website\"},\"primaryImageOfPage\":{\"@id\":\"https:\\\/\\\/www.grupocatala.com\\\/it\\\/meleti-di-montagna-in-catalogna-una-realta\\\/#primaryimage\"},\"image\":{\"@id\":\"https:\\\/\\\/www.grupocatala.com\\\/it\\\/meleti-di-montagna-in-catalogna-una-realta\\\/#primaryimage\"},\"thumbnailUrl\":\"https:\\\/\\\/i0.wp.com\\\/www.grupocatala.com\\\/wp-content\\\/uploads\\\/2021\\\/02\\\/primera.jpg?fit=580%2C330&ssl=1\",\"datePublished\":\"2021-02-07T11:00:32+00:00\",\"dateModified\":\"2021-02-12T17:56:38+00:00\",\"description\":\"Il progetto di frutticoltura di montagna in Catalogna \u00e8 iniziato nel 2009 quando IRTA (Istituto di ricerca e tecnologia agroalimentare) e ADRR\",\"breadcrumb\":{\"@id\":\"https:\\\/\\\/www.grupocatala.com\\\/it\\\/meleti-di-montagna-in-catalogna-una-realta\\\/#breadcrumb\"},\"inLanguage\":\"it-IT\",\"potentialAction\":[{\"@type\":\"ReadAction\",\"target\":[\"https:\\\/\\\/www.grupocatala.com\\\/it\\\/meleti-di-montagna-in-catalogna-una-realta\\\/\"]}]},{\"@type\":\"ImageObject\",\"inLanguage\":\"it-IT\",\"@id\":\"https:\\\/\\\/www.grupocatala.com\\\/it\\\/meleti-di-montagna-in-catalogna-una-realta\\\/#primaryimage\",\"url\":\"https:\\\/\\\/i0.wp.com\\\/www.grupocatala.com\\\/wp-content\\\/uploads\\\/2021\\\/02\\\/primera.jpg?fit=580%2C330&ssl=1\",\"contentUrl\":\"https:\\\/\\\/i0.wp.com\\\/www.grupocatala.com\\\/wp-content\\\/uploads\\\/2021\\\/02\\\/primera.jpg?fit=580%2C330&ssl=1\",\"width\":580,\"height\":330},{\"@type\":\"BreadcrumbList\",\"@id\":\"https:\\\/\\\/www.grupocatala.com\\\/it\\\/meleti-di-montagna-in-catalogna-una-realta\\\/#breadcrumb\",\"itemListElement\":[{\"@type\":\"ListItem\",\"position\":1,\"name\":\"Portada\",\"item\":\"https:\\\/\\\/www.grupocatala.com\\\/it\\\/\"},{\"@type\":\"ListItem\",\"position\":2,\"name\":\"Meleti di montagna in Catalogna, una realt\u00e0\"}]},{\"@type\":\"WebSite\",\"@id\":\"https:\\\/\\\/www.grupocatala.com\\\/it\\\/#website\",\"url\":\"https:\\\/\\\/www.grupocatala.com\\\/it\\\/\",\"name\":\"GRUPO CATAL\u00c0\",\"description\":\"\",\"publisher\":{\"@id\":\"https:\\\/\\\/www.grupocatala.com\\\/it\\\/#organization\"},\"potentialAction\":[{\"@type\":\"SearchAction\",\"target\":{\"@type\":\"EntryPoint\",\"urlTemplate\":\"https:\\\/\\\/www.grupocatala.com\\\/it\\\/?s={search_term_string}\"},\"query-input\":{\"@type\":\"PropertyValueSpecification\",\"valueRequired\":true,\"valueName\":\"search_term_string\"}}],\"inLanguage\":\"it-IT\"},{\"@type\":\"Organization\",\"@id\":\"https:\\\/\\\/www.grupocatala.com\\\/it\\\/#organization\",\"name\":\"Grupo Catala\",\"url\":\"https:\\\/\\\/www.grupocatala.com\\\/it\\\/\",\"logo\":{\"@type\":\"ImageObject\",\"inLanguage\":\"it-IT\",\"@id\":\"https:\\\/\\\/www.grupocatala.com\\\/it\\\/#\\\/schema\\\/logo\\\/image\\\/\",\"url\":\"https:\\\/\\\/i0.wp.com\\\/www.grupocatala.com\\\/wp-content\\\/uploads\\\/2020\\\/03\\\/cropped-logo_blanc-1.png?fit=250%2C57&ssl=1\",\"contentUrl\":\"https:\\\/\\\/i0.wp.com\\\/www.grupocatala.com\\\/wp-content\\\/uploads\\\/2020\\\/03\\\/cropped-logo_blanc-1.png?fit=250%2C57&ssl=1\",\"width\":250,\"height\":57,\"caption\":\"Grupo Catala\"},\"image\":{\"@id\":\"https:\\\/\\\/www.grupocatala.com\\\/it\\\/#\\\/schema\\\/logo\\\/image\\\/\"},\"sameAs\":[\"https:\\\/\\\/www.instagram.com\\\/grupocatala\"]},{\"@type\":\"Person\",\"@id\":\"https:\\\/\\\/www.grupocatala.com\\\/it\\\/#\\\/schema\\\/person\\\/dde7bbb2d234021641005d1e2b24bc23\",\"name\":\"SuperAdmin\"}]}<\/script>\n<!-- \/ Yoast SEO plugin. -->","yoast_head_json":{"title":"Meleti di montagna in Catalogna, una realt\u00e0","description":"Il progetto di frutticoltura di montagna in Catalogna \u00e8 iniziato nel 2009 quando IRTA (Istituto di ricerca e tecnologia agroalimentare) e ADRR","robots":{"index":"index","follow":"follow","max-snippet":"max-snippet:-1","max-image-preview":"max-image-preview:large","max-video-preview":"max-video-preview:-1"},"canonical":"https:\/\/www.grupocatala.com\/it\/meleti-di-montagna-in-catalogna-una-realta\/","og_locale":"it_IT","og_type":"article","og_title":"Meleti di montagna in Catalogna, una realt\u00e0","og_description":"Il progetto di frutticoltura di montagna in Catalogna \u00e8 iniziato nel 2009 quando IRTA (Istituto di ricerca e tecnologia agroalimentare) e ADRR","og_url":"https:\/\/www.grupocatala.com\/it\/meleti-di-montagna-in-catalogna-una-realta\/","og_site_name":"GRUPO CATAL\u00c0","article_published_time":"2021-02-07T11:00:32+00:00","article_modified_time":"2021-02-12T17:56:38+00:00","og_image":[{"width":580,"height":330,"url":"https:\/\/i0.wp.com\/www.grupocatala.com\/wp-content\/uploads\/2021\/02\/primera.jpg?fit=580%2C330&ssl=1","type":"image\/jpeg"}],"author":"SuperAdmin","twitter_card":"summary_large_image","twitter_misc":{"Scritto da":"SuperAdmin","Tempo di lettura stimato":"4 minutes"},"schema":{"@context":"https:\/\/schema.org","@graph":[{"@type":"Article","@id":"https:\/\/www.grupocatala.com\/it\/meleti-di-montagna-in-catalogna-una-realta\/#article","isPartOf":{"@id":"https:\/\/www.grupocatala.com\/it\/meleti-di-montagna-in-catalogna-una-realta\/"},"author":{"name":"SuperAdmin","@id":"https:\/\/www.grupocatala.com\/it\/#\/schema\/person\/dde7bbb2d234021641005d1e2b24bc23"},"headline":"Meleti di montagna in Catalogna, una realt\u00e0","datePublished":"2021-02-07T11:00:32+00:00","dateModified":"2021-02-12T17:56:38+00:00","mainEntityOfPage":{"@id":"https:\/\/www.grupocatala.com\/it\/meleti-di-montagna-in-catalogna-una-realta\/"},"wordCount":923,"publisher":{"@id":"https:\/\/www.grupocatala.com\/it\/#organization"},"image":{"@id":"https:\/\/www.grupocatala.com\/it\/meleti-di-montagna-in-catalogna-una-realta\/#primaryimage"},"thumbnailUrl":"https:\/\/i0.wp.com\/www.grupocatala.com\/wp-content\/uploads\/2021\/02\/primera.jpg?fit=580%2C330&ssl=1","keywords":["altezza","frutta","grup catala","grupcatala","gruppo catala","meli","montagna","qualit\u00e0","realt\u00e0"],"articleSection":["Notizia"],"inLanguage":"it-IT"},{"@type":"WebPage","@id":"https:\/\/www.grupocatala.com\/it\/meleti-di-montagna-in-catalogna-una-realta\/","url":"https:\/\/www.grupocatala.com\/it\/meleti-di-montagna-in-catalogna-una-realta\/","name":"Meleti di montagna in Catalogna, una realt\u00e0","isPartOf":{"@id":"https:\/\/www.grupocatala.com\/it\/#website"},"primaryImageOfPage":{"@id":"https:\/\/www.grupocatala.com\/it\/meleti-di-montagna-in-catalogna-una-realta\/#primaryimage"},"image":{"@id":"https:\/\/www.grupocatala.com\/it\/meleti-di-montagna-in-catalogna-una-realta\/#primaryimage"},"thumbnailUrl":"https:\/\/i0.wp.com\/www.grupocatala.com\/wp-content\/uploads\/2021\/02\/primera.jpg?fit=580%2C330&ssl=1","datePublished":"2021-02-07T11:00:32+00:00","dateModified":"2021-02-12T17:56:38+00:00","description":"Il progetto di frutticoltura di montagna in Catalogna \u00e8 iniziato nel 2009 quando IRTA (Istituto di ricerca e tecnologia agroalimentare) e ADRR","breadcrumb":{"@id":"https:\/\/www.grupocatala.com\/it\/meleti-di-montagna-in-catalogna-una-realta\/#breadcrumb"},"inLanguage":"it-IT","potentialAction":[{"@type":"ReadAction","target":["https:\/\/www.grupocatala.com\/it\/meleti-di-montagna-in-catalogna-una-realta\/"]}]},{"@type":"ImageObject","inLanguage":"it-IT","@id":"https:\/\/www.grupocatala.com\/it\/meleti-di-montagna-in-catalogna-una-realta\/#primaryimage","url":"https:\/\/i0.wp.com\/www.grupocatala.com\/wp-content\/uploads\/2021\/02\/primera.jpg?fit=580%2C330&ssl=1","contentUrl":"https:\/\/i0.wp.com\/www.grupocatala.com\/wp-content\/uploads\/2021\/02\/primera.jpg?fit=580%2C330&ssl=1","width":580,"height":330},{"@type":"BreadcrumbList","@id":"https:\/\/www.grupocatala.com\/it\/meleti-di-montagna-in-catalogna-una-realta\/#breadcrumb","itemListElement":[{"@type":"ListItem","position":1,"name":"Portada","item":"https:\/\/www.grupocatala.com\/it\/"},{"@type":"ListItem","position":2,"name":"Meleti di montagna in Catalogna, una realt\u00e0"}]},{"@type":"WebSite","@id":"https:\/\/www.grupocatala.com\/it\/#website","url":"https:\/\/www.grupocatala.com\/it\/","name":"GRUPO CATAL\u00c0","description":"","publisher":{"@id":"https:\/\/www.grupocatala.com\/it\/#organization"},"potentialAction":[{"@type":"SearchAction","target":{"@type":"EntryPoint","urlTemplate":"https:\/\/www.grupocatala.com\/it\/?s={search_term_string}"},"query-input":{"@type":"PropertyValueSpecification","valueRequired":true,"valueName":"search_term_string"}}],"inLanguage":"it-IT"},{"@type":"Organization","@id":"https:\/\/www.grupocatala.com\/it\/#organization","name":"Grupo Catala","url":"https:\/\/www.grupocatala.com\/it\/","logo":{"@type":"ImageObject","inLanguage":"it-IT","@id":"https:\/\/www.grupocatala.com\/it\/#\/schema\/logo\/image\/","url":"https:\/\/i0.wp.com\/www.grupocatala.com\/wp-content\/uploads\/2020\/03\/cropped-logo_blanc-1.png?fit=250%2C57&ssl=1","contentUrl":"https:\/\/i0.wp.com\/www.grupocatala.com\/wp-content\/uploads\/2020\/03\/cropped-logo_blanc-1.png?fit=250%2C57&ssl=1","width":250,"height":57,"caption":"Grupo Catala"},"image":{"@id":"https:\/\/www.grupocatala.com\/it\/#\/schema\/logo\/image\/"},"sameAs":["https:\/\/www.instagram.com\/grupocatala"]},{"@type":"Person","@id":"https:\/\/www.grupocatala.com\/it\/#\/schema\/person\/dde7bbb2d234021641005d1e2b24bc23","name":"SuperAdmin"}]}},"jetpack_featured_media_url":"https:\/\/i0.wp.com\/www.grupocatala.com\/wp-content\/uploads\/2021\/02\/primera.jpg?fit=580%2C330&ssl=1","jetpack_sharing_enabled":true,"_links":{"self":[{"href":"https:\/\/www.grupocatala.com\/it\/wp-json\/wp\/v2\/posts\/9573","targetHints":{"allow":["GET"]}}],"collection":[{"href":"https:\/\/www.grupocatala.com\/it\/wp-json\/wp\/v2\/posts"}],"about":[{"href":"https:\/\/www.grupocatala.com\/it\/wp-json\/wp\/v2\/types\/post"}],"author":[{"embeddable":true,"href":"https:\/\/www.grupocatala.com\/it\/wp-json\/wp\/v2\/users\/1"}],"replies":[{"embeddable":true,"href":"https:\/\/www.grupocatala.com\/it\/wp-json\/wp\/v2\/comments?post=9573"}],"version-history":[{"count":0,"href":"https:\/\/www.grupocatala.com\/it\/wp-json\/wp\/v2\/posts\/9573\/revisions"}],"wp:featuredmedia":[{"embeddable":true,"href":"https:\/\/www.grupocatala.com\/it\/wp-json\/wp\/v2\/media\/9563"}],"wp:attachment":[{"href":"https:\/\/www.grupocatala.com\/it\/wp-json\/wp\/v2\/media?parent=9573"}],"wp:term":[{"taxonomy":"category","embeddable":true,"href":"https:\/\/www.grupocatala.com\/it\/wp-json\/wp\/v2\/categories?post=9573"},{"taxonomy":"post_tag","embeddable":true,"href":"https:\/\/www.grupocatala.com\/it\/wp-json\/wp\/v2\/tags?post=9573"}],"curies":[{"name":"wp","href":"https:\/\/api.w.org\/{rel}","templated":true}]}}