{"id":9534,"date":"2009-03-02T12:00:14","date_gmt":"2009-03-02T11:00:14","guid":{"rendered":"https:\/\/www.grupocatala.com\/?p=9534"},"modified":"2021-02-12T18:59:37","modified_gmt":"2021-02-12T17:59:37","slug":"grupo-catala-fornitore-di-mercadona","status":"publish","type":"post","link":"https:\/\/www.grupocatala.com\/it\/grupo-catala-fornitore-di-mercadona\/","title":{"rendered":"Grupo Catal\u00e0 fornitore di Mercadona"},"content":{"rendered":"<p>In Catalogna sono tredici le aziende che producono i marchi esclusivi della pi\u00f9 grande catena di supermercati spagnola, con investimenti che hanno superato i 65 milioni nel 2008. I fornitori integrati che producono i marchi Hacendado, Bosque Verde e Deliplus hanno investito nell&#8217;ultimo anno pi\u00f9 di 65 milioni di euro espandere i propri centri di produzione in Catalogna.<\/p>\n<p>Nelle ultime settimane Mercadona \u00e8 protagonista di cronaca nel settore della distribuzione. Il ritiro di 800 prodotti dai loro scaffali ha causato forti polemiche, soprattutto tra i principali produttori di marchi sul mercato. Tuttavia, la catena presieduta da Juan Roig garantisce che met\u00e0 delle referenze ritirate corrisponda ai produttori dei marchi propri della catena: Hacendado, Bosque Verde, Deliplus e Compy. Ma chi c&#8217;\u00e8 dietro questi segni?<\/p>\n<p>Mercadona ha un centinaio di produttori che producono praticamente esclusivamente per il gruppo. Sono i cosiddetti fornitori integrati, aziende con cui la filiera instaura un rapporto di lungo periodo e che sono governate da una politica dei libri aperti, in modo che, in ogni momento, entrambe le parti conoscano i propri margini.<\/p>\n<p>Tredici dei cento fornitori integrati di Mercadona provengono dalla capitale catalana o hanno i loro centri di produzione in Catalogna. Da questi stabilimenti, i 1.212 supermercati che la catena ha in Spagna (141 in Catalogna) vengono riforniti di prodotti vari come pizze, gel da bagno, tinture per capelli, carne di pollo e coniglio, salsicce, latte, acqua minerale, pere, carta da cucina, trucchi o sacchetti della spazzatura (vedi riquadro). A queste aziende si devono aggiungere le multinazionali Cantalou (cacao in polvere) e Multy Abrasponge (pagliette), che non producono in Catalogna ma hanno i loro centri di distribuzione a Pallej\u00e0 (Baix Llobregat) e Montmel\u00f3 (Vall\u00e8s Oriental) &#8211; rispettivamente &#8211; i loro centri di distribuzione.<\/p>\n<p><strong>Capitale familiare<\/strong><br \/>\nSecondo i dati provvisori compilati da EXPANSI\u00f3n, i fornitori integrati catalani hanno investito pi\u00f9 di 65 milioni di euro nel 2008 nell&#8217;espansione e nel miglioramento dei loro impianti di produzione. Nel 2007 l&#8217;investimento \u00e8 stato di 190 milioni, soprattutto per i nuovi stabilimenti di Casa Tarradellas a Gurb (Osona) e per la cartiera SCA di Puigpelat (Alt Camp).<\/p>\n<p>Con l&#8217;eccezione di questa multinazionale scandinava e di Sada (di propriet\u00e0 della societ\u00e0 olandese Nutreco), i fornitori integrati catalani di Mercadona sono imprese familiari e una cooperativa. Monter, Maverick e Cunicarn lavorano esclusivamente per Mercadona. Allo stesso modo, la catena di supermercati assorbe il 90% delle vendite di Azalea Cosmetics e il 70% del fatturato di Saplex. Alto anche il grado di dipendenza da Casa Tarradellas, anche se l&#8217;azienda non svela il dato.<\/p>\n<p>&#8220;Abbiamo tutte le nostre uova nello stesso paniere&#8221;, dice Ramon Calbet di Cunicarn. L&#8217;imprenditore non \u00e8 preoccupato per questa situazione perch\u00e9 il sistema Mercadona gli d\u00e0 la tranquillit\u00e0 di sapere che ha sempre tutta la produzione venduta e che verr\u00e0 pagato entro 30 giorni. \u00abConosciamo perfettamente le regole del gioco; \u00e8 un rapporto reciproco di fiducia e trasparenza a lungo termine che ci consente di investire continuamente &#8220;, aggiunge Calbet.<\/p>\n<p>Il capo&#8217;<br \/>\nDaniel Folch, di Saplex, \u00e8 anche &#8220;assolutamente felice&#8221; di essere un fornitore integrato di Mercadona e ammette che &#8220;se loro chiudono, anche noi&#8221;. \u201cMercadona ci offre un percorso verso l&#8217;eccellenza, ce lo chiede e ce lo rende pi\u00f9 facile; Non abbiamo dovuto preoccuparci di nient&#8217;altro che migliorare per cinque anni &#8220;, dice Folch. L&#8217;imprenditore apprezza soprattutto l&#8217;agilit\u00e0 con cui vengono prese le decisioni e il \u201ccontrollo quotidiano\u201d a cui i clienti della catena (il capo, secondo lo slang del gruppo) sottopongono l&#8217;azienda.<\/p>\n<p>Joan Catal\u00e0, direttore del Grupo Catal\u00e0, si esprime sulla stessa linea, sottolineando il fatto che esiste &#8220;un unico interlocutore&#8221; e la possibilit\u00e0 di conoscere in prima persona ci\u00f2 che il consumatore richiede. &#8220;Continueremo a investire per stare al passo con la catena e adattarci ai gusti dei clienti&#8221;, afferma Catal\u00e0.<br \/>\nI contratti che Mercadona firma con i suoi fornitori sono fondamentali, ma in qualsiasi momento entrambe le parti possono infrangerli. Se questo \u00e8 il caso, la catena presieduta garantisce un &#8220;periodo di rilascio&#8221; di tre anni. Tra i gruppi catalani che hanno attraversato questo processo c&#8217;\u00e8 Gallo, che nel 2006 \u00e8 stato sostituito da Siro come produttore di pasta Hacendado.<\/p>\n<p><strong>Catafruit, pere e pesche di Lleida<\/strong><br \/>\nLa famiglia Catal\u00e0 ha investito 40 milioni di euro in cinque anni grazie al fatto che Mercadona \u00e8 il cliente principale. Attraverso Catafruit, il gruppo Lleida Grupo Catal\u00e0 fornisce pere, nettarine, pesche e albicocche ai supermercati della catena, oltre a collaborare con il fornitore integrato di mele e prugne. Nel 2001, Catafruit ha venduto tre milioni di chili a Mercadona, una cifra che \u00e8 stata di 27.000 tonnellate l&#8217;anno scorso. La maggior parte degli investimenti \u00e8 stata destinata a duplicare la superficie delle proprie aziende frutticole, che ora ammontano a 1.300 ettari tra Lleida, Aragona ed Estremadura.<\/p>\n<p>In accordo con l&#8217;accordo a lungo termine con Mercadona, il Grupo Catal\u00e0 ha installato parte delle sue aziende agricole un costoso sistema antigrandine costituito da maglie che coprono gli alberi ma non impediscono la crescita e la maturazione dei frutti. Le aziende agricole sono state inoltre dotate di sistemi di irrigazione a goccia e dispositivi antigelo al fine di garantire i raccolti e garantire l&#8217;approvvigionamento al gruppo di distribuzione. Il Grupo Catal\u00e0 ha anche investito in un impianto di confezionamento e fornitura di frutta per Mercadona a Tenerife, oltre ai centri che l&#8217;azienda aveva gi\u00e0 a La Portella (Segri\u00e0) ea M\u00e9rida.<\/p>\n<p>Nel 2008 il Grupo Catal\u00e0, ora gestito dalla seconda generazione, ha venduto 87.000 tonnellate di frutta e ha realizzato un fatturato di 66 milioni di euro. La met\u00e0 &#8211; 33 milioni &#8211; corrisponde alle vendite con Mercadona e il resto, a clienti esteri (Olanda, Regno Unito e Germania) e alla fornitura all&#8217;industria di trasformazione. &#8220;Essere fornitori integrati ci ha permesso di raggiungere il nostro obiettivo di portare la frutta direttamente dal campo al consumatore finale&#8221;, spiega Joan Catal\u00e0, direttore generale.<\/p>\n","protected":false},"excerpt":{"rendered":"<p>In Catalogna sono tredici le aziende che producono i marchi esclusivi della pi\u00f9 grande catena di supermercati spagnola, con investimenti che hanno superato i 65 milioni nel 2008. I fornitori &#8230; <a title=\"Grupo Catal\u00e0 fornitore di Mercadona\" class=\"read-more\" href=\"https:\/\/www.grupocatala.com\/it\/grupo-catala-fornitore-di-mercadona\/\" aria-label=\"Per saperne di pi\u00f9 su Grupo Catal\u00e0 fornitore di Mercadona\">Leggi tutto<\/a><\/p>\n","protected":false},"author":1,"featured_media":9523,"comment_status":"closed","ping_status":"closed","sticky":false,"template":"","format":"standard","meta":{"_jetpack_memberships_contains_paid_content":false,"footnotes":""},"categories":[27],"tags":[723,679,724,725,627,632,633,622,656,726],"class_list":["post-9534","post","type-post","status-publish","format-standard","has-post-thumbnail","hentry","category-notizia","tag-acquisti","tag-catafruit-it","tag-fatturazione","tag-fornitore-integrato","tag-frutta","tag-grup-catala-it","tag-grupcatala-it","tag-gruppo-catala","tag-lleida-it","tag-mercadona-it"],"yoast_head":"<!-- This site is optimized with the Yoast SEO plugin v27.5 - https:\/\/yoast.com\/product\/yoast-seo-wordpress\/ -->\n<title>Grupo Catal\u00e0 fornitore di Mercadona<\/title>\n<meta name=\"description\" content=\"In Catalogna sono tredici le aziende che producono i marchi esclusivi della pi\u00f9 grande catena di supermercati spagnola, con investimenti che hanno\" \/>\n<meta name=\"robots\" content=\"index, follow, max-snippet:-1, max-image-preview:large, max-video-preview:-1\" \/>\n<link rel=\"canonical\" href=\"https:\/\/www.grupocatala.com\/it\/grupo-catala-fornitore-di-mercadona\/\" \/>\n<meta property=\"og:locale\" content=\"it_IT\" \/>\n<meta property=\"og:type\" content=\"article\" \/>\n<meta property=\"og:title\" content=\"Grupo Catal\u00e0 fornitore di Mercadona\" \/>\n<meta property=\"og:description\" content=\"In Catalogna sono tredici le aziende che producono i marchi esclusivi della pi\u00f9 grande catena di supermercati spagnola, con investimenti che hanno\" \/>\n<meta property=\"og:url\" content=\"https:\/\/www.grupocatala.com\/it\/grupo-catala-fornitore-di-mercadona\/\" \/>\n<meta property=\"og:site_name\" content=\"GRUPO CATAL\u00c0\" \/>\n<meta property=\"article:published_time\" content=\"2009-03-02T11:00:14+00:00\" \/>\n<meta property=\"article:modified_time\" content=\"2021-02-12T17:59:37+00:00\" \/>\n<meta property=\"og:image\" content=\"https:\/\/i0.wp.com\/www.grupocatala.com\/wp-content\/uploads\/2021\/02\/gemma-stpjHJGqZyw-unsplash-scaled.jpg?fit=2560%2C1920&ssl=1\" \/>\n\t<meta property=\"og:image:width\" content=\"2560\" \/>\n\t<meta property=\"og:image:height\" content=\"1920\" \/>\n\t<meta property=\"og:image:type\" content=\"image\/jpeg\" \/>\n<meta name=\"author\" content=\"SuperAdmin\" \/>\n<meta name=\"twitter:card\" content=\"summary_large_image\" \/>\n<meta name=\"twitter:label1\" content=\"Scritto da\" \/>\n\t<meta name=\"twitter:data1\" content=\"SuperAdmin\" \/>\n\t<meta name=\"twitter:label2\" content=\"Tempo di lettura stimato\" \/>\n\t<meta name=\"twitter:data2\" content=\"5 minutes\" \/>\n<script type=\"application\/ld+json\" class=\"yoast-schema-graph\">{\"@context\":\"https:\\\/\\\/schema.org\",\"@graph\":[{\"@type\":\"Article\",\"@id\":\"https:\\\/\\\/www.grupocatala.com\\\/it\\\/grupo-catala-fornitore-di-mercadona\\\/#article\",\"isPartOf\":{\"@id\":\"https:\\\/\\\/www.grupocatala.com\\\/it\\\/grupo-catala-fornitore-di-mercadona\\\/\"},\"author\":{\"name\":\"SuperAdmin\",\"@id\":\"https:\\\/\\\/www.grupocatala.com\\\/it\\\/#\\\/schema\\\/person\\\/dde7bbb2d234021641005d1e2b24bc23\"},\"headline\":\"Grupo Catal\u00e0 fornitore di Mercadona\",\"datePublished\":\"2009-03-02T11:00:14+00:00\",\"dateModified\":\"2021-02-12T17:59:37+00:00\",\"mainEntityOfPage\":{\"@id\":\"https:\\\/\\\/www.grupocatala.com\\\/it\\\/grupo-catala-fornitore-di-mercadona\\\/\"},\"wordCount\":959,\"publisher\":{\"@id\":\"https:\\\/\\\/www.grupocatala.com\\\/it\\\/#organization\"},\"image\":{\"@id\":\"https:\\\/\\\/www.grupocatala.com\\\/it\\\/grupo-catala-fornitore-di-mercadona\\\/#primaryimage\"},\"thumbnailUrl\":\"https:\\\/\\\/i0.wp.com\\\/www.grupocatala.com\\\/wp-content\\\/uploads\\\/2021\\\/02\\\/gemma-stpjHJGqZyw-unsplash-scaled.jpg?fit=2560%2C1920&ssl=1\",\"keywords\":[\"acquisti\",\"Catafruit\",\"fatturazione\",\"fornitore integrato\",\"frutta\",\"grup catala\",\"grupcatala\",\"gruppo catala\",\"lleida\",\"Mercadona\"],\"articleSection\":[\"Notizia\"],\"inLanguage\":\"it-IT\"},{\"@type\":\"WebPage\",\"@id\":\"https:\\\/\\\/www.grupocatala.com\\\/it\\\/grupo-catala-fornitore-di-mercadona\\\/\",\"url\":\"https:\\\/\\\/www.grupocatala.com\\\/it\\\/grupo-catala-fornitore-di-mercadona\\\/\",\"name\":\"Grupo Catal\u00e0 fornitore di Mercadona\",\"isPartOf\":{\"@id\":\"https:\\\/\\\/www.grupocatala.com\\\/it\\\/#website\"},\"primaryImageOfPage\":{\"@id\":\"https:\\\/\\\/www.grupocatala.com\\\/it\\\/grupo-catala-fornitore-di-mercadona\\\/#primaryimage\"},\"image\":{\"@id\":\"https:\\\/\\\/www.grupocatala.com\\\/it\\\/grupo-catala-fornitore-di-mercadona\\\/#primaryimage\"},\"thumbnailUrl\":\"https:\\\/\\\/i0.wp.com\\\/www.grupocatala.com\\\/wp-content\\\/uploads\\\/2021\\\/02\\\/gemma-stpjHJGqZyw-unsplash-scaled.jpg?fit=2560%2C1920&ssl=1\",\"datePublished\":\"2009-03-02T11:00:14+00:00\",\"dateModified\":\"2021-02-12T17:59:37+00:00\",\"description\":\"In Catalogna sono tredici le aziende che producono i marchi esclusivi della pi\u00f9 grande catena di supermercati spagnola, con investimenti che hanno\",\"breadcrumb\":{\"@id\":\"https:\\\/\\\/www.grupocatala.com\\\/it\\\/grupo-catala-fornitore-di-mercadona\\\/#breadcrumb\"},\"inLanguage\":\"it-IT\",\"potentialAction\":[{\"@type\":\"ReadAction\",\"target\":[\"https:\\\/\\\/www.grupocatala.com\\\/it\\\/grupo-catala-fornitore-di-mercadona\\\/\"]}]},{\"@type\":\"ImageObject\",\"inLanguage\":\"it-IT\",\"@id\":\"https:\\\/\\\/www.grupocatala.com\\\/it\\\/grupo-catala-fornitore-di-mercadona\\\/#primaryimage\",\"url\":\"https:\\\/\\\/i0.wp.com\\\/www.grupocatala.com\\\/wp-content\\\/uploads\\\/2021\\\/02\\\/gemma-stpjHJGqZyw-unsplash-scaled.jpg?fit=2560%2C1920&ssl=1\",\"contentUrl\":\"https:\\\/\\\/i0.wp.com\\\/www.grupocatala.com\\\/wp-content\\\/uploads\\\/2021\\\/02\\\/gemma-stpjHJGqZyw-unsplash-scaled.jpg?fit=2560%2C1920&ssl=1\",\"width\":2560,\"height\":1920},{\"@type\":\"BreadcrumbList\",\"@id\":\"https:\\\/\\\/www.grupocatala.com\\\/it\\\/grupo-catala-fornitore-di-mercadona\\\/#breadcrumb\",\"itemListElement\":[{\"@type\":\"ListItem\",\"position\":1,\"name\":\"Portada\",\"item\":\"https:\\\/\\\/www.grupocatala.com\\\/it\\\/\"},{\"@type\":\"ListItem\",\"position\":2,\"name\":\"Grupo Catal\u00e0 fornitore di Mercadona\"}]},{\"@type\":\"WebSite\",\"@id\":\"https:\\\/\\\/www.grupocatala.com\\\/it\\\/#website\",\"url\":\"https:\\\/\\\/www.grupocatala.com\\\/it\\\/\",\"name\":\"GRUPO CATAL\u00c0\",\"description\":\"\",\"publisher\":{\"@id\":\"https:\\\/\\\/www.grupocatala.com\\\/it\\\/#organization\"},\"potentialAction\":[{\"@type\":\"SearchAction\",\"target\":{\"@type\":\"EntryPoint\",\"urlTemplate\":\"https:\\\/\\\/www.grupocatala.com\\\/it\\\/?s={search_term_string}\"},\"query-input\":{\"@type\":\"PropertyValueSpecification\",\"valueRequired\":true,\"valueName\":\"search_term_string\"}}],\"inLanguage\":\"it-IT\"},{\"@type\":\"Organization\",\"@id\":\"https:\\\/\\\/www.grupocatala.com\\\/it\\\/#organization\",\"name\":\"Grupo Catala\",\"url\":\"https:\\\/\\\/www.grupocatala.com\\\/it\\\/\",\"logo\":{\"@type\":\"ImageObject\",\"inLanguage\":\"it-IT\",\"@id\":\"https:\\\/\\\/www.grupocatala.com\\\/it\\\/#\\\/schema\\\/logo\\\/image\\\/\",\"url\":\"https:\\\/\\\/i0.wp.com\\\/www.grupocatala.com\\\/wp-content\\\/uploads\\\/2020\\\/03\\\/cropped-logo_blanc-1.png?fit=250%2C57&ssl=1\",\"contentUrl\":\"https:\\\/\\\/i0.wp.com\\\/www.grupocatala.com\\\/wp-content\\\/uploads\\\/2020\\\/03\\\/cropped-logo_blanc-1.png?fit=250%2C57&ssl=1\",\"width\":250,\"height\":57,\"caption\":\"Grupo Catala\"},\"image\":{\"@id\":\"https:\\\/\\\/www.grupocatala.com\\\/it\\\/#\\\/schema\\\/logo\\\/image\\\/\"},\"sameAs\":[\"https:\\\/\\\/www.instagram.com\\\/grupocatala\"]},{\"@type\":\"Person\",\"@id\":\"https:\\\/\\\/www.grupocatala.com\\\/it\\\/#\\\/schema\\\/person\\\/dde7bbb2d234021641005d1e2b24bc23\",\"name\":\"SuperAdmin\"}]}<\/script>\n<!-- \/ Yoast SEO plugin. -->","yoast_head_json":{"title":"Grupo Catal\u00e0 fornitore di Mercadona","description":"In Catalogna sono tredici le aziende che producono i marchi esclusivi della pi\u00f9 grande catena di supermercati spagnola, con investimenti che hanno","robots":{"index":"index","follow":"follow","max-snippet":"max-snippet:-1","max-image-preview":"max-image-preview:large","max-video-preview":"max-video-preview:-1"},"canonical":"https:\/\/www.grupocatala.com\/it\/grupo-catala-fornitore-di-mercadona\/","og_locale":"it_IT","og_type":"article","og_title":"Grupo Catal\u00e0 fornitore di Mercadona","og_description":"In Catalogna sono tredici le aziende che producono i marchi esclusivi della pi\u00f9 grande catena di supermercati spagnola, con investimenti che hanno","og_url":"https:\/\/www.grupocatala.com\/it\/grupo-catala-fornitore-di-mercadona\/","og_site_name":"GRUPO CATAL\u00c0","article_published_time":"2009-03-02T11:00:14+00:00","article_modified_time":"2021-02-12T17:59:37+00:00","og_image":[{"width":2560,"height":1920,"url":"https:\/\/i0.wp.com\/www.grupocatala.com\/wp-content\/uploads\/2021\/02\/gemma-stpjHJGqZyw-unsplash-scaled.jpg?fit=2560%2C1920&ssl=1","type":"image\/jpeg"}],"author":"SuperAdmin","twitter_card":"summary_large_image","twitter_misc":{"Scritto da":"SuperAdmin","Tempo di lettura stimato":"5 minutes"},"schema":{"@context":"https:\/\/schema.org","@graph":[{"@type":"Article","@id":"https:\/\/www.grupocatala.com\/it\/grupo-catala-fornitore-di-mercadona\/#article","isPartOf":{"@id":"https:\/\/www.grupocatala.com\/it\/grupo-catala-fornitore-di-mercadona\/"},"author":{"name":"SuperAdmin","@id":"https:\/\/www.grupocatala.com\/it\/#\/schema\/person\/dde7bbb2d234021641005d1e2b24bc23"},"headline":"Grupo Catal\u00e0 fornitore di Mercadona","datePublished":"2009-03-02T11:00:14+00:00","dateModified":"2021-02-12T17:59:37+00:00","mainEntityOfPage":{"@id":"https:\/\/www.grupocatala.com\/it\/grupo-catala-fornitore-di-mercadona\/"},"wordCount":959,"publisher":{"@id":"https:\/\/www.grupocatala.com\/it\/#organization"},"image":{"@id":"https:\/\/www.grupocatala.com\/it\/grupo-catala-fornitore-di-mercadona\/#primaryimage"},"thumbnailUrl":"https:\/\/i0.wp.com\/www.grupocatala.com\/wp-content\/uploads\/2021\/02\/gemma-stpjHJGqZyw-unsplash-scaled.jpg?fit=2560%2C1920&ssl=1","keywords":["acquisti","Catafruit","fatturazione","fornitore integrato","frutta","grup catala","grupcatala","gruppo catala","lleida","Mercadona"],"articleSection":["Notizia"],"inLanguage":"it-IT"},{"@type":"WebPage","@id":"https:\/\/www.grupocatala.com\/it\/grupo-catala-fornitore-di-mercadona\/","url":"https:\/\/www.grupocatala.com\/it\/grupo-catala-fornitore-di-mercadona\/","name":"Grupo Catal\u00e0 fornitore di Mercadona","isPartOf":{"@id":"https:\/\/www.grupocatala.com\/it\/#website"},"primaryImageOfPage":{"@id":"https:\/\/www.grupocatala.com\/it\/grupo-catala-fornitore-di-mercadona\/#primaryimage"},"image":{"@id":"https:\/\/www.grupocatala.com\/it\/grupo-catala-fornitore-di-mercadona\/#primaryimage"},"thumbnailUrl":"https:\/\/i0.wp.com\/www.grupocatala.com\/wp-content\/uploads\/2021\/02\/gemma-stpjHJGqZyw-unsplash-scaled.jpg?fit=2560%2C1920&ssl=1","datePublished":"2009-03-02T11:00:14+00:00","dateModified":"2021-02-12T17:59:37+00:00","description":"In Catalogna sono tredici le aziende che producono i marchi esclusivi della pi\u00f9 grande catena di supermercati spagnola, con investimenti che hanno","breadcrumb":{"@id":"https:\/\/www.grupocatala.com\/it\/grupo-catala-fornitore-di-mercadona\/#breadcrumb"},"inLanguage":"it-IT","potentialAction":[{"@type":"ReadAction","target":["https:\/\/www.grupocatala.com\/it\/grupo-catala-fornitore-di-mercadona\/"]}]},{"@type":"ImageObject","inLanguage":"it-IT","@id":"https:\/\/www.grupocatala.com\/it\/grupo-catala-fornitore-di-mercadona\/#primaryimage","url":"https:\/\/i0.wp.com\/www.grupocatala.com\/wp-content\/uploads\/2021\/02\/gemma-stpjHJGqZyw-unsplash-scaled.jpg?fit=2560%2C1920&ssl=1","contentUrl":"https:\/\/i0.wp.com\/www.grupocatala.com\/wp-content\/uploads\/2021\/02\/gemma-stpjHJGqZyw-unsplash-scaled.jpg?fit=2560%2C1920&ssl=1","width":2560,"height":1920},{"@type":"BreadcrumbList","@id":"https:\/\/www.grupocatala.com\/it\/grupo-catala-fornitore-di-mercadona\/#breadcrumb","itemListElement":[{"@type":"ListItem","position":1,"name":"Portada","item":"https:\/\/www.grupocatala.com\/it\/"},{"@type":"ListItem","position":2,"name":"Grupo Catal\u00e0 fornitore di Mercadona"}]},{"@type":"WebSite","@id":"https:\/\/www.grupocatala.com\/it\/#website","url":"https:\/\/www.grupocatala.com\/it\/","name":"GRUPO CATAL\u00c0","description":"","publisher":{"@id":"https:\/\/www.grupocatala.com\/it\/#organization"},"potentialAction":[{"@type":"SearchAction","target":{"@type":"EntryPoint","urlTemplate":"https:\/\/www.grupocatala.com\/it\/?s={search_term_string}"},"query-input":{"@type":"PropertyValueSpecification","valueRequired":true,"valueName":"search_term_string"}}],"inLanguage":"it-IT"},{"@type":"Organization","@id":"https:\/\/www.grupocatala.com\/it\/#organization","name":"Grupo Catala","url":"https:\/\/www.grupocatala.com\/it\/","logo":{"@type":"ImageObject","inLanguage":"it-IT","@id":"https:\/\/www.grupocatala.com\/it\/#\/schema\/logo\/image\/","url":"https:\/\/i0.wp.com\/www.grupocatala.com\/wp-content\/uploads\/2020\/03\/cropped-logo_blanc-1.png?fit=250%2C57&ssl=1","contentUrl":"https:\/\/i0.wp.com\/www.grupocatala.com\/wp-content\/uploads\/2020\/03\/cropped-logo_blanc-1.png?fit=250%2C57&ssl=1","width":250,"height":57,"caption":"Grupo Catala"},"image":{"@id":"https:\/\/www.grupocatala.com\/it\/#\/schema\/logo\/image\/"},"sameAs":["https:\/\/www.instagram.com\/grupocatala"]},{"@type":"Person","@id":"https:\/\/www.grupocatala.com\/it\/#\/schema\/person\/dde7bbb2d234021641005d1e2b24bc23","name":"SuperAdmin"}]}},"jetpack_featured_media_url":"https:\/\/i0.wp.com\/www.grupocatala.com\/wp-content\/uploads\/2021\/02\/gemma-stpjHJGqZyw-unsplash-scaled.jpg?fit=2560%2C1920&ssl=1","jetpack_sharing_enabled":true,"_links":{"self":[{"href":"https:\/\/www.grupocatala.com\/it\/wp-json\/wp\/v2\/posts\/9534","targetHints":{"allow":["GET"]}}],"collection":[{"href":"https:\/\/www.grupocatala.com\/it\/wp-json\/wp\/v2\/posts"}],"about":[{"href":"https:\/\/www.grupocatala.com\/it\/wp-json\/wp\/v2\/types\/post"}],"author":[{"embeddable":true,"href":"https:\/\/www.grupocatala.com\/it\/wp-json\/wp\/v2\/users\/1"}],"replies":[{"embeddable":true,"href":"https:\/\/www.grupocatala.com\/it\/wp-json\/wp\/v2\/comments?post=9534"}],"version-history":[{"count":0,"href":"https:\/\/www.grupocatala.com\/it\/wp-json\/wp\/v2\/posts\/9534\/revisions"}],"wp:featuredmedia":[{"embeddable":true,"href":"https:\/\/www.grupocatala.com\/it\/wp-json\/wp\/v2\/media\/9523"}],"wp:attachment":[{"href":"https:\/\/www.grupocatala.com\/it\/wp-json\/wp\/v2\/media?parent=9534"}],"wp:term":[{"taxonomy":"category","embeddable":true,"href":"https:\/\/www.grupocatala.com\/it\/wp-json\/wp\/v2\/categories?post=9534"},{"taxonomy":"post_tag","embeddable":true,"href":"https:\/\/www.grupocatala.com\/it\/wp-json\/wp\/v2\/tags?post=9534"}],"curies":[{"name":"wp","href":"https:\/\/api.w.org\/{rel}","templated":true}]}}