{"id":9724,"date":"2010-08-01T12:00:00","date_gmt":"2010-08-01T10:00:00","guid":{"rendered":"https:\/\/www.grupocatala.com\/?p=9724"},"modified":"2021-02-12T18:47:26","modified_gmt":"2021-02-12T17:47:26","slug":"sponsor-du-grupo-catala-club-basquet-seca-sant-pere","status":"publish","type":"post","link":"https:\/\/www.grupocatala.com\/fr\/sponsor-du-grupo-catala-club-basquet-seca-sant-pere\/","title":{"rendered":"Sponsor du Grupo Catal\u00e0 Club Basquet Sec\u00e0 Sant Pere"},"content":{"rendered":"<p>Le C.B. Sec\u00e0 Sant-Pere Lleida est le fruit de l&#8217;union de multiples volont\u00e9s, des illusions de la grande majorit\u00e9 des fans de basket. Il y a un sentiment renouvel\u00e9 que nous esp\u00e9rons partager avec un maximum de personnes.<\/p>\n<p>Les personnes positives sont celles qui tombent, se l\u00e8vent, se secouent, gu\u00e9rissent des \u00e9raflures, sourient \u00e0 la vie et disent:<\/p>\n<p>L\u00c0 JE VA ENCORE!<\/p>\n<p>Le pavillon Juanjo Garra, situ\u00e9 au Nou Vial de la route N-230 de Sec\u00e0 de Sant Pere i Bal\u00e0fia, \u00e0 Lleida, a \u00e9t\u00e9 inaugur\u00e9 le 14 d\u00e9cembre 2013 et est la salle de sport municipale du quartier Sec\u00e0 de Sant Pere i de Bal\u00e0fia .<\/p>\n<p>Le nom de notre pavell\u00f3 est le disque que la ville de Lleida a consacr\u00e9 \u00e0 l\u2019expeller \u2022 pr\u00eat\u00e9 muntanyenc Lleidat\u00e0, transf\u00e9r\u00e9 au mois de mai 2013 \u00e0 Dhaulagiri, l\u2019Him\u00e0laia.<\/p>\n<p>Aix\u00ed el seu nom, situ\u00e9 sur la plaque d&#8217;entr\u00e9e du b\u00e2timent, se souvient comment Juanjo Garra a toujours partag\u00e9 \u00e0 la fois les Lleidatans et les Lleidatanes les valeurs et les exp\u00e9riences avec les tournants de chaque exp\u00e9dition. Le seu llegat ens se souvient que le sport est \u00e9ducation et le pavell\u00f3 qui porte le seu nom contribuera dans une large mesure \u00e0 transmettre les valeurs du sport, en particulier pour les plus jeunes: l&#8217;esperit solidari, la constitution et l&#8217;engagement de Juanjo avec les gens de Lleida et de l&#8217;esport.<\/p>\n<p>Les ailerons du pavell\u00f3 Municipal Poliesportiu Ol\u00edmpics de Lleida, du nom du pavell\u00f3 entre 2011 et 2013, seront inaugur\u00e9s en mars 2011 et auront une superficie construite de 4065,16 m2: usine souterraine (2387,36 m2), rez-de-chauss\u00e9e (1084,40 m2) et premier \u00e9tage (593,40 m2).<\/p>\n","protected":false},"excerpt":{"rendered":"<p>Le C.B. Sec\u00e0 Sant-Pere Lleida est le fruit de l&#8217;union de multiples volont\u00e9s, des illusions de la grande majorit\u00e9 des fans de basket. Il y a un sentiment renouvel\u00e9 que &#8230; <a title=\"Sponsor du Grupo Catal\u00e0 Club Basquet Sec\u00e0 Sant Pere\" class=\"read-more\" href=\"https:\/\/www.grupocatala.com\/fr\/sponsor-du-grupo-catala-club-basquet-seca-sant-pere\/\" aria-label=\"En savoir plus sur Sponsor du Grupo Catal\u00e0 Club Basquet Sec\u00e0 Sant Pere\">Lire la suite<\/a><\/p>\n","protected":false},"author":1,"featured_media":9702,"comment_status":"closed","ping_status":"closed","sticky":false,"template":"","format":"standard","meta":{"_jetpack_memberships_contains_paid_content":false,"footnotes":""},"categories":[24],"tags":[499,414,404,393,394,399,502,501,500,434,435],"class_list":["post-9724","post","type-post","status-publish","format-standard","has-post-thumbnail","hentry","category-nouvelles","tag-basket-ball","tag-fruit-fr","tag-groupe-catala","tag-grup-catala-fr","tag-grupcatala-fr","tag-lleida-fr","tag-pere-fr","tag-sant-fr","tag-seca-fr","tag-sponsor-fr","tag-sport-fr"],"yoast_head":"<!-- This site is optimized with the Yoast SEO plugin v27.5 - https:\/\/yoast.com\/product\/yoast-seo-wordpress\/ -->\n<title>Sponsor du Grupo Catal\u00e0 Club Basquet Sec\u00e0 Sant Pere<\/title>\n<meta name=\"description\" content=\"Le C.B. Sec\u00e0 Sant-Pere Lleida est le fruit de l&#039;union de multiples volont\u00e9s, des illusions de la grande majorit\u00e9 des fans de basket. Il y a un sentiment\" \/>\n<meta name=\"robots\" content=\"index, follow, max-snippet:-1, max-image-preview:large, max-video-preview:-1\" \/>\n<link rel=\"canonical\" href=\"https:\/\/www.grupocatala.com\/fr\/sponsor-du-grupo-catala-club-basquet-seca-sant-pere\/\" \/>\n<meta property=\"og:locale\" content=\"fr_FR\" \/>\n<meta property=\"og:type\" content=\"article\" \/>\n<meta property=\"og:title\" content=\"Sponsor du Grupo Catal\u00e0 Club Basquet Sec\u00e0 Sant Pere\" \/>\n<meta property=\"og:description\" content=\"Le C.B. Sec\u00e0 Sant-Pere Lleida est le fruit de l&#039;union de multiples volont\u00e9s, des illusions de la grande majorit\u00e9 des fans de basket. Il y a un sentiment\" \/>\n<meta property=\"og:url\" content=\"https:\/\/www.grupocatala.com\/fr\/sponsor-du-grupo-catala-club-basquet-seca-sant-pere\/\" \/>\n<meta property=\"og:site_name\" content=\"GRUPO CATAL\u00c0\" \/>\n<meta property=\"article:published_time\" content=\"2010-08-01T10:00:00+00:00\" \/>\n<meta property=\"article:modified_time\" content=\"2021-02-12T17:47:26+00:00\" \/>\n<meta property=\"og:image\" content=\"https:\/\/i1.wp.com\/www.grupocatala.com\/wp-content\/uploads\/2021\/02\/4NxkOr3trnqZMRIe.jpg?fit=153%2C180&ssl=1\" \/>\n\t<meta property=\"og:image:width\" content=\"153\" \/>\n\t<meta property=\"og:image:height\" content=\"180\" \/>\n\t<meta property=\"og:image:type\" content=\"image\/jpeg\" \/>\n<meta name=\"author\" content=\"SuperAdmin\" \/>\n<meta name=\"twitter:card\" content=\"summary_large_image\" \/>\n<meta name=\"twitter:label1\" content=\"\u00c9crit par\" \/>\n\t<meta name=\"twitter:data1\" content=\"SuperAdmin\" \/>\n\t<meta name=\"twitter:label2\" content=\"Dur\u00e9e de lecture estim\u00e9e\" \/>\n\t<meta name=\"twitter:data2\" content=\"1 minute\" \/>\n<script type=\"application\/ld+json\" class=\"yoast-schema-graph\">{\"@context\":\"https:\\\/\\\/schema.org\",\"@graph\":[{\"@type\":\"Article\",\"@id\":\"https:\\\/\\\/www.grupocatala.com\\\/fr\\\/sponsor-du-grupo-catala-club-basquet-seca-sant-pere\\\/#article\",\"isPartOf\":{\"@id\":\"https:\\\/\\\/www.grupocatala.com\\\/fr\\\/sponsor-du-grupo-catala-club-basquet-seca-sant-pere\\\/\"},\"author\":{\"name\":\"SuperAdmin\",\"@id\":\"https:\\\/\\\/www.grupocatala.com\\\/fr\\\/#\\\/schema\\\/person\\\/dde7bbb2d234021641005d1e2b24bc23\"},\"headline\":\"Sponsor du Grupo Catal\u00e0 Club Basquet Sec\u00e0 Sant Pere\",\"datePublished\":\"2010-08-01T10:00:00+00:00\",\"dateModified\":\"2021-02-12T17:47:26+00:00\",\"mainEntityOfPage\":{\"@id\":\"https:\\\/\\\/www.grupocatala.com\\\/fr\\\/sponsor-du-grupo-catala-club-basquet-seca-sant-pere\\\/\"},\"wordCount\":285,\"publisher\":{\"@id\":\"https:\\\/\\\/www.grupocatala.com\\\/fr\\\/#organization\"},\"image\":{\"@id\":\"https:\\\/\\\/www.grupocatala.com\\\/fr\\\/sponsor-du-grupo-catala-club-basquet-seca-sant-pere\\\/#primaryimage\"},\"thumbnailUrl\":\"https:\\\/\\\/i0.wp.com\\\/www.grupocatala.com\\\/wp-content\\\/uploads\\\/2021\\\/02\\\/4NxkOr3trnqZMRIe.jpg?fit=153%2C180&ssl=1\",\"keywords\":[\"Basket-ball\",\"fruit\",\"groupe catala\",\"grup catala\",\"grupcatala\",\"lleida\",\"pere\",\"sant\",\"seca\",\"sponsor\",\"sport\"],\"articleSection\":[\"Nouvelles\"],\"inLanguage\":\"fr-FR\"},{\"@type\":\"WebPage\",\"@id\":\"https:\\\/\\\/www.grupocatala.com\\\/fr\\\/sponsor-du-grupo-catala-club-basquet-seca-sant-pere\\\/\",\"url\":\"https:\\\/\\\/www.grupocatala.com\\\/fr\\\/sponsor-du-grupo-catala-club-basquet-seca-sant-pere\\\/\",\"name\":\"Sponsor du Grupo Catal\u00e0 Club Basquet Sec\u00e0 Sant Pere\",\"isPartOf\":{\"@id\":\"https:\\\/\\\/www.grupocatala.com\\\/fr\\\/#website\"},\"primaryImageOfPage\":{\"@id\":\"https:\\\/\\\/www.grupocatala.com\\\/fr\\\/sponsor-du-grupo-catala-club-basquet-seca-sant-pere\\\/#primaryimage\"},\"image\":{\"@id\":\"https:\\\/\\\/www.grupocatala.com\\\/fr\\\/sponsor-du-grupo-catala-club-basquet-seca-sant-pere\\\/#primaryimage\"},\"thumbnailUrl\":\"https:\\\/\\\/i0.wp.com\\\/www.grupocatala.com\\\/wp-content\\\/uploads\\\/2021\\\/02\\\/4NxkOr3trnqZMRIe.jpg?fit=153%2C180&ssl=1\",\"datePublished\":\"2010-08-01T10:00:00+00:00\",\"dateModified\":\"2021-02-12T17:47:26+00:00\",\"description\":\"Le C.B. Sec\u00e0 Sant-Pere Lleida est le fruit de l'union de multiples volont\u00e9s, des illusions de la grande majorit\u00e9 des fans de basket. Il y a un sentiment\",\"breadcrumb\":{\"@id\":\"https:\\\/\\\/www.grupocatala.com\\\/fr\\\/sponsor-du-grupo-catala-club-basquet-seca-sant-pere\\\/#breadcrumb\"},\"inLanguage\":\"fr-FR\",\"potentialAction\":[{\"@type\":\"ReadAction\",\"target\":[\"https:\\\/\\\/www.grupocatala.com\\\/fr\\\/sponsor-du-grupo-catala-club-basquet-seca-sant-pere\\\/\"]}]},{\"@type\":\"ImageObject\",\"inLanguage\":\"fr-FR\",\"@id\":\"https:\\\/\\\/www.grupocatala.com\\\/fr\\\/sponsor-du-grupo-catala-club-basquet-seca-sant-pere\\\/#primaryimage\",\"url\":\"https:\\\/\\\/i0.wp.com\\\/www.grupocatala.com\\\/wp-content\\\/uploads\\\/2021\\\/02\\\/4NxkOr3trnqZMRIe.jpg?fit=153%2C180&ssl=1\",\"contentUrl\":\"https:\\\/\\\/i0.wp.com\\\/www.grupocatala.com\\\/wp-content\\\/uploads\\\/2021\\\/02\\\/4NxkOr3trnqZMRIe.jpg?fit=153%2C180&ssl=1\",\"width\":153,\"height\":180},{\"@type\":\"BreadcrumbList\",\"@id\":\"https:\\\/\\\/www.grupocatala.com\\\/fr\\\/sponsor-du-grupo-catala-club-basquet-seca-sant-pere\\\/#breadcrumb\",\"itemListElement\":[{\"@type\":\"ListItem\",\"position\":1,\"name\":\"Portada\",\"item\":\"https:\\\/\\\/www.grupocatala.com\\\/fr\\\/\"},{\"@type\":\"ListItem\",\"position\":2,\"name\":\"Sponsor du Grupo Catal\u00e0 Club Basquet Sec\u00e0 Sant Pere\"}]},{\"@type\":\"WebSite\",\"@id\":\"https:\\\/\\\/www.grupocatala.com\\\/fr\\\/#website\",\"url\":\"https:\\\/\\\/www.grupocatala.com\\\/fr\\\/\",\"name\":\"GRUPO CATAL\u00c0\",\"description\":\"\",\"publisher\":{\"@id\":\"https:\\\/\\\/www.grupocatala.com\\\/fr\\\/#organization\"},\"potentialAction\":[{\"@type\":\"SearchAction\",\"target\":{\"@type\":\"EntryPoint\",\"urlTemplate\":\"https:\\\/\\\/www.grupocatala.com\\\/fr\\\/?s={search_term_string}\"},\"query-input\":{\"@type\":\"PropertyValueSpecification\",\"valueRequired\":true,\"valueName\":\"search_term_string\"}}],\"inLanguage\":\"fr-FR\"},{\"@type\":\"Organization\",\"@id\":\"https:\\\/\\\/www.grupocatala.com\\\/fr\\\/#organization\",\"name\":\"Grupo Catala\",\"url\":\"https:\\\/\\\/www.grupocatala.com\\\/fr\\\/\",\"logo\":{\"@type\":\"ImageObject\",\"inLanguage\":\"fr-FR\",\"@id\":\"https:\\\/\\\/www.grupocatala.com\\\/fr\\\/#\\\/schema\\\/logo\\\/image\\\/\",\"url\":\"https:\\\/\\\/i0.wp.com\\\/www.grupocatala.com\\\/wp-content\\\/uploads\\\/2020\\\/03\\\/cropped-logo_blanc-1.png?fit=250%2C57&ssl=1\",\"contentUrl\":\"https:\\\/\\\/i0.wp.com\\\/www.grupocatala.com\\\/wp-content\\\/uploads\\\/2020\\\/03\\\/cropped-logo_blanc-1.png?fit=250%2C57&ssl=1\",\"width\":250,\"height\":57,\"caption\":\"Grupo Catala\"},\"image\":{\"@id\":\"https:\\\/\\\/www.grupocatala.com\\\/fr\\\/#\\\/schema\\\/logo\\\/image\\\/\"},\"sameAs\":[\"https:\\\/\\\/www.instagram.com\\\/grupocatala\"]},{\"@type\":\"Person\",\"@id\":\"https:\\\/\\\/www.grupocatala.com\\\/fr\\\/#\\\/schema\\\/person\\\/dde7bbb2d234021641005d1e2b24bc23\",\"name\":\"SuperAdmin\"}]}<\/script>\n<!-- \/ Yoast SEO plugin. -->","yoast_head_json":{"title":"Sponsor du Grupo Catal\u00e0 Club Basquet Sec\u00e0 Sant Pere","description":"Le C.B. Sec\u00e0 Sant-Pere Lleida est le fruit de l'union de multiples volont\u00e9s, des illusions de la grande majorit\u00e9 des fans de basket. Il y a un sentiment","robots":{"index":"index","follow":"follow","max-snippet":"max-snippet:-1","max-image-preview":"max-image-preview:large","max-video-preview":"max-video-preview:-1"},"canonical":"https:\/\/www.grupocatala.com\/fr\/sponsor-du-grupo-catala-club-basquet-seca-sant-pere\/","og_locale":"fr_FR","og_type":"article","og_title":"Sponsor du Grupo Catal\u00e0 Club Basquet Sec\u00e0 Sant Pere","og_description":"Le C.B. Sec\u00e0 Sant-Pere Lleida est le fruit de l'union de multiples volont\u00e9s, des illusions de la grande majorit\u00e9 des fans de basket. Il y a un sentiment","og_url":"https:\/\/www.grupocatala.com\/fr\/sponsor-du-grupo-catala-club-basquet-seca-sant-pere\/","og_site_name":"GRUPO CATAL\u00c0","article_published_time":"2010-08-01T10:00:00+00:00","article_modified_time":"2021-02-12T17:47:26+00:00","og_image":[{"width":153,"height":180,"url":"https:\/\/i1.wp.com\/www.grupocatala.com\/wp-content\/uploads\/2021\/02\/4NxkOr3trnqZMRIe.jpg?fit=153%2C180&ssl=1","type":"image\/jpeg"}],"author":"SuperAdmin","twitter_card":"summary_large_image","twitter_misc":{"\u00c9crit par":"SuperAdmin","Dur\u00e9e de lecture estim\u00e9e":"1 minute"},"schema":{"@context":"https:\/\/schema.org","@graph":[{"@type":"Article","@id":"https:\/\/www.grupocatala.com\/fr\/sponsor-du-grupo-catala-club-basquet-seca-sant-pere\/#article","isPartOf":{"@id":"https:\/\/www.grupocatala.com\/fr\/sponsor-du-grupo-catala-club-basquet-seca-sant-pere\/"},"author":{"name":"SuperAdmin","@id":"https:\/\/www.grupocatala.com\/fr\/#\/schema\/person\/dde7bbb2d234021641005d1e2b24bc23"},"headline":"Sponsor du Grupo Catal\u00e0 Club Basquet Sec\u00e0 Sant Pere","datePublished":"2010-08-01T10:00:00+00:00","dateModified":"2021-02-12T17:47:26+00:00","mainEntityOfPage":{"@id":"https:\/\/www.grupocatala.com\/fr\/sponsor-du-grupo-catala-club-basquet-seca-sant-pere\/"},"wordCount":285,"publisher":{"@id":"https:\/\/www.grupocatala.com\/fr\/#organization"},"image":{"@id":"https:\/\/www.grupocatala.com\/fr\/sponsor-du-grupo-catala-club-basquet-seca-sant-pere\/#primaryimage"},"thumbnailUrl":"https:\/\/i0.wp.com\/www.grupocatala.com\/wp-content\/uploads\/2021\/02\/4NxkOr3trnqZMRIe.jpg?fit=153%2C180&ssl=1","keywords":["Basket-ball","fruit","groupe catala","grup catala","grupcatala","lleida","pere","sant","seca","sponsor","sport"],"articleSection":["Nouvelles"],"inLanguage":"fr-FR"},{"@type":"WebPage","@id":"https:\/\/www.grupocatala.com\/fr\/sponsor-du-grupo-catala-club-basquet-seca-sant-pere\/","url":"https:\/\/www.grupocatala.com\/fr\/sponsor-du-grupo-catala-club-basquet-seca-sant-pere\/","name":"Sponsor du Grupo Catal\u00e0 Club Basquet Sec\u00e0 Sant Pere","isPartOf":{"@id":"https:\/\/www.grupocatala.com\/fr\/#website"},"primaryImageOfPage":{"@id":"https:\/\/www.grupocatala.com\/fr\/sponsor-du-grupo-catala-club-basquet-seca-sant-pere\/#primaryimage"},"image":{"@id":"https:\/\/www.grupocatala.com\/fr\/sponsor-du-grupo-catala-club-basquet-seca-sant-pere\/#primaryimage"},"thumbnailUrl":"https:\/\/i0.wp.com\/www.grupocatala.com\/wp-content\/uploads\/2021\/02\/4NxkOr3trnqZMRIe.jpg?fit=153%2C180&ssl=1","datePublished":"2010-08-01T10:00:00+00:00","dateModified":"2021-02-12T17:47:26+00:00","description":"Le C.B. Sec\u00e0 Sant-Pere Lleida est le fruit de l'union de multiples volont\u00e9s, des illusions de la grande majorit\u00e9 des fans de basket. Il y a un sentiment","breadcrumb":{"@id":"https:\/\/www.grupocatala.com\/fr\/sponsor-du-grupo-catala-club-basquet-seca-sant-pere\/#breadcrumb"},"inLanguage":"fr-FR","potentialAction":[{"@type":"ReadAction","target":["https:\/\/www.grupocatala.com\/fr\/sponsor-du-grupo-catala-club-basquet-seca-sant-pere\/"]}]},{"@type":"ImageObject","inLanguage":"fr-FR","@id":"https:\/\/www.grupocatala.com\/fr\/sponsor-du-grupo-catala-club-basquet-seca-sant-pere\/#primaryimage","url":"https:\/\/i0.wp.com\/www.grupocatala.com\/wp-content\/uploads\/2021\/02\/4NxkOr3trnqZMRIe.jpg?fit=153%2C180&ssl=1","contentUrl":"https:\/\/i0.wp.com\/www.grupocatala.com\/wp-content\/uploads\/2021\/02\/4NxkOr3trnqZMRIe.jpg?fit=153%2C180&ssl=1","width":153,"height":180},{"@type":"BreadcrumbList","@id":"https:\/\/www.grupocatala.com\/fr\/sponsor-du-grupo-catala-club-basquet-seca-sant-pere\/#breadcrumb","itemListElement":[{"@type":"ListItem","position":1,"name":"Portada","item":"https:\/\/www.grupocatala.com\/fr\/"},{"@type":"ListItem","position":2,"name":"Sponsor du Grupo Catal\u00e0 Club Basquet Sec\u00e0 Sant Pere"}]},{"@type":"WebSite","@id":"https:\/\/www.grupocatala.com\/fr\/#website","url":"https:\/\/www.grupocatala.com\/fr\/","name":"GRUPO CATAL\u00c0","description":"","publisher":{"@id":"https:\/\/www.grupocatala.com\/fr\/#organization"},"potentialAction":[{"@type":"SearchAction","target":{"@type":"EntryPoint","urlTemplate":"https:\/\/www.grupocatala.com\/fr\/?s={search_term_string}"},"query-input":{"@type":"PropertyValueSpecification","valueRequired":true,"valueName":"search_term_string"}}],"inLanguage":"fr-FR"},{"@type":"Organization","@id":"https:\/\/www.grupocatala.com\/fr\/#organization","name":"Grupo Catala","url":"https:\/\/www.grupocatala.com\/fr\/","logo":{"@type":"ImageObject","inLanguage":"fr-FR","@id":"https:\/\/www.grupocatala.com\/fr\/#\/schema\/logo\/image\/","url":"https:\/\/i0.wp.com\/www.grupocatala.com\/wp-content\/uploads\/2020\/03\/cropped-logo_blanc-1.png?fit=250%2C57&ssl=1","contentUrl":"https:\/\/i0.wp.com\/www.grupocatala.com\/wp-content\/uploads\/2020\/03\/cropped-logo_blanc-1.png?fit=250%2C57&ssl=1","width":250,"height":57,"caption":"Grupo Catala"},"image":{"@id":"https:\/\/www.grupocatala.com\/fr\/#\/schema\/logo\/image\/"},"sameAs":["https:\/\/www.instagram.com\/grupocatala"]},{"@type":"Person","@id":"https:\/\/www.grupocatala.com\/fr\/#\/schema\/person\/dde7bbb2d234021641005d1e2b24bc23","name":"SuperAdmin"}]}},"jetpack_featured_media_url":"https:\/\/i0.wp.com\/www.grupocatala.com\/wp-content\/uploads\/2021\/02\/4NxkOr3trnqZMRIe.jpg?fit=153%2C180&ssl=1","jetpack_sharing_enabled":true,"_links":{"self":[{"href":"https:\/\/www.grupocatala.com\/fr\/wp-json\/wp\/v2\/posts\/9724","targetHints":{"allow":["GET"]}}],"collection":[{"href":"https:\/\/www.grupocatala.com\/fr\/wp-json\/wp\/v2\/posts"}],"about":[{"href":"https:\/\/www.grupocatala.com\/fr\/wp-json\/wp\/v2\/types\/post"}],"author":[{"embeddable":true,"href":"https:\/\/www.grupocatala.com\/fr\/wp-json\/wp\/v2\/users\/1"}],"replies":[{"embeddable":true,"href":"https:\/\/www.grupocatala.com\/fr\/wp-json\/wp\/v2\/comments?post=9724"}],"version-history":[{"count":0,"href":"https:\/\/www.grupocatala.com\/fr\/wp-json\/wp\/v2\/posts\/9724\/revisions"}],"wp:featuredmedia":[{"embeddable":true,"href":"https:\/\/www.grupocatala.com\/fr\/wp-json\/wp\/v2\/media\/9702"}],"wp:attachment":[{"href":"https:\/\/www.grupocatala.com\/fr\/wp-json\/wp\/v2\/media?parent=9724"}],"wp:term":[{"taxonomy":"category","embeddable":true,"href":"https:\/\/www.grupocatala.com\/fr\/wp-json\/wp\/v2\/categories?post=9724"},{"taxonomy":"post_tag","embeddable":true,"href":"https:\/\/www.grupocatala.com\/fr\/wp-json\/wp\/v2\/tags?post=9724"}],"curies":[{"name":"wp","href":"https:\/\/api.w.org\/{rel}","templated":true}]}}