{"id":9959,"date":"2011-11-02T12:00:04","date_gmt":"2011-11-02T11:00:04","guid":{"rendered":"https:\/\/www.grupocatala.com\/?p=9959"},"modified":"2021-04-22T12:49:49","modified_gmt":"2021-04-22T10:49:49","slug":"grupo-catala-buys-the-assets-of-the-company-jm-los-frutales","status":"publish","type":"post","link":"https:\/\/www.grupocatala.com\/en\/grupo-catala-buys-the-assets-of-the-company-jm-los-frutales\/","title":{"rendered":"Grupo Catal\u00e0 buys the assets of the company JM Los Frutales"},"content":{"rendered":"<p>The La Portella company thus incorporates a new plant and 600 hectares of fruit trees, in addition, it already had farms in Aragon and Extremadura<\/p>\n<p>The Catal\u00e0 Group, from La Portella, has bought the assets of the fruit farm JM Los Frutales, located in Villena. With this, the Lleida company continues with its expansion and <strong>strengthens itself as one of the main fruit groups in the State.<\/strong> The Lleida company thus incorporates 600 hectares of apple, pear, plum, cherry, quince and peach trees, with computerized irrigation systems, from the Alicante company. In addition, it acquires the 7,400m2 fruit plant, equipped with fruit sorting machines and cold rooms.<\/p>\n<p>JM Los Frutales belongs to a family business group that was born in the footwear sector and that in 1972 entered the fruit industry. For its part, <strong>Grupo Catal\u00e0 was born more than half a century ago<\/strong> and produces and markets sweet fruit under three own brands. It has manufacturing centers in Lleida, M\u00e9rida and Tenerife, where both its own production and that acquired from third parties arrive.<\/p>\n<p>According to the public data of the company, only in the province of Lleida it has farms with 310 hectares of fruit trees in Albesa, Torrelameu, Castell\u00f3 de Farfanya, Gerb, \u00d2s de Balaguer and Ser\u00f3s. In Aragon it also has another 85 hectares, while four more from Extremadura add up to 623. That is, its farms until the acquisition totaled more than a thousand hectares, and <strong>now they will exceed 1,600 hectares.<\/strong><\/p>\n<h2><strong>Investments<\/strong><\/h2>\n<p>The Lleida company maintains an important investment policy. <strong>In the last year it allocated 5.2 million euros<\/strong> distributed among its interests in Lleida, Fraga and Don Benito (Badajoz) to expand and improve its production, as well as renew machinery and packaging. Specifically, it allocated 2.5 million euros to Lleida to plant a farm as well as the installation of anti-hail nets, a system that represents an average cost of \u20ac 15,000 per hectare but is increasingly gaining ground in the Lleida sector. In Fraga, Grupo Catal\u00e0 invested another 900,000 \u20ac, with the aim of the varietal reconversion of its fruit trees and adapting them to the taste of consumers.<\/p>\n<p>For this year 2011, the group had planned an investment of <strong>8 million euros<\/strong> in the improvement of facilities and the launch of a project to increase the profitability of some varieties of sweet fruit.<\/p>\n<p>Grupo Catal\u00e0, also known for its Catafruit brand, is one of the two integrated suppliers of the Mercadona distribution chain from Lleida and its investments represent a commitment to adapting to consumer demands and improving its efficiency. Mercadona acquired a total of 57 million kilos of fruit from Catafruit last year, which it marketed in its 1,310 establishments distributed throughout the Spanish geography.<\/p>\n","protected":false},"excerpt":{"rendered":"<p>The La Portella company thus incorporates a new plant and 600 hectares of fruit trees, in addition, it already had farms in Aragon and Extremadura The Catal\u00e0 Group, from La &#8230; <a title=\"Grupo Catal\u00e0 buys the assets of the company JM Los Frutales\" class=\"read-more\" href=\"https:\/\/www.grupocatala.com\/en\/grupo-catala-buys-the-assets-of-the-company-jm-los-frutales\/\" aria-label=\"Read more about Grupo Catal\u00e0 buys the assets of the company JM Los Frutales\">Read more<\/a><\/p>\n","protected":false},"author":1,"featured_media":9952,"comment_status":"closed","ping_status":"closed","sticky":false,"template":"","format":"standard","meta":{"_jetpack_memberships_contains_paid_content":false,"footnotes":""},"categories":[23],"tags":[814,827,325,828,826,829,830,283,276,815,831,832,833,334,834,280,835,819,820,821,836,285,837,825,823,838,824,816,817,822,839,818,840],"class_list":["post-9959","post","type-post","status-publish","format-standard","has-post-thumbnail","hentry","category-news","tag-acquires","tag-albesa-en","tag-apple-trees","tag-aragon-en","tag-assets","tag-badajoz-en","tag-castello-de-farfanya-en","tag-catafruit-en","tag-catala-group","tag-cherry-trees","tag-don-benito-en","tag-euros-en","tag-expansion-en","tag-extremadura-en","tag-fraga-en","tag-fruit","tag-gerb-en","tag-group","tag-hectares","tag-investments","tag-jm-en","tag-lleida-en","tag-los-frutales-en","tag-main","tag-millions","tag-os-de-balaguer-en","tag-pear-trees","tag-plums","tag-purchase","tag-quinces-and-peach-trees","tag-seros-en","tag-state","tag-torrelameu-en"],"yoast_head":"<!-- This site is optimized with the Yoast SEO plugin v27.5 - https:\/\/yoast.com\/product\/yoast-seo-wordpress\/ -->\n<title>Grupo Catal\u00e0 buys the assets of the company JM Los Frutales<\/title>\n<meta name=\"description\" content=\"The La Portella company thus incorporates a new plant and 600 hectares of fruit trees, in addition, it already had farms in Aragon and Extremadura The\" \/>\n<meta name=\"robots\" content=\"index, follow, max-snippet:-1, max-image-preview:large, max-video-preview:-1\" \/>\n<link rel=\"canonical\" href=\"https:\/\/www.grupocatala.com\/en\/grupo-catala-buys-the-assets-of-the-company-jm-los-frutales\/\" \/>\n<meta property=\"og:locale\" content=\"en_US\" \/>\n<meta property=\"og:type\" content=\"article\" \/>\n<meta property=\"og:title\" content=\"Grupo Catal\u00e0 buys the assets of the company JM Los Frutales\" \/>\n<meta property=\"og:description\" content=\"The La Portella company thus incorporates a new plant and 600 hectares of fruit trees, in addition, it already had farms in Aragon and Extremadura The\" \/>\n<meta property=\"og:url\" content=\"https:\/\/www.grupocatala.com\/en\/grupo-catala-buys-the-assets-of-the-company-jm-los-frutales\/\" \/>\n<meta property=\"og:site_name\" content=\"GRUPO CATAL\u00c0\" \/>\n<meta property=\"article:published_time\" content=\"2011-11-02T11:00:04+00:00\" \/>\n<meta property=\"article:modified_time\" content=\"2021-04-22T10:49:49+00:00\" \/>\n<meta property=\"og:image\" content=\"https:\/\/i2.wp.com\/www.grupocatala.com\/wp-content\/uploads\/2021\/02\/DJI_0026-e1619088584586.jpg?fit=650%2C366&ssl=1\" \/>\n\t<meta property=\"og:image:width\" content=\"650\" \/>\n\t<meta property=\"og:image:height\" content=\"366\" \/>\n\t<meta property=\"og:image:type\" content=\"image\/jpeg\" \/>\n<meta name=\"author\" content=\"SuperAdmin\" \/>\n<meta name=\"twitter:card\" content=\"summary_large_image\" \/>\n<meta name=\"twitter:label1\" content=\"Written by\" \/>\n\t<meta name=\"twitter:data1\" content=\"SuperAdmin\" \/>\n\t<meta name=\"twitter:label2\" content=\"Est. reading time\" \/>\n\t<meta name=\"twitter:data2\" content=\"2 minutes\" \/>\n<script type=\"application\/ld+json\" class=\"yoast-schema-graph\">{\"@context\":\"https:\\\/\\\/schema.org\",\"@graph\":[{\"@type\":\"Article\",\"@id\":\"https:\\\/\\\/www.grupocatala.com\\\/en\\\/grupo-catala-buys-the-assets-of-the-company-jm-los-frutales\\\/#article\",\"isPartOf\":{\"@id\":\"https:\\\/\\\/www.grupocatala.com\\\/en\\\/grupo-catala-buys-the-assets-of-the-company-jm-los-frutales\\\/\"},\"author\":{\"name\":\"SuperAdmin\",\"@id\":\"https:\\\/\\\/www.grupocatala.com\\\/en\\\/#\\\/schema\\\/person\\\/dde7bbb2d234021641005d1e2b24bc23\"},\"headline\":\"Grupo Catal\u00e0 buys the assets of the company JM Los Frutales\",\"datePublished\":\"2011-11-02T11:00:04+00:00\",\"dateModified\":\"2021-04-22T10:49:49+00:00\",\"mainEntityOfPage\":{\"@id\":\"https:\\\/\\\/www.grupocatala.com\\\/en\\\/grupo-catala-buys-the-assets-of-the-company-jm-los-frutales\\\/\"},\"wordCount\":451,\"publisher\":{\"@id\":\"https:\\\/\\\/www.grupocatala.com\\\/en\\\/#organization\"},\"image\":{\"@id\":\"https:\\\/\\\/www.grupocatala.com\\\/en\\\/grupo-catala-buys-the-assets-of-the-company-jm-los-frutales\\\/#primaryimage\"},\"thumbnailUrl\":\"https:\\\/\\\/i0.wp.com\\\/www.grupocatala.com\\\/wp-content\\\/uploads\\\/2021\\\/02\\\/DJI_0026-e1619088584586.jpg?fit=650%2C366&ssl=1\",\"keywords\":[\"acquires\",\"Albesa\",\"apple trees\",\"Arag\u00f3n\",\"assets\",\"Badajoz\",\"Castell\u00f3 de Farfanya\",\"Catafruit\",\"catala group\",\"cherry trees\",\"Don Benito\",\"euros\",\"expansi\u00f3n\",\"extremadura\",\"Fraga\",\"fruit\",\"Gerb\",\"group\",\"hectares\",\"investments\",\"JM\",\"lleida\",\"Los Frutales\",\"main\",\"millions\",\"\u00d2s de Balaguer\",\"pear trees\",\"plums\",\"purchase\",\"quinces and peach trees\",\"Ser\u00f3s\",\"state\",\"Torrelameu\"],\"articleSection\":[\"News\"],\"inLanguage\":\"en-US\"},{\"@type\":\"WebPage\",\"@id\":\"https:\\\/\\\/www.grupocatala.com\\\/en\\\/grupo-catala-buys-the-assets-of-the-company-jm-los-frutales\\\/\",\"url\":\"https:\\\/\\\/www.grupocatala.com\\\/en\\\/grupo-catala-buys-the-assets-of-the-company-jm-los-frutales\\\/\",\"name\":\"Grupo Catal\u00e0 buys the assets of the company JM Los Frutales\",\"isPartOf\":{\"@id\":\"https:\\\/\\\/www.grupocatala.com\\\/en\\\/#website\"},\"primaryImageOfPage\":{\"@id\":\"https:\\\/\\\/www.grupocatala.com\\\/en\\\/grupo-catala-buys-the-assets-of-the-company-jm-los-frutales\\\/#primaryimage\"},\"image\":{\"@id\":\"https:\\\/\\\/www.grupocatala.com\\\/en\\\/grupo-catala-buys-the-assets-of-the-company-jm-los-frutales\\\/#primaryimage\"},\"thumbnailUrl\":\"https:\\\/\\\/i0.wp.com\\\/www.grupocatala.com\\\/wp-content\\\/uploads\\\/2021\\\/02\\\/DJI_0026-e1619088584586.jpg?fit=650%2C366&ssl=1\",\"datePublished\":\"2011-11-02T11:00:04+00:00\",\"dateModified\":\"2021-04-22T10:49:49+00:00\",\"description\":\"The La Portella company thus incorporates a new plant and 600 hectares of fruit trees, in addition, it already had farms in Aragon and Extremadura The\",\"breadcrumb\":{\"@id\":\"https:\\\/\\\/www.grupocatala.com\\\/en\\\/grupo-catala-buys-the-assets-of-the-company-jm-los-frutales\\\/#breadcrumb\"},\"inLanguage\":\"en-US\",\"potentialAction\":[{\"@type\":\"ReadAction\",\"target\":[\"https:\\\/\\\/www.grupocatala.com\\\/en\\\/grupo-catala-buys-the-assets-of-the-company-jm-los-frutales\\\/\"]}]},{\"@type\":\"ImageObject\",\"inLanguage\":\"en-US\",\"@id\":\"https:\\\/\\\/www.grupocatala.com\\\/en\\\/grupo-catala-buys-the-assets-of-the-company-jm-los-frutales\\\/#primaryimage\",\"url\":\"https:\\\/\\\/i0.wp.com\\\/www.grupocatala.com\\\/wp-content\\\/uploads\\\/2021\\\/02\\\/DJI_0026-e1619088584586.jpg?fit=650%2C366&ssl=1\",\"contentUrl\":\"https:\\\/\\\/i0.wp.com\\\/www.grupocatala.com\\\/wp-content\\\/uploads\\\/2021\\\/02\\\/DJI_0026-e1619088584586.jpg?fit=650%2C366&ssl=1\",\"width\":650,\"height\":366,\"caption\":\"DCIM100MEDIADJI_0026.JPG\"},{\"@type\":\"BreadcrumbList\",\"@id\":\"https:\\\/\\\/www.grupocatala.com\\\/en\\\/grupo-catala-buys-the-assets-of-the-company-jm-los-frutales\\\/#breadcrumb\",\"itemListElement\":[{\"@type\":\"ListItem\",\"position\":1,\"name\":\"Portada\",\"item\":\"https:\\\/\\\/www.grupocatala.com\\\/en\\\/\"},{\"@type\":\"ListItem\",\"position\":2,\"name\":\"Grupo Catal\u00e0 buys the assets of the company JM Los Frutales\"}]},{\"@type\":\"WebSite\",\"@id\":\"https:\\\/\\\/www.grupocatala.com\\\/en\\\/#website\",\"url\":\"https:\\\/\\\/www.grupocatala.com\\\/en\\\/\",\"name\":\"GRUPO CATAL\u00c0\",\"description\":\"Growing Quality\",\"publisher\":{\"@id\":\"https:\\\/\\\/www.grupocatala.com\\\/en\\\/#organization\"},\"potentialAction\":[{\"@type\":\"SearchAction\",\"target\":{\"@type\":\"EntryPoint\",\"urlTemplate\":\"https:\\\/\\\/www.grupocatala.com\\\/en\\\/?s={search_term_string}\"},\"query-input\":{\"@type\":\"PropertyValueSpecification\",\"valueRequired\":true,\"valueName\":\"search_term_string\"}}],\"inLanguage\":\"en-US\"},{\"@type\":\"Organization\",\"@id\":\"https:\\\/\\\/www.grupocatala.com\\\/en\\\/#organization\",\"name\":\"Grupo Catala\",\"url\":\"https:\\\/\\\/www.grupocatala.com\\\/en\\\/\",\"logo\":{\"@type\":\"ImageObject\",\"inLanguage\":\"en-US\",\"@id\":\"https:\\\/\\\/www.grupocatala.com\\\/en\\\/#\\\/schema\\\/logo\\\/image\\\/\",\"url\":\"https:\\\/\\\/i0.wp.com\\\/www.grupocatala.com\\\/wp-content\\\/uploads\\\/2020\\\/03\\\/cropped-logo_blanc-1.png?fit=250%2C57&ssl=1\",\"contentUrl\":\"https:\\\/\\\/i0.wp.com\\\/www.grupocatala.com\\\/wp-content\\\/uploads\\\/2020\\\/03\\\/cropped-logo_blanc-1.png?fit=250%2C57&ssl=1\",\"width\":250,\"height\":57,\"caption\":\"Grupo Catala\"},\"image\":{\"@id\":\"https:\\\/\\\/www.grupocatala.com\\\/en\\\/#\\\/schema\\\/logo\\\/image\\\/\"},\"sameAs\":[\"https:\\\/\\\/www.instagram.com\\\/grupocatala\"]},{\"@type\":\"Person\",\"@id\":\"https:\\\/\\\/www.grupocatala.com\\\/en\\\/#\\\/schema\\\/person\\\/dde7bbb2d234021641005d1e2b24bc23\",\"name\":\"SuperAdmin\"}]}<\/script>\n<!-- \/ Yoast SEO plugin. -->","yoast_head_json":{"title":"Grupo Catal\u00e0 buys the assets of the company JM Los Frutales","description":"The La Portella company thus incorporates a new plant and 600 hectares of fruit trees, in addition, it already had farms in Aragon and Extremadura The","robots":{"index":"index","follow":"follow","max-snippet":"max-snippet:-1","max-image-preview":"max-image-preview:large","max-video-preview":"max-video-preview:-1"},"canonical":"https:\/\/www.grupocatala.com\/en\/grupo-catala-buys-the-assets-of-the-company-jm-los-frutales\/","og_locale":"en_US","og_type":"article","og_title":"Grupo Catal\u00e0 buys the assets of the company JM Los Frutales","og_description":"The La Portella company thus incorporates a new plant and 600 hectares of fruit trees, in addition, it already had farms in Aragon and Extremadura The","og_url":"https:\/\/www.grupocatala.com\/en\/grupo-catala-buys-the-assets-of-the-company-jm-los-frutales\/","og_site_name":"GRUPO CATAL\u00c0","article_published_time":"2011-11-02T11:00:04+00:00","article_modified_time":"2021-04-22T10:49:49+00:00","og_image":[{"width":650,"height":366,"url":"https:\/\/i2.wp.com\/www.grupocatala.com\/wp-content\/uploads\/2021\/02\/DJI_0026-e1619088584586.jpg?fit=650%2C366&ssl=1","type":"image\/jpeg"}],"author":"SuperAdmin","twitter_card":"summary_large_image","twitter_misc":{"Written by":"SuperAdmin","Est. reading time":"2 minutes"},"schema":{"@context":"https:\/\/schema.org","@graph":[{"@type":"Article","@id":"https:\/\/www.grupocatala.com\/en\/grupo-catala-buys-the-assets-of-the-company-jm-los-frutales\/#article","isPartOf":{"@id":"https:\/\/www.grupocatala.com\/en\/grupo-catala-buys-the-assets-of-the-company-jm-los-frutales\/"},"author":{"name":"SuperAdmin","@id":"https:\/\/www.grupocatala.com\/en\/#\/schema\/person\/dde7bbb2d234021641005d1e2b24bc23"},"headline":"Grupo Catal\u00e0 buys the assets of the company JM Los Frutales","datePublished":"2011-11-02T11:00:04+00:00","dateModified":"2021-04-22T10:49:49+00:00","mainEntityOfPage":{"@id":"https:\/\/www.grupocatala.com\/en\/grupo-catala-buys-the-assets-of-the-company-jm-los-frutales\/"},"wordCount":451,"publisher":{"@id":"https:\/\/www.grupocatala.com\/en\/#organization"},"image":{"@id":"https:\/\/www.grupocatala.com\/en\/grupo-catala-buys-the-assets-of-the-company-jm-los-frutales\/#primaryimage"},"thumbnailUrl":"https:\/\/i0.wp.com\/www.grupocatala.com\/wp-content\/uploads\/2021\/02\/DJI_0026-e1619088584586.jpg?fit=650%2C366&ssl=1","keywords":["acquires","Albesa","apple trees","Arag\u00f3n","assets","Badajoz","Castell\u00f3 de Farfanya","Catafruit","catala group","cherry trees","Don Benito","euros","expansi\u00f3n","extremadura","Fraga","fruit","Gerb","group","hectares","investments","JM","lleida","Los Frutales","main","millions","\u00d2s de Balaguer","pear trees","plums","purchase","quinces and peach trees","Ser\u00f3s","state","Torrelameu"],"articleSection":["News"],"inLanguage":"en-US"},{"@type":"WebPage","@id":"https:\/\/www.grupocatala.com\/en\/grupo-catala-buys-the-assets-of-the-company-jm-los-frutales\/","url":"https:\/\/www.grupocatala.com\/en\/grupo-catala-buys-the-assets-of-the-company-jm-los-frutales\/","name":"Grupo Catal\u00e0 buys the assets of the company JM Los Frutales","isPartOf":{"@id":"https:\/\/www.grupocatala.com\/en\/#website"},"primaryImageOfPage":{"@id":"https:\/\/www.grupocatala.com\/en\/grupo-catala-buys-the-assets-of-the-company-jm-los-frutales\/#primaryimage"},"image":{"@id":"https:\/\/www.grupocatala.com\/en\/grupo-catala-buys-the-assets-of-the-company-jm-los-frutales\/#primaryimage"},"thumbnailUrl":"https:\/\/i0.wp.com\/www.grupocatala.com\/wp-content\/uploads\/2021\/02\/DJI_0026-e1619088584586.jpg?fit=650%2C366&ssl=1","datePublished":"2011-11-02T11:00:04+00:00","dateModified":"2021-04-22T10:49:49+00:00","description":"The La Portella company thus incorporates a new plant and 600 hectares of fruit trees, in addition, it already had farms in Aragon and Extremadura The","breadcrumb":{"@id":"https:\/\/www.grupocatala.com\/en\/grupo-catala-buys-the-assets-of-the-company-jm-los-frutales\/#breadcrumb"},"inLanguage":"en-US","potentialAction":[{"@type":"ReadAction","target":["https:\/\/www.grupocatala.com\/en\/grupo-catala-buys-the-assets-of-the-company-jm-los-frutales\/"]}]},{"@type":"ImageObject","inLanguage":"en-US","@id":"https:\/\/www.grupocatala.com\/en\/grupo-catala-buys-the-assets-of-the-company-jm-los-frutales\/#primaryimage","url":"https:\/\/i0.wp.com\/www.grupocatala.com\/wp-content\/uploads\/2021\/02\/DJI_0026-e1619088584586.jpg?fit=650%2C366&ssl=1","contentUrl":"https:\/\/i0.wp.com\/www.grupocatala.com\/wp-content\/uploads\/2021\/02\/DJI_0026-e1619088584586.jpg?fit=650%2C366&ssl=1","width":650,"height":366,"caption":"DCIM100MEDIADJI_0026.JPG"},{"@type":"BreadcrumbList","@id":"https:\/\/www.grupocatala.com\/en\/grupo-catala-buys-the-assets-of-the-company-jm-los-frutales\/#breadcrumb","itemListElement":[{"@type":"ListItem","position":1,"name":"Portada","item":"https:\/\/www.grupocatala.com\/en\/"},{"@type":"ListItem","position":2,"name":"Grupo Catal\u00e0 buys the assets of the company JM Los Frutales"}]},{"@type":"WebSite","@id":"https:\/\/www.grupocatala.com\/en\/#website","url":"https:\/\/www.grupocatala.com\/en\/","name":"GRUPO CATAL\u00c0","description":"Growing Quality","publisher":{"@id":"https:\/\/www.grupocatala.com\/en\/#organization"},"potentialAction":[{"@type":"SearchAction","target":{"@type":"EntryPoint","urlTemplate":"https:\/\/www.grupocatala.com\/en\/?s={search_term_string}"},"query-input":{"@type":"PropertyValueSpecification","valueRequired":true,"valueName":"search_term_string"}}],"inLanguage":"en-US"},{"@type":"Organization","@id":"https:\/\/www.grupocatala.com\/en\/#organization","name":"Grupo Catala","url":"https:\/\/www.grupocatala.com\/en\/","logo":{"@type":"ImageObject","inLanguage":"en-US","@id":"https:\/\/www.grupocatala.com\/en\/#\/schema\/logo\/image\/","url":"https:\/\/i0.wp.com\/www.grupocatala.com\/wp-content\/uploads\/2020\/03\/cropped-logo_blanc-1.png?fit=250%2C57&ssl=1","contentUrl":"https:\/\/i0.wp.com\/www.grupocatala.com\/wp-content\/uploads\/2020\/03\/cropped-logo_blanc-1.png?fit=250%2C57&ssl=1","width":250,"height":57,"caption":"Grupo Catala"},"image":{"@id":"https:\/\/www.grupocatala.com\/en\/#\/schema\/logo\/image\/"},"sameAs":["https:\/\/www.instagram.com\/grupocatala"]},{"@type":"Person","@id":"https:\/\/www.grupocatala.com\/en\/#\/schema\/person\/dde7bbb2d234021641005d1e2b24bc23","name":"SuperAdmin"}]}},"jetpack_featured_media_url":"https:\/\/i0.wp.com\/www.grupocatala.com\/wp-content\/uploads\/2021\/02\/DJI_0026-e1619088584586.jpg?fit=650%2C366&ssl=1","jetpack_sharing_enabled":true,"_links":{"self":[{"href":"https:\/\/www.grupocatala.com\/en\/wp-json\/wp\/v2\/posts\/9959","targetHints":{"allow":["GET"]}}],"collection":[{"href":"https:\/\/www.grupocatala.com\/en\/wp-json\/wp\/v2\/posts"}],"about":[{"href":"https:\/\/www.grupocatala.com\/en\/wp-json\/wp\/v2\/types\/post"}],"author":[{"embeddable":true,"href":"https:\/\/www.grupocatala.com\/en\/wp-json\/wp\/v2\/users\/1"}],"replies":[{"embeddable":true,"href":"https:\/\/www.grupocatala.com\/en\/wp-json\/wp\/v2\/comments?post=9959"}],"version-history":[{"count":0,"href":"https:\/\/www.grupocatala.com\/en\/wp-json\/wp\/v2\/posts\/9959\/revisions"}],"wp:featuredmedia":[{"embeddable":true,"href":"https:\/\/www.grupocatala.com\/en\/wp-json\/wp\/v2\/media\/9952"}],"wp:attachment":[{"href":"https:\/\/www.grupocatala.com\/en\/wp-json\/wp\/v2\/media?parent=9959"}],"wp:term":[{"taxonomy":"category","embeddable":true,"href":"https:\/\/www.grupocatala.com\/en\/wp-json\/wp\/v2\/categories?post=9959"},{"taxonomy":"post_tag","embeddable":true,"href":"https:\/\/www.grupocatala.com\/en\/wp-json\/wp\/v2\/tags?post=9959"}],"curies":[{"name":"wp","href":"https:\/\/api.w.org\/{rel}","templated":true}]}}