{"id":9679,"date":"2019-10-11T12:00:20","date_gmt":"2019-10-11T10:00:20","guid":{"rendered":"https:\/\/www.grupocatala.com\/?p=9679"},"modified":"2021-02-12T18:12:47","modified_gmt":"2021-02-12T17:12:47","slug":"grupo-catala-donates-funds-to-irb-lleida","status":"publish","type":"post","link":"https:\/\/www.grupocatala.com\/en\/grupo-catala-donates-funds-to-irb-lleida\/","title":{"rendered":"Grupo Catal\u00e0 donates funds to IRB Lleida"},"content":{"rendered":"<p>The Grupo Catal\u00e0 entity makes an annual donation to the Institute of Biomedical Research of Lleida, Dr. Pifarr\u00e9 Foundation<\/p>\n<p>The donation will be used to promote, develop, manage and disseminate basic, translational-applied and clinical-epidemiological biomedical research, and training in research in the field of health sciences, mainly in Lleida, and defining preferential objectives that enable quality research and a significant increase in the quality of care, to promote better services to our population.<\/p>\n<p>IRBLleida&#8217;s Vision is to be a competitive international benchmark in health research and innovation, demonstrating ethical values and promoting sustainability, disciplinary work, and internal and external cooperation. To carry out this work, it has established collaborations with the Arnau de Vilanova University Hospital<\/p>\n","protected":false},"excerpt":{"rendered":"<p>The Grupo Catal\u00e0 entity makes an annual donation to the Institute of Biomedical Research of Lleida, Dr. Pifarr\u00e9 Foundation The donation will be used to promote, develop, manage and disseminate &#8230; <a title=\"Grupo Catal\u00e0 donates funds to IRB Lleida\" class=\"read-more\" href=\"https:\/\/www.grupocatala.com\/en\/grupo-catala-donates-funds-to-irb-lleida\/\" aria-label=\"Read more about Grupo Catal\u00e0 donates funds to IRB Lleida\">Read more<\/a><\/p>\n","protected":false},"author":1,"featured_media":9669,"comment_status":"closed","ping_status":"closed","sticky":false,"template":"","format":"standard","meta":{"_jetpack_memberships_contains_paid_content":false,"footnotes":""},"categories":[23],"tags":[367,276,298,293,294,299,281,282,368,369,285,365,366,301,370],"class_list":["post-9679","post","type-post","status-publish","format-standard","has-post-thumbnail","hentry","category-news","tag-arnau-en","tag-catala-group","tag-collaboration","tag-donation","tag-foundation","tag-gratitude","tag-grup-catala-en","tag-grupcatala-en","tag-hospital-en","tag-irb-en","tag-lleida-en","tag-medical","tag-research","tag-solidarity","tag-vilanova-en"],"yoast_head":"<!-- This site is optimized with the Yoast SEO plugin v27.5 - https:\/\/yoast.com\/product\/yoast-seo-wordpress\/ -->\n<title>Grupo Catal\u00e0 donates funds to IRB Lleida<\/title>\n<meta name=\"description\" content=\"The Grupo Catal\u00e0 entity makes an annual donation to the Institute of Biomedical Research of Lleida, Dr. Pifarr\u00e9 Foundation The donation will be used to\" \/>\n<meta name=\"robots\" content=\"index, follow, max-snippet:-1, max-image-preview:large, max-video-preview:-1\" \/>\n<link rel=\"canonical\" href=\"https:\/\/www.grupocatala.com\/en\/grupo-catala-donates-funds-to-irb-lleida\/\" \/>\n<meta property=\"og:locale\" content=\"en_US\" \/>\n<meta property=\"og:type\" content=\"article\" \/>\n<meta property=\"og:title\" content=\"Grupo Catal\u00e0 donates funds to IRB Lleida\" \/>\n<meta property=\"og:description\" content=\"The Grupo Catal\u00e0 entity makes an annual donation to the Institute of Biomedical Research of Lleida, Dr. Pifarr\u00e9 Foundation The donation will be used to\" \/>\n<meta property=\"og:url\" content=\"https:\/\/www.grupocatala.com\/en\/grupo-catala-donates-funds-to-irb-lleida\/\" \/>\n<meta property=\"og:site_name\" content=\"GRUPO CATAL\u00c0\" \/>\n<meta property=\"article:published_time\" content=\"2019-10-11T10:00:20+00:00\" \/>\n<meta property=\"article:modified_time\" content=\"2021-02-12T17:12:47+00:00\" \/>\n<meta property=\"og:image\" content=\"https:\/\/i1.wp.com\/www.grupocatala.com\/wp-content\/uploads\/2021\/02\/arnau-vilanoba-IRB-Lleida.jpg?fit=450%2C165&ssl=1\" \/>\n\t<meta property=\"og:image:width\" content=\"450\" \/>\n\t<meta property=\"og:image:height\" content=\"165\" \/>\n\t<meta property=\"og:image:type\" content=\"image\/jpeg\" \/>\n<meta name=\"author\" content=\"SuperAdmin\" \/>\n<meta name=\"twitter:card\" content=\"summary_large_image\" \/>\n<meta name=\"twitter:label1\" content=\"Written by\" \/>\n\t<meta name=\"twitter:data1\" content=\"SuperAdmin\" \/>\n\t<meta name=\"twitter:label2\" content=\"Est. reading time\" \/>\n\t<meta name=\"twitter:data2\" content=\"1 minute\" \/>\n<script type=\"application\/ld+json\" class=\"yoast-schema-graph\">{\"@context\":\"https:\\\/\\\/schema.org\",\"@graph\":[{\"@type\":\"Article\",\"@id\":\"https:\\\/\\\/www.grupocatala.com\\\/en\\\/grupo-catala-donates-funds-to-irb-lleida\\\/#article\",\"isPartOf\":{\"@id\":\"https:\\\/\\\/www.grupocatala.com\\\/en\\\/grupo-catala-donates-funds-to-irb-lleida\\\/\"},\"author\":{\"name\":\"SuperAdmin\",\"@id\":\"https:\\\/\\\/www.grupocatala.com\\\/en\\\/#\\\/schema\\\/person\\\/dde7bbb2d234021641005d1e2b24bc23\"},\"headline\":\"Grupo Catal\u00e0 donates funds to IRB Lleida\",\"datePublished\":\"2019-10-11T10:00:20+00:00\",\"dateModified\":\"2021-02-12T17:12:47+00:00\",\"mainEntityOfPage\":{\"@id\":\"https:\\\/\\\/www.grupocatala.com\\\/en\\\/grupo-catala-donates-funds-to-irb-lleida\\\/\"},\"wordCount\":124,\"publisher\":{\"@id\":\"https:\\\/\\\/www.grupocatala.com\\\/en\\\/#organization\"},\"image\":{\"@id\":\"https:\\\/\\\/www.grupocatala.com\\\/en\\\/grupo-catala-donates-funds-to-irb-lleida\\\/#primaryimage\"},\"thumbnailUrl\":\"https:\\\/\\\/i0.wp.com\\\/www.grupocatala.com\\\/wp-content\\\/uploads\\\/2021\\\/02\\\/arnau-vilanoba-IRB-Lleida.jpg?fit=450%2C165&ssl=1\",\"keywords\":[\"arnau\",\"catala group\",\"collaboration\",\"donation\",\"foundation\",\"gratitude\",\"grup catala\",\"grupcatala\",\"hospital\",\"IRB\",\"lleida\",\"medical\",\"research\",\"solidarity\",\"vilanova\"],\"articleSection\":[\"News\"],\"inLanguage\":\"en-US\"},{\"@type\":\"WebPage\",\"@id\":\"https:\\\/\\\/www.grupocatala.com\\\/en\\\/grupo-catala-donates-funds-to-irb-lleida\\\/\",\"url\":\"https:\\\/\\\/www.grupocatala.com\\\/en\\\/grupo-catala-donates-funds-to-irb-lleida\\\/\",\"name\":\"Grupo Catal\u00e0 donates funds to IRB Lleida\",\"isPartOf\":{\"@id\":\"https:\\\/\\\/www.grupocatala.com\\\/en\\\/#website\"},\"primaryImageOfPage\":{\"@id\":\"https:\\\/\\\/www.grupocatala.com\\\/en\\\/grupo-catala-donates-funds-to-irb-lleida\\\/#primaryimage\"},\"image\":{\"@id\":\"https:\\\/\\\/www.grupocatala.com\\\/en\\\/grupo-catala-donates-funds-to-irb-lleida\\\/#primaryimage\"},\"thumbnailUrl\":\"https:\\\/\\\/i0.wp.com\\\/www.grupocatala.com\\\/wp-content\\\/uploads\\\/2021\\\/02\\\/arnau-vilanoba-IRB-Lleida.jpg?fit=450%2C165&ssl=1\",\"datePublished\":\"2019-10-11T10:00:20+00:00\",\"dateModified\":\"2021-02-12T17:12:47+00:00\",\"description\":\"The Grupo Catal\u00e0 entity makes an annual donation to the Institute of Biomedical Research of Lleida, Dr. Pifarr\u00e9 Foundation The donation will be used to\",\"breadcrumb\":{\"@id\":\"https:\\\/\\\/www.grupocatala.com\\\/en\\\/grupo-catala-donates-funds-to-irb-lleida\\\/#breadcrumb\"},\"inLanguage\":\"en-US\",\"potentialAction\":[{\"@type\":\"ReadAction\",\"target\":[\"https:\\\/\\\/www.grupocatala.com\\\/en\\\/grupo-catala-donates-funds-to-irb-lleida\\\/\"]}]},{\"@type\":\"ImageObject\",\"inLanguage\":\"en-US\",\"@id\":\"https:\\\/\\\/www.grupocatala.com\\\/en\\\/grupo-catala-donates-funds-to-irb-lleida\\\/#primaryimage\",\"url\":\"https:\\\/\\\/i0.wp.com\\\/www.grupocatala.com\\\/wp-content\\\/uploads\\\/2021\\\/02\\\/arnau-vilanoba-IRB-Lleida.jpg?fit=450%2C165&ssl=1\",\"contentUrl\":\"https:\\\/\\\/i0.wp.com\\\/www.grupocatala.com\\\/wp-content\\\/uploads\\\/2021\\\/02\\\/arnau-vilanoba-IRB-Lleida.jpg?fit=450%2C165&ssl=1\",\"width\":450,\"height\":165},{\"@type\":\"BreadcrumbList\",\"@id\":\"https:\\\/\\\/www.grupocatala.com\\\/en\\\/grupo-catala-donates-funds-to-irb-lleida\\\/#breadcrumb\",\"itemListElement\":[{\"@type\":\"ListItem\",\"position\":1,\"name\":\"Portada\",\"item\":\"https:\\\/\\\/www.grupocatala.com\\\/en\\\/\"},{\"@type\":\"ListItem\",\"position\":2,\"name\":\"Grupo Catal\u00e0 donates funds to IRB Lleida\"}]},{\"@type\":\"WebSite\",\"@id\":\"https:\\\/\\\/www.grupocatala.com\\\/en\\\/#website\",\"url\":\"https:\\\/\\\/www.grupocatala.com\\\/en\\\/\",\"name\":\"GRUPO CATAL\u00c0\",\"description\":\"Growing Quality\",\"publisher\":{\"@id\":\"https:\\\/\\\/www.grupocatala.com\\\/en\\\/#organization\"},\"potentialAction\":[{\"@type\":\"SearchAction\",\"target\":{\"@type\":\"EntryPoint\",\"urlTemplate\":\"https:\\\/\\\/www.grupocatala.com\\\/en\\\/?s={search_term_string}\"},\"query-input\":{\"@type\":\"PropertyValueSpecification\",\"valueRequired\":true,\"valueName\":\"search_term_string\"}}],\"inLanguage\":\"en-US\"},{\"@type\":\"Organization\",\"@id\":\"https:\\\/\\\/www.grupocatala.com\\\/en\\\/#organization\",\"name\":\"Grupo Catala\",\"url\":\"https:\\\/\\\/www.grupocatala.com\\\/en\\\/\",\"logo\":{\"@type\":\"ImageObject\",\"inLanguage\":\"en-US\",\"@id\":\"https:\\\/\\\/www.grupocatala.com\\\/en\\\/#\\\/schema\\\/logo\\\/image\\\/\",\"url\":\"https:\\\/\\\/i0.wp.com\\\/www.grupocatala.com\\\/wp-content\\\/uploads\\\/2020\\\/03\\\/cropped-logo_blanc-1.png?fit=250%2C57&ssl=1\",\"contentUrl\":\"https:\\\/\\\/i0.wp.com\\\/www.grupocatala.com\\\/wp-content\\\/uploads\\\/2020\\\/03\\\/cropped-logo_blanc-1.png?fit=250%2C57&ssl=1\",\"width\":250,\"height\":57,\"caption\":\"Grupo Catala\"},\"image\":{\"@id\":\"https:\\\/\\\/www.grupocatala.com\\\/en\\\/#\\\/schema\\\/logo\\\/image\\\/\"},\"sameAs\":[\"https:\\\/\\\/www.instagram.com\\\/grupocatala\"]},{\"@type\":\"Person\",\"@id\":\"https:\\\/\\\/www.grupocatala.com\\\/en\\\/#\\\/schema\\\/person\\\/dde7bbb2d234021641005d1e2b24bc23\",\"name\":\"SuperAdmin\"}]}<\/script>\n<!-- \/ Yoast SEO plugin. -->","yoast_head_json":{"title":"Grupo Catal\u00e0 donates funds to IRB Lleida","description":"The Grupo Catal\u00e0 entity makes an annual donation to the Institute of Biomedical Research of Lleida, Dr. Pifarr\u00e9 Foundation The donation will be used to","robots":{"index":"index","follow":"follow","max-snippet":"max-snippet:-1","max-image-preview":"max-image-preview:large","max-video-preview":"max-video-preview:-1"},"canonical":"https:\/\/www.grupocatala.com\/en\/grupo-catala-donates-funds-to-irb-lleida\/","og_locale":"en_US","og_type":"article","og_title":"Grupo Catal\u00e0 donates funds to IRB Lleida","og_description":"The Grupo Catal\u00e0 entity makes an annual donation to the Institute of Biomedical Research of Lleida, Dr. Pifarr\u00e9 Foundation The donation will be used to","og_url":"https:\/\/www.grupocatala.com\/en\/grupo-catala-donates-funds-to-irb-lleida\/","og_site_name":"GRUPO CATAL\u00c0","article_published_time":"2019-10-11T10:00:20+00:00","article_modified_time":"2021-02-12T17:12:47+00:00","og_image":[{"width":450,"height":165,"url":"https:\/\/i1.wp.com\/www.grupocatala.com\/wp-content\/uploads\/2021\/02\/arnau-vilanoba-IRB-Lleida.jpg?fit=450%2C165&ssl=1","type":"image\/jpeg"}],"author":"SuperAdmin","twitter_card":"summary_large_image","twitter_misc":{"Written by":"SuperAdmin","Est. reading time":"1 minute"},"schema":{"@context":"https:\/\/schema.org","@graph":[{"@type":"Article","@id":"https:\/\/www.grupocatala.com\/en\/grupo-catala-donates-funds-to-irb-lleida\/#article","isPartOf":{"@id":"https:\/\/www.grupocatala.com\/en\/grupo-catala-donates-funds-to-irb-lleida\/"},"author":{"name":"SuperAdmin","@id":"https:\/\/www.grupocatala.com\/en\/#\/schema\/person\/dde7bbb2d234021641005d1e2b24bc23"},"headline":"Grupo Catal\u00e0 donates funds to IRB Lleida","datePublished":"2019-10-11T10:00:20+00:00","dateModified":"2021-02-12T17:12:47+00:00","mainEntityOfPage":{"@id":"https:\/\/www.grupocatala.com\/en\/grupo-catala-donates-funds-to-irb-lleida\/"},"wordCount":124,"publisher":{"@id":"https:\/\/www.grupocatala.com\/en\/#organization"},"image":{"@id":"https:\/\/www.grupocatala.com\/en\/grupo-catala-donates-funds-to-irb-lleida\/#primaryimage"},"thumbnailUrl":"https:\/\/i0.wp.com\/www.grupocatala.com\/wp-content\/uploads\/2021\/02\/arnau-vilanoba-IRB-Lleida.jpg?fit=450%2C165&ssl=1","keywords":["arnau","catala group","collaboration","donation","foundation","gratitude","grup catala","grupcatala","hospital","IRB","lleida","medical","research","solidarity","vilanova"],"articleSection":["News"],"inLanguage":"en-US"},{"@type":"WebPage","@id":"https:\/\/www.grupocatala.com\/en\/grupo-catala-donates-funds-to-irb-lleida\/","url":"https:\/\/www.grupocatala.com\/en\/grupo-catala-donates-funds-to-irb-lleida\/","name":"Grupo Catal\u00e0 donates funds to IRB Lleida","isPartOf":{"@id":"https:\/\/www.grupocatala.com\/en\/#website"},"primaryImageOfPage":{"@id":"https:\/\/www.grupocatala.com\/en\/grupo-catala-donates-funds-to-irb-lleida\/#primaryimage"},"image":{"@id":"https:\/\/www.grupocatala.com\/en\/grupo-catala-donates-funds-to-irb-lleida\/#primaryimage"},"thumbnailUrl":"https:\/\/i0.wp.com\/www.grupocatala.com\/wp-content\/uploads\/2021\/02\/arnau-vilanoba-IRB-Lleida.jpg?fit=450%2C165&ssl=1","datePublished":"2019-10-11T10:00:20+00:00","dateModified":"2021-02-12T17:12:47+00:00","description":"The Grupo Catal\u00e0 entity makes an annual donation to the Institute of Biomedical Research of Lleida, Dr. Pifarr\u00e9 Foundation The donation will be used to","breadcrumb":{"@id":"https:\/\/www.grupocatala.com\/en\/grupo-catala-donates-funds-to-irb-lleida\/#breadcrumb"},"inLanguage":"en-US","potentialAction":[{"@type":"ReadAction","target":["https:\/\/www.grupocatala.com\/en\/grupo-catala-donates-funds-to-irb-lleida\/"]}]},{"@type":"ImageObject","inLanguage":"en-US","@id":"https:\/\/www.grupocatala.com\/en\/grupo-catala-donates-funds-to-irb-lleida\/#primaryimage","url":"https:\/\/i0.wp.com\/www.grupocatala.com\/wp-content\/uploads\/2021\/02\/arnau-vilanoba-IRB-Lleida.jpg?fit=450%2C165&ssl=1","contentUrl":"https:\/\/i0.wp.com\/www.grupocatala.com\/wp-content\/uploads\/2021\/02\/arnau-vilanoba-IRB-Lleida.jpg?fit=450%2C165&ssl=1","width":450,"height":165},{"@type":"BreadcrumbList","@id":"https:\/\/www.grupocatala.com\/en\/grupo-catala-donates-funds-to-irb-lleida\/#breadcrumb","itemListElement":[{"@type":"ListItem","position":1,"name":"Portada","item":"https:\/\/www.grupocatala.com\/en\/"},{"@type":"ListItem","position":2,"name":"Grupo Catal\u00e0 donates funds to IRB Lleida"}]},{"@type":"WebSite","@id":"https:\/\/www.grupocatala.com\/en\/#website","url":"https:\/\/www.grupocatala.com\/en\/","name":"GRUPO CATAL\u00c0","description":"Growing Quality","publisher":{"@id":"https:\/\/www.grupocatala.com\/en\/#organization"},"potentialAction":[{"@type":"SearchAction","target":{"@type":"EntryPoint","urlTemplate":"https:\/\/www.grupocatala.com\/en\/?s={search_term_string}"},"query-input":{"@type":"PropertyValueSpecification","valueRequired":true,"valueName":"search_term_string"}}],"inLanguage":"en-US"},{"@type":"Organization","@id":"https:\/\/www.grupocatala.com\/en\/#organization","name":"Grupo Catala","url":"https:\/\/www.grupocatala.com\/en\/","logo":{"@type":"ImageObject","inLanguage":"en-US","@id":"https:\/\/www.grupocatala.com\/en\/#\/schema\/logo\/image\/","url":"https:\/\/i0.wp.com\/www.grupocatala.com\/wp-content\/uploads\/2020\/03\/cropped-logo_blanc-1.png?fit=250%2C57&ssl=1","contentUrl":"https:\/\/i0.wp.com\/www.grupocatala.com\/wp-content\/uploads\/2020\/03\/cropped-logo_blanc-1.png?fit=250%2C57&ssl=1","width":250,"height":57,"caption":"Grupo Catala"},"image":{"@id":"https:\/\/www.grupocatala.com\/en\/#\/schema\/logo\/image\/"},"sameAs":["https:\/\/www.instagram.com\/grupocatala"]},{"@type":"Person","@id":"https:\/\/www.grupocatala.com\/en\/#\/schema\/person\/dde7bbb2d234021641005d1e2b24bc23","name":"SuperAdmin"}]}},"jetpack_featured_media_url":"https:\/\/i0.wp.com\/www.grupocatala.com\/wp-content\/uploads\/2021\/02\/arnau-vilanoba-IRB-Lleida.jpg?fit=450%2C165&ssl=1","jetpack_sharing_enabled":true,"_links":{"self":[{"href":"https:\/\/www.grupocatala.com\/en\/wp-json\/wp\/v2\/posts\/9679","targetHints":{"allow":["GET"]}}],"collection":[{"href":"https:\/\/www.grupocatala.com\/en\/wp-json\/wp\/v2\/posts"}],"about":[{"href":"https:\/\/www.grupocatala.com\/en\/wp-json\/wp\/v2\/types\/post"}],"author":[{"embeddable":true,"href":"https:\/\/www.grupocatala.com\/en\/wp-json\/wp\/v2\/users\/1"}],"replies":[{"embeddable":true,"href":"https:\/\/www.grupocatala.com\/en\/wp-json\/wp\/v2\/comments?post=9679"}],"version-history":[{"count":0,"href":"https:\/\/www.grupocatala.com\/en\/wp-json\/wp\/v2\/posts\/9679\/revisions"}],"wp:featuredmedia":[{"embeddable":true,"href":"https:\/\/www.grupocatala.com\/en\/wp-json\/wp\/v2\/media\/9669"}],"wp:attachment":[{"href":"https:\/\/www.grupocatala.com\/en\/wp-json\/wp\/v2\/media?parent=9679"}],"wp:term":[{"taxonomy":"category","embeddable":true,"href":"https:\/\/www.grupocatala.com\/en\/wp-json\/wp\/v2\/categories?post=9679"},{"taxonomy":"post_tag","embeddable":true,"href":"https:\/\/www.grupocatala.com\/en\/wp-json\/wp\/v2\/tags?post=9679"}],"curies":[{"name":"wp","href":"https:\/\/api.w.org\/{rel}","templated":true}]}}