{"id":9790,"date":"2021-01-22T12:00:55","date_gmt":"2021-01-22T11:00:55","guid":{"rendered":"https:\/\/www.grupocatala.com\/?p=9790"},"modified":"2021-02-12T18:50:20","modified_gmt":"2021-02-12T17:50:20","slug":"extremadura-pflaume-kehrt-nach-brasilien-zurueck","status":"publish","type":"post","link":"https:\/\/www.grupocatala.com\/de\/extremadura-pflaume-kehrt-nach-brasilien-zurueck\/","title":{"rendered":"Extremadura Pflaume kehrt nach Brasilien zur\u00fcck"},"content":{"rendered":"<h2>Die brasilianischen Beh\u00f6rden haben dem Landwirtschaftsministerium ihre Zustimmung zu dem geplanten Plan zur Bepflanzung vorgelegt.<\/h2>\n<p>Daher hofft Afruex, der Steinobstverein Extremaduran, dass er in der n\u00e4chsten Saison in diesen sehr wichtigen Markt exportiert werden kann und dass es mit seiner Schlie\u00dfung im vergangenen Juni so viel Schaden f\u00fcr den Obstanbau der Region verursachte.<\/p>\n<p>Dieser ganze Prozess wurde nach intensiver Arbeit von Afruex zusammen mit Fepex, dem Landwirtschaftsministerium und dem Landwirtschaftsministerium der Junta de Extremadura abgeschlossen. Im vergangenen November wurde ein Besuch der brasilianischen Inspektoren durchgef\u00fchrt, um ein positives Urteil und damit die Genehmigung des von den Beh\u00f6rden in intensiven Verhandlungen vorgeschlagenen Managementsystems zu erhalten.<\/p>\n<p>Der brasilianische Markt f\u00fcr Extremaduran-Pflaumen stellt einen Umsatz von mehr als 30 Millionen Euro aus, was etwa 10% des Gesamtumsatzes des Sektors entspricht. Die n\u00e4chsten Schritte sind die Formalisierung des Protokolls und die Er\u00f6ffnung des Pflaumenarbeitsplans f\u00fcr Brasilien. Afruex er\u00f6ffnet im Namen aller seiner Mitarbeiter, einschlie\u00dflich der Grupo Catal\u00e0 mit ihren Vertretern aus den Einrichtungen von El Escobar, einen Markt f\u00fcr die Zukunft der Landwirte und Arbeitnehmer in der Region und schafft in diesen schwierigen Zeiten Wohlstand und Besch\u00e4ftigung.<\/p>\n","protected":false},"excerpt":{"rendered":"<p>Die brasilianischen Beh\u00f6rden haben dem Landwirtschaftsministerium ihre Zustimmung zu dem geplanten Plan zur Bepflanzung vorgelegt. Daher hofft Afruex, der Steinobstverein Extremaduran, dass er in der n\u00e4chsten Saison in diesen sehr &#8230; <a title=\"Extremadura Pflaume kehrt nach Brasilien zur\u00fcck\" class=\"read-more\" href=\"https:\/\/www.grupocatala.com\/de\/extremadura-pflaume-kehrt-nach-brasilien-zurueck\/\" aria-label=\"Mehr Informationen \u00fcber Extremadura Pflaume kehrt nach Brasilien zur\u00fcck\">Weiterlesen<\/a><\/p>\n","protected":false},"author":1,"featured_media":9761,"comment_status":"closed","ping_status":"closed","sticky":false,"template":"","format":"standard","meta":{"_jetpack_memberships_contains_paid_content":false,"footnotes":""},"categories":[25],"tags":[567,566,503,570,571,568,508,509,569,507,565],"class_list":["post-9790","post","type-post","status-publish","format-standard","has-post-thumbnail","hentry","category-nachrichten","tag-afruex-de","tag-brasilien","tag-catala-gruppe","tag-escobar-de","tag-export-de","tag-extremadura-de","tag-grup-catala-de","tag-grupcatala-de","tag-merida-de","tag-obst","tag-pflaume"],"yoast_head":"<!-- This site is optimized with the Yoast SEO plugin v27.5 - https:\/\/yoast.com\/product\/yoast-seo-wordpress\/ -->\n<title>Extremadura Pflaume kehrt nach Brasilien zur\u00fcck<\/title>\n<meta name=\"description\" content=\"Die brasilianischen Beh\u00f6rden haben dem Landwirtschaftsministerium ihre Zustimmung zu dem geplanten Plan zur Bepflanzung vorgelegt. Daher hofft Afruex, der\" \/>\n<meta name=\"robots\" content=\"index, follow, max-snippet:-1, max-image-preview:large, max-video-preview:-1\" \/>\n<link rel=\"canonical\" href=\"https:\/\/www.grupocatala.com\/de\/extremadura-pflaume-kehrt-nach-brasilien-zurueck\/\" \/>\n<meta property=\"og:locale\" content=\"de_DE\" \/>\n<meta property=\"og:type\" content=\"article\" \/>\n<meta property=\"og:title\" content=\"Extremadura Pflaume kehrt nach Brasilien zur\u00fcck\" \/>\n<meta property=\"og:description\" content=\"Die brasilianischen Beh\u00f6rden haben dem Landwirtschaftsministerium ihre Zustimmung zu dem geplanten Plan zur Bepflanzung vorgelegt. Daher hofft Afruex, der\" \/>\n<meta property=\"og:url\" content=\"https:\/\/www.grupocatala.com\/de\/extremadura-pflaume-kehrt-nach-brasilien-zurueck\/\" \/>\n<meta property=\"og:site_name\" content=\"GRUPO CATAL\u00c0\" \/>\n<meta property=\"article:published_time\" content=\"2021-01-22T11:00:55+00:00\" \/>\n<meta property=\"article:modified_time\" content=\"2021-02-12T17:50:20+00:00\" \/>\n<meta property=\"og:image\" content=\"https:\/\/i1.wp.com\/www.grupocatala.com\/wp-content\/uploads\/2021\/02\/afruex-brasil-820x394-1.jpg?fit=820%2C394&ssl=1\" \/>\n\t<meta property=\"og:image:width\" content=\"820\" \/>\n\t<meta property=\"og:image:height\" content=\"394\" \/>\n\t<meta property=\"og:image:type\" content=\"image\/jpeg\" \/>\n<meta name=\"author\" content=\"SuperAdmin\" \/>\n<meta name=\"twitter:card\" content=\"summary_large_image\" \/>\n<meta name=\"twitter:label1\" content=\"Verfasst von\" \/>\n\t<meta name=\"twitter:data1\" content=\"SuperAdmin\" \/>\n\t<meta name=\"twitter:label2\" content=\"Gesch\u00e4tzte Lesezeit\" \/>\n\t<meta name=\"twitter:data2\" content=\"1 minute\" \/>\n<script type=\"application\/ld+json\" class=\"yoast-schema-graph\">{\"@context\":\"https:\\\/\\\/schema.org\",\"@graph\":[{\"@type\":\"Article\",\"@id\":\"https:\\\/\\\/www.grupocatala.com\\\/de\\\/extremadura-pflaume-kehrt-nach-brasilien-zurueck\\\/#article\",\"isPartOf\":{\"@id\":\"https:\\\/\\\/www.grupocatala.com\\\/de\\\/extremadura-pflaume-kehrt-nach-brasilien-zurueck\\\/\"},\"author\":{\"name\":\"SuperAdmin\",\"@id\":\"https:\\\/\\\/www.grupocatala.com\\\/de\\\/#\\\/schema\\\/person\\\/dde7bbb2d234021641005d1e2b24bc23\"},\"headline\":\"Extremadura Pflaume kehrt nach Brasilien zur\u00fcck\",\"datePublished\":\"2021-01-22T11:00:55+00:00\",\"dateModified\":\"2021-02-12T17:50:20+00:00\",\"mainEntityOfPage\":{\"@id\":\"https:\\\/\\\/www.grupocatala.com\\\/de\\\/extremadura-pflaume-kehrt-nach-brasilien-zurueck\\\/\"},\"wordCount\":202,\"publisher\":{\"@id\":\"https:\\\/\\\/www.grupocatala.com\\\/de\\\/#organization\"},\"image\":{\"@id\":\"https:\\\/\\\/www.grupocatala.com\\\/de\\\/extremadura-pflaume-kehrt-nach-brasilien-zurueck\\\/#primaryimage\"},\"thumbnailUrl\":\"https:\\\/\\\/i0.wp.com\\\/www.grupocatala.com\\\/wp-content\\\/uploads\\\/2021\\\/02\\\/afruex-brasil-820x394-1.jpg?fit=820%2C394&ssl=1\",\"keywords\":[\"Afruex\",\"Brasilien\",\"Catala Gruppe\",\"escobar\",\"export\",\"extremadura\",\"grup catala\",\"grupcatala\",\"Merida\",\"Obst\",\"Pflaume\"],\"articleSection\":[\"Nachrichten\"],\"inLanguage\":\"de-DE\"},{\"@type\":\"WebPage\",\"@id\":\"https:\\\/\\\/www.grupocatala.com\\\/de\\\/extremadura-pflaume-kehrt-nach-brasilien-zurueck\\\/\",\"url\":\"https:\\\/\\\/www.grupocatala.com\\\/de\\\/extremadura-pflaume-kehrt-nach-brasilien-zurueck\\\/\",\"name\":\"Extremadura Pflaume kehrt nach Brasilien zur\u00fcck\",\"isPartOf\":{\"@id\":\"https:\\\/\\\/www.grupocatala.com\\\/de\\\/#website\"},\"primaryImageOfPage\":{\"@id\":\"https:\\\/\\\/www.grupocatala.com\\\/de\\\/extremadura-pflaume-kehrt-nach-brasilien-zurueck\\\/#primaryimage\"},\"image\":{\"@id\":\"https:\\\/\\\/www.grupocatala.com\\\/de\\\/extremadura-pflaume-kehrt-nach-brasilien-zurueck\\\/#primaryimage\"},\"thumbnailUrl\":\"https:\\\/\\\/i0.wp.com\\\/www.grupocatala.com\\\/wp-content\\\/uploads\\\/2021\\\/02\\\/afruex-brasil-820x394-1.jpg?fit=820%2C394&ssl=1\",\"datePublished\":\"2021-01-22T11:00:55+00:00\",\"dateModified\":\"2021-02-12T17:50:20+00:00\",\"description\":\"Die brasilianischen Beh\u00f6rden haben dem Landwirtschaftsministerium ihre Zustimmung zu dem geplanten Plan zur Bepflanzung vorgelegt. Daher hofft Afruex, der\",\"breadcrumb\":{\"@id\":\"https:\\\/\\\/www.grupocatala.com\\\/de\\\/extremadura-pflaume-kehrt-nach-brasilien-zurueck\\\/#breadcrumb\"},\"inLanguage\":\"de-DE\",\"potentialAction\":[{\"@type\":\"ReadAction\",\"target\":[\"https:\\\/\\\/www.grupocatala.com\\\/de\\\/extremadura-pflaume-kehrt-nach-brasilien-zurueck\\\/\"]}]},{\"@type\":\"ImageObject\",\"inLanguage\":\"de-DE\",\"@id\":\"https:\\\/\\\/www.grupocatala.com\\\/de\\\/extremadura-pflaume-kehrt-nach-brasilien-zurueck\\\/#primaryimage\",\"url\":\"https:\\\/\\\/i0.wp.com\\\/www.grupocatala.com\\\/wp-content\\\/uploads\\\/2021\\\/02\\\/afruex-brasil-820x394-1.jpg?fit=820%2C394&ssl=1\",\"contentUrl\":\"https:\\\/\\\/i0.wp.com\\\/www.grupocatala.com\\\/wp-content\\\/uploads\\\/2021\\\/02\\\/afruex-brasil-820x394-1.jpg?fit=820%2C394&ssl=1\",\"width\":820,\"height\":394},{\"@type\":\"BreadcrumbList\",\"@id\":\"https:\\\/\\\/www.grupocatala.com\\\/de\\\/extremadura-pflaume-kehrt-nach-brasilien-zurueck\\\/#breadcrumb\",\"itemListElement\":[{\"@type\":\"ListItem\",\"position\":1,\"name\":\"Portada\",\"item\":\"https:\\\/\\\/www.grupocatala.com\\\/de\\\/\"},{\"@type\":\"ListItem\",\"position\":2,\"name\":\"Extremadura Pflaume kehrt nach Brasilien zur\u00fcck\"}]},{\"@type\":\"WebSite\",\"@id\":\"https:\\\/\\\/www.grupocatala.com\\\/de\\\/#website\",\"url\":\"https:\\\/\\\/www.grupocatala.com\\\/de\\\/\",\"name\":\"GRUPO CATAL\u00c0\",\"description\":\"\",\"publisher\":{\"@id\":\"https:\\\/\\\/www.grupocatala.com\\\/de\\\/#organization\"},\"potentialAction\":[{\"@type\":\"SearchAction\",\"target\":{\"@type\":\"EntryPoint\",\"urlTemplate\":\"https:\\\/\\\/www.grupocatala.com\\\/de\\\/?s={search_term_string}\"},\"query-input\":{\"@type\":\"PropertyValueSpecification\",\"valueRequired\":true,\"valueName\":\"search_term_string\"}}],\"inLanguage\":\"de-DE\"},{\"@type\":\"Organization\",\"@id\":\"https:\\\/\\\/www.grupocatala.com\\\/de\\\/#organization\",\"name\":\"Grupo Catala\",\"url\":\"https:\\\/\\\/www.grupocatala.com\\\/de\\\/\",\"logo\":{\"@type\":\"ImageObject\",\"inLanguage\":\"de-DE\",\"@id\":\"https:\\\/\\\/www.grupocatala.com\\\/de\\\/#\\\/schema\\\/logo\\\/image\\\/\",\"url\":\"https:\\\/\\\/i0.wp.com\\\/www.grupocatala.com\\\/wp-content\\\/uploads\\\/2020\\\/03\\\/cropped-logo_blanc-1.png?fit=250%2C57&ssl=1\",\"contentUrl\":\"https:\\\/\\\/i0.wp.com\\\/www.grupocatala.com\\\/wp-content\\\/uploads\\\/2020\\\/03\\\/cropped-logo_blanc-1.png?fit=250%2C57&ssl=1\",\"width\":250,\"height\":57,\"caption\":\"Grupo Catala\"},\"image\":{\"@id\":\"https:\\\/\\\/www.grupocatala.com\\\/de\\\/#\\\/schema\\\/logo\\\/image\\\/\"},\"sameAs\":[\"https:\\\/\\\/www.instagram.com\\\/grupocatala\"]},{\"@type\":\"Person\",\"@id\":\"https:\\\/\\\/www.grupocatala.com\\\/de\\\/#\\\/schema\\\/person\\\/dde7bbb2d234021641005d1e2b24bc23\",\"name\":\"SuperAdmin\"}]}<\/script>\n<!-- \/ Yoast SEO plugin. -->","yoast_head_json":{"title":"Extremadura Pflaume kehrt nach Brasilien zur\u00fcck","description":"Die brasilianischen Beh\u00f6rden haben dem Landwirtschaftsministerium ihre Zustimmung zu dem geplanten Plan zur Bepflanzung vorgelegt. Daher hofft Afruex, der","robots":{"index":"index","follow":"follow","max-snippet":"max-snippet:-1","max-image-preview":"max-image-preview:large","max-video-preview":"max-video-preview:-1"},"canonical":"https:\/\/www.grupocatala.com\/de\/extremadura-pflaume-kehrt-nach-brasilien-zurueck\/","og_locale":"de_DE","og_type":"article","og_title":"Extremadura Pflaume kehrt nach Brasilien zur\u00fcck","og_description":"Die brasilianischen Beh\u00f6rden haben dem Landwirtschaftsministerium ihre Zustimmung zu dem geplanten Plan zur Bepflanzung vorgelegt. Daher hofft Afruex, der","og_url":"https:\/\/www.grupocatala.com\/de\/extremadura-pflaume-kehrt-nach-brasilien-zurueck\/","og_site_name":"GRUPO CATAL\u00c0","article_published_time":"2021-01-22T11:00:55+00:00","article_modified_time":"2021-02-12T17:50:20+00:00","og_image":[{"width":820,"height":394,"url":"https:\/\/i1.wp.com\/www.grupocatala.com\/wp-content\/uploads\/2021\/02\/afruex-brasil-820x394-1.jpg?fit=820%2C394&ssl=1","type":"image\/jpeg"}],"author":"SuperAdmin","twitter_card":"summary_large_image","twitter_misc":{"Verfasst von":"SuperAdmin","Gesch\u00e4tzte Lesezeit":"1 minute"},"schema":{"@context":"https:\/\/schema.org","@graph":[{"@type":"Article","@id":"https:\/\/www.grupocatala.com\/de\/extremadura-pflaume-kehrt-nach-brasilien-zurueck\/#article","isPartOf":{"@id":"https:\/\/www.grupocatala.com\/de\/extremadura-pflaume-kehrt-nach-brasilien-zurueck\/"},"author":{"name":"SuperAdmin","@id":"https:\/\/www.grupocatala.com\/de\/#\/schema\/person\/dde7bbb2d234021641005d1e2b24bc23"},"headline":"Extremadura Pflaume kehrt nach Brasilien zur\u00fcck","datePublished":"2021-01-22T11:00:55+00:00","dateModified":"2021-02-12T17:50:20+00:00","mainEntityOfPage":{"@id":"https:\/\/www.grupocatala.com\/de\/extremadura-pflaume-kehrt-nach-brasilien-zurueck\/"},"wordCount":202,"publisher":{"@id":"https:\/\/www.grupocatala.com\/de\/#organization"},"image":{"@id":"https:\/\/www.grupocatala.com\/de\/extremadura-pflaume-kehrt-nach-brasilien-zurueck\/#primaryimage"},"thumbnailUrl":"https:\/\/i0.wp.com\/www.grupocatala.com\/wp-content\/uploads\/2021\/02\/afruex-brasil-820x394-1.jpg?fit=820%2C394&ssl=1","keywords":["Afruex","Brasilien","Catala Gruppe","escobar","export","extremadura","grup catala","grupcatala","Merida","Obst","Pflaume"],"articleSection":["Nachrichten"],"inLanguage":"de-DE"},{"@type":"WebPage","@id":"https:\/\/www.grupocatala.com\/de\/extremadura-pflaume-kehrt-nach-brasilien-zurueck\/","url":"https:\/\/www.grupocatala.com\/de\/extremadura-pflaume-kehrt-nach-brasilien-zurueck\/","name":"Extremadura Pflaume kehrt nach Brasilien zur\u00fcck","isPartOf":{"@id":"https:\/\/www.grupocatala.com\/de\/#website"},"primaryImageOfPage":{"@id":"https:\/\/www.grupocatala.com\/de\/extremadura-pflaume-kehrt-nach-brasilien-zurueck\/#primaryimage"},"image":{"@id":"https:\/\/www.grupocatala.com\/de\/extremadura-pflaume-kehrt-nach-brasilien-zurueck\/#primaryimage"},"thumbnailUrl":"https:\/\/i0.wp.com\/www.grupocatala.com\/wp-content\/uploads\/2021\/02\/afruex-brasil-820x394-1.jpg?fit=820%2C394&ssl=1","datePublished":"2021-01-22T11:00:55+00:00","dateModified":"2021-02-12T17:50:20+00:00","description":"Die brasilianischen Beh\u00f6rden haben dem Landwirtschaftsministerium ihre Zustimmung zu dem geplanten Plan zur Bepflanzung vorgelegt. Daher hofft Afruex, der","breadcrumb":{"@id":"https:\/\/www.grupocatala.com\/de\/extremadura-pflaume-kehrt-nach-brasilien-zurueck\/#breadcrumb"},"inLanguage":"de-DE","potentialAction":[{"@type":"ReadAction","target":["https:\/\/www.grupocatala.com\/de\/extremadura-pflaume-kehrt-nach-brasilien-zurueck\/"]}]},{"@type":"ImageObject","inLanguage":"de-DE","@id":"https:\/\/www.grupocatala.com\/de\/extremadura-pflaume-kehrt-nach-brasilien-zurueck\/#primaryimage","url":"https:\/\/i0.wp.com\/www.grupocatala.com\/wp-content\/uploads\/2021\/02\/afruex-brasil-820x394-1.jpg?fit=820%2C394&ssl=1","contentUrl":"https:\/\/i0.wp.com\/www.grupocatala.com\/wp-content\/uploads\/2021\/02\/afruex-brasil-820x394-1.jpg?fit=820%2C394&ssl=1","width":820,"height":394},{"@type":"BreadcrumbList","@id":"https:\/\/www.grupocatala.com\/de\/extremadura-pflaume-kehrt-nach-brasilien-zurueck\/#breadcrumb","itemListElement":[{"@type":"ListItem","position":1,"name":"Portada","item":"https:\/\/www.grupocatala.com\/de\/"},{"@type":"ListItem","position":2,"name":"Extremadura Pflaume kehrt nach Brasilien zur\u00fcck"}]},{"@type":"WebSite","@id":"https:\/\/www.grupocatala.com\/de\/#website","url":"https:\/\/www.grupocatala.com\/de\/","name":"GRUPO CATAL\u00c0","description":"","publisher":{"@id":"https:\/\/www.grupocatala.com\/de\/#organization"},"potentialAction":[{"@type":"SearchAction","target":{"@type":"EntryPoint","urlTemplate":"https:\/\/www.grupocatala.com\/de\/?s={search_term_string}"},"query-input":{"@type":"PropertyValueSpecification","valueRequired":true,"valueName":"search_term_string"}}],"inLanguage":"de-DE"},{"@type":"Organization","@id":"https:\/\/www.grupocatala.com\/de\/#organization","name":"Grupo Catala","url":"https:\/\/www.grupocatala.com\/de\/","logo":{"@type":"ImageObject","inLanguage":"de-DE","@id":"https:\/\/www.grupocatala.com\/de\/#\/schema\/logo\/image\/","url":"https:\/\/i0.wp.com\/www.grupocatala.com\/wp-content\/uploads\/2020\/03\/cropped-logo_blanc-1.png?fit=250%2C57&ssl=1","contentUrl":"https:\/\/i0.wp.com\/www.grupocatala.com\/wp-content\/uploads\/2020\/03\/cropped-logo_blanc-1.png?fit=250%2C57&ssl=1","width":250,"height":57,"caption":"Grupo Catala"},"image":{"@id":"https:\/\/www.grupocatala.com\/de\/#\/schema\/logo\/image\/"},"sameAs":["https:\/\/www.instagram.com\/grupocatala"]},{"@type":"Person","@id":"https:\/\/www.grupocatala.com\/de\/#\/schema\/person\/dde7bbb2d234021641005d1e2b24bc23","name":"SuperAdmin"}]}},"jetpack_featured_media_url":"https:\/\/i0.wp.com\/www.grupocatala.com\/wp-content\/uploads\/2021\/02\/afruex-brasil-820x394-1.jpg?fit=820%2C394&ssl=1","jetpack_sharing_enabled":true,"_links":{"self":[{"href":"https:\/\/www.grupocatala.com\/de\/wp-json\/wp\/v2\/posts\/9790","targetHints":{"allow":["GET"]}}],"collection":[{"href":"https:\/\/www.grupocatala.com\/de\/wp-json\/wp\/v2\/posts"}],"about":[{"href":"https:\/\/www.grupocatala.com\/de\/wp-json\/wp\/v2\/types\/post"}],"author":[{"embeddable":true,"href":"https:\/\/www.grupocatala.com\/de\/wp-json\/wp\/v2\/users\/1"}],"replies":[{"embeddable":true,"href":"https:\/\/www.grupocatala.com\/de\/wp-json\/wp\/v2\/comments?post=9790"}],"version-history":[{"count":0,"href":"https:\/\/www.grupocatala.com\/de\/wp-json\/wp\/v2\/posts\/9790\/revisions"}],"wp:featuredmedia":[{"embeddable":true,"href":"https:\/\/www.grupocatala.com\/de\/wp-json\/wp\/v2\/media\/9761"}],"wp:attachment":[{"href":"https:\/\/www.grupocatala.com\/de\/wp-json\/wp\/v2\/media?parent=9790"}],"wp:term":[{"taxonomy":"category","embeddable":true,"href":"https:\/\/www.grupocatala.com\/de\/wp-json\/wp\/v2\/categories?post=9790"},{"taxonomy":"post_tag","embeddable":true,"href":"https:\/\/www.grupocatala.com\/de\/wp-json\/wp\/v2\/tags?post=9790"}],"curies":[{"name":"wp","href":"https:\/\/api.w.org\/{rel}","templated":true}]}}