{"id":9683,"date":"2021-02-11T12:00:31","date_gmt":"2021-02-11T11:00:31","guid":{"rendered":"https:\/\/www.grupocatala.com\/?p=9683"},"modified":"2021-02-12T18:49:17","modified_gmt":"2021-02-12T17:49:17","slug":"die-grupo-catala-spendet-geld-an-irb-lleida","status":"publish","type":"post","link":"https:\/\/www.grupocatala.com\/de\/die-grupo-catala-spendet-geld-an-irb-lleida\/","title":{"rendered":"Die Grupo Catal\u00e0 spendet Geld an IRB Lleida"},"content":{"rendered":"<p>Die Grupo Catal\u00e0 gibt eine j\u00e4hrliche Spende an das Institut f\u00fcr biomedizinische Forschung von Lleida, Dr. Pifarr\u00e9 Foundation<\/p>\n<p>Die Spende wird verwendet, um Grundlagenforschung, translational angewandte und klinisch-epidemiologische biomedizinische Forschung sowie Ausbildung in Forschung auf dem Gebiet der Gesundheitswissenschaften, haupts\u00e4chlich in Lleida, zu f\u00f6rdern, zu entwickeln, zu verwalten und zu verbreiten und um bevorzugte Ziele zu definieren, die Qualit\u00e4tsforschung und a erm\u00f6glichen signifikante Verbesserung der Qualit\u00e4t der Versorgung, um bessere Dienstleistungen f\u00fcr unsere Bev\u00f6lkerung zu f\u00f6rdern.<\/p>\n<p>Die Vision von IRBLleida ist es, ein wettbewerbsf\u00e4higer internationaler Ma\u00dfstab in der Gesundheitsforschung und -innovation zu sein, ethische Werte zu demonstrieren und Nachhaltigkeit, Disziplinierungsarbeit und interne und externe Zusammenarbeit zu f\u00f6rdern. Um diese Arbeit durchzuf\u00fchren, hat es Kooperationen mit dem Universit\u00e4tsklinikum Arnau de Vilanova aufgebaut.<\/p>\n","protected":false},"excerpt":{"rendered":"<p>Die Grupo Catal\u00e0 gibt eine j\u00e4hrliche Spende an das Institut f\u00fcr biomedizinische Forschung von Lleida, Dr. Pifarr\u00e9 Foundation Die Spende wird verwendet, um Grundlagenforschung, translational angewandte und klinisch-epidemiologische biomedizinische Forschung &#8230; <a title=\"Die Grupo Catal\u00e0 spendet Geld an IRB Lleida\" class=\"read-more\" href=\"https:\/\/www.grupocatala.com\/de\/die-grupo-catala-spendet-geld-an-irb-lleida\/\" aria-label=\"Mehr Informationen \u00fcber Die Grupo Catal\u00e0 spendet Geld an IRB Lleida\">Weiterlesen<\/a><\/p>\n","protected":false},"author":1,"featured_media":9671,"comment_status":"closed","ping_status":"closed","sticky":false,"template":"","format":"standard","meta":{"_jetpack_memberships_contains_paid_content":false,"footnotes":""},"categories":[25],"tags":[544,503,525,543,508,509,545,541,512,542,528,519,520,546,524],"class_list":["post-9683","post","type-post","status-publish","format-standard","has-post-thumbnail","hentry","category-nachrichten","tag-arnau-de","tag-catala-gruppe","tag-dankbarkeit","tag-forschung","tag-grup-catala-de","tag-grupcatala-de","tag-irb-de","tag-krankenhaus","tag-lleida-de","tag-medizin","tag-solidaritat-de","tag-spende","tag-stiftung","tag-vilanova-de","tag-zusammenarbeit"],"yoast_head":"<!-- This site is optimized with the Yoast SEO plugin v27.5 - https:\/\/yoast.com\/product\/yoast-seo-wordpress\/ -->\n<title>Die Grupo Catal\u00e0 spendet Geld an IRB Lleida<\/title>\n<meta name=\"description\" content=\"Die Grupo Catal\u00e0 gibt eine j\u00e4hrliche Spende an das Institut f\u00fcr biomedizinische Forschung von Lleida, Dr. Pifarr\u00e9 Foundation Die Spende wird verwendet, um\" \/>\n<meta name=\"robots\" content=\"index, follow, max-snippet:-1, max-image-preview:large, max-video-preview:-1\" \/>\n<link rel=\"canonical\" href=\"https:\/\/www.grupocatala.com\/de\/die-grupo-catala-spendet-geld-an-irb-lleida\/\" \/>\n<meta property=\"og:locale\" content=\"de_DE\" \/>\n<meta property=\"og:type\" content=\"article\" \/>\n<meta property=\"og:title\" content=\"Die Grupo Catal\u00e0 spendet Geld an IRB Lleida\" \/>\n<meta property=\"og:description\" content=\"Die Grupo Catal\u00e0 gibt eine j\u00e4hrliche Spende an das Institut f\u00fcr biomedizinische Forschung von Lleida, Dr. Pifarr\u00e9 Foundation Die Spende wird verwendet, um\" \/>\n<meta property=\"og:url\" content=\"https:\/\/www.grupocatala.com\/de\/die-grupo-catala-spendet-geld-an-irb-lleida\/\" \/>\n<meta property=\"og:site_name\" content=\"GRUPO CATAL\u00c0\" \/>\n<meta property=\"article:published_time\" content=\"2021-02-11T11:00:31+00:00\" \/>\n<meta property=\"article:modified_time\" content=\"2021-02-12T17:49:17+00:00\" \/>\n<meta property=\"og:image\" content=\"https:\/\/i1.wp.com\/www.grupocatala.com\/wp-content\/uploads\/2021\/02\/arnau-vilanoba-IRB-Lleida.jpg?fit=450%2C165&ssl=1\" \/>\n\t<meta property=\"og:image:width\" content=\"450\" \/>\n\t<meta property=\"og:image:height\" content=\"165\" \/>\n\t<meta property=\"og:image:type\" content=\"image\/jpeg\" \/>\n<meta name=\"author\" content=\"SuperAdmin\" \/>\n<meta name=\"twitter:card\" content=\"summary_large_image\" \/>\n<meta name=\"twitter:label1\" content=\"Verfasst von\" \/>\n\t<meta name=\"twitter:data1\" content=\"SuperAdmin\" \/>\n\t<meta name=\"twitter:label2\" content=\"Gesch\u00e4tzte Lesezeit\" \/>\n\t<meta name=\"twitter:data2\" content=\"1 minute\" \/>\n<script type=\"application\/ld+json\" class=\"yoast-schema-graph\">{\"@context\":\"https:\\\/\\\/schema.org\",\"@graph\":[{\"@type\":\"Article\",\"@id\":\"https:\\\/\\\/www.grupocatala.com\\\/de\\\/die-grupo-catala-spendet-geld-an-irb-lleida\\\/#article\",\"isPartOf\":{\"@id\":\"https:\\\/\\\/www.grupocatala.com\\\/de\\\/die-grupo-catala-spendet-geld-an-irb-lleida\\\/\"},\"author\":{\"name\":\"SuperAdmin\",\"@id\":\"https:\\\/\\\/www.grupocatala.com\\\/de\\\/#\\\/schema\\\/person\\\/dde7bbb2d234021641005d1e2b24bc23\"},\"headline\":\"Die Grupo Catal\u00e0 spendet Geld an IRB Lleida\",\"datePublished\":\"2021-02-11T11:00:31+00:00\",\"dateModified\":\"2021-02-12T17:49:17+00:00\",\"mainEntityOfPage\":{\"@id\":\"https:\\\/\\\/www.grupocatala.com\\\/de\\\/die-grupo-catala-spendet-geld-an-irb-lleida\\\/\"},\"wordCount\":144,\"publisher\":{\"@id\":\"https:\\\/\\\/www.grupocatala.com\\\/de\\\/#organization\"},\"image\":{\"@id\":\"https:\\\/\\\/www.grupocatala.com\\\/de\\\/die-grupo-catala-spendet-geld-an-irb-lleida\\\/#primaryimage\"},\"thumbnailUrl\":\"https:\\\/\\\/i0.wp.com\\\/www.grupocatala.com\\\/wp-content\\\/uploads\\\/2021\\\/02\\\/arnau-vilanoba-IRB-Lleida.jpg?fit=450%2C165&ssl=1\",\"keywords\":[\"arnau\",\"Catala Gruppe\",\"Dankbarkeit\",\"Forschung\",\"grup catala\",\"grupcatala\",\"IRB\",\"Krankenhaus\",\"lleida\",\"Medizin\",\"solidaritat\",\"Spende\",\"Stiftung\",\"vilanova\",\"Zusammenarbeit\"],\"articleSection\":[\"Nachrichten\"],\"inLanguage\":\"de-DE\"},{\"@type\":\"WebPage\",\"@id\":\"https:\\\/\\\/www.grupocatala.com\\\/de\\\/die-grupo-catala-spendet-geld-an-irb-lleida\\\/\",\"url\":\"https:\\\/\\\/www.grupocatala.com\\\/de\\\/die-grupo-catala-spendet-geld-an-irb-lleida\\\/\",\"name\":\"Die Grupo Catal\u00e0 spendet Geld an IRB Lleida\",\"isPartOf\":{\"@id\":\"https:\\\/\\\/www.grupocatala.com\\\/de\\\/#website\"},\"primaryImageOfPage\":{\"@id\":\"https:\\\/\\\/www.grupocatala.com\\\/de\\\/die-grupo-catala-spendet-geld-an-irb-lleida\\\/#primaryimage\"},\"image\":{\"@id\":\"https:\\\/\\\/www.grupocatala.com\\\/de\\\/die-grupo-catala-spendet-geld-an-irb-lleida\\\/#primaryimage\"},\"thumbnailUrl\":\"https:\\\/\\\/i0.wp.com\\\/www.grupocatala.com\\\/wp-content\\\/uploads\\\/2021\\\/02\\\/arnau-vilanoba-IRB-Lleida.jpg?fit=450%2C165&ssl=1\",\"datePublished\":\"2021-02-11T11:00:31+00:00\",\"dateModified\":\"2021-02-12T17:49:17+00:00\",\"description\":\"Die Grupo Catal\u00e0 gibt eine j\u00e4hrliche Spende an das Institut f\u00fcr biomedizinische Forschung von Lleida, Dr. Pifarr\u00e9 Foundation Die Spende wird verwendet, um\",\"breadcrumb\":{\"@id\":\"https:\\\/\\\/www.grupocatala.com\\\/de\\\/die-grupo-catala-spendet-geld-an-irb-lleida\\\/#breadcrumb\"},\"inLanguage\":\"de-DE\",\"potentialAction\":[{\"@type\":\"ReadAction\",\"target\":[\"https:\\\/\\\/www.grupocatala.com\\\/de\\\/die-grupo-catala-spendet-geld-an-irb-lleida\\\/\"]}]},{\"@type\":\"ImageObject\",\"inLanguage\":\"de-DE\",\"@id\":\"https:\\\/\\\/www.grupocatala.com\\\/de\\\/die-grupo-catala-spendet-geld-an-irb-lleida\\\/#primaryimage\",\"url\":\"https:\\\/\\\/i0.wp.com\\\/www.grupocatala.com\\\/wp-content\\\/uploads\\\/2021\\\/02\\\/arnau-vilanoba-IRB-Lleida.jpg?fit=450%2C165&ssl=1\",\"contentUrl\":\"https:\\\/\\\/i0.wp.com\\\/www.grupocatala.com\\\/wp-content\\\/uploads\\\/2021\\\/02\\\/arnau-vilanoba-IRB-Lleida.jpg?fit=450%2C165&ssl=1\",\"width\":450,\"height\":165},{\"@type\":\"BreadcrumbList\",\"@id\":\"https:\\\/\\\/www.grupocatala.com\\\/de\\\/die-grupo-catala-spendet-geld-an-irb-lleida\\\/#breadcrumb\",\"itemListElement\":[{\"@type\":\"ListItem\",\"position\":1,\"name\":\"Portada\",\"item\":\"https:\\\/\\\/www.grupocatala.com\\\/de\\\/\"},{\"@type\":\"ListItem\",\"position\":2,\"name\":\"Die Grupo Catal\u00e0 spendet Geld an IRB Lleida\"}]},{\"@type\":\"WebSite\",\"@id\":\"https:\\\/\\\/www.grupocatala.com\\\/de\\\/#website\",\"url\":\"https:\\\/\\\/www.grupocatala.com\\\/de\\\/\",\"name\":\"GRUPO CATAL\u00c0\",\"description\":\"\",\"publisher\":{\"@id\":\"https:\\\/\\\/www.grupocatala.com\\\/de\\\/#organization\"},\"potentialAction\":[{\"@type\":\"SearchAction\",\"target\":{\"@type\":\"EntryPoint\",\"urlTemplate\":\"https:\\\/\\\/www.grupocatala.com\\\/de\\\/?s={search_term_string}\"},\"query-input\":{\"@type\":\"PropertyValueSpecification\",\"valueRequired\":true,\"valueName\":\"search_term_string\"}}],\"inLanguage\":\"de-DE\"},{\"@type\":\"Organization\",\"@id\":\"https:\\\/\\\/www.grupocatala.com\\\/de\\\/#organization\",\"name\":\"Grupo Catala\",\"url\":\"https:\\\/\\\/www.grupocatala.com\\\/de\\\/\",\"logo\":{\"@type\":\"ImageObject\",\"inLanguage\":\"de-DE\",\"@id\":\"https:\\\/\\\/www.grupocatala.com\\\/de\\\/#\\\/schema\\\/logo\\\/image\\\/\",\"url\":\"https:\\\/\\\/i0.wp.com\\\/www.grupocatala.com\\\/wp-content\\\/uploads\\\/2020\\\/03\\\/cropped-logo_blanc-1.png?fit=250%2C57&ssl=1\",\"contentUrl\":\"https:\\\/\\\/i0.wp.com\\\/www.grupocatala.com\\\/wp-content\\\/uploads\\\/2020\\\/03\\\/cropped-logo_blanc-1.png?fit=250%2C57&ssl=1\",\"width\":250,\"height\":57,\"caption\":\"Grupo Catala\"},\"image\":{\"@id\":\"https:\\\/\\\/www.grupocatala.com\\\/de\\\/#\\\/schema\\\/logo\\\/image\\\/\"},\"sameAs\":[\"https:\\\/\\\/www.instagram.com\\\/grupocatala\"]},{\"@type\":\"Person\",\"@id\":\"https:\\\/\\\/www.grupocatala.com\\\/de\\\/#\\\/schema\\\/person\\\/dde7bbb2d234021641005d1e2b24bc23\",\"name\":\"SuperAdmin\"}]}<\/script>\n<!-- \/ Yoast SEO plugin. -->","yoast_head_json":{"title":"Die Grupo Catal\u00e0 spendet Geld an IRB Lleida","description":"Die Grupo Catal\u00e0 gibt eine j\u00e4hrliche Spende an das Institut f\u00fcr biomedizinische Forschung von Lleida, Dr. Pifarr\u00e9 Foundation Die Spende wird verwendet, um","robots":{"index":"index","follow":"follow","max-snippet":"max-snippet:-1","max-image-preview":"max-image-preview:large","max-video-preview":"max-video-preview:-1"},"canonical":"https:\/\/www.grupocatala.com\/de\/die-grupo-catala-spendet-geld-an-irb-lleida\/","og_locale":"de_DE","og_type":"article","og_title":"Die Grupo Catal\u00e0 spendet Geld an IRB Lleida","og_description":"Die Grupo Catal\u00e0 gibt eine j\u00e4hrliche Spende an das Institut f\u00fcr biomedizinische Forschung von Lleida, Dr. Pifarr\u00e9 Foundation Die Spende wird verwendet, um","og_url":"https:\/\/www.grupocatala.com\/de\/die-grupo-catala-spendet-geld-an-irb-lleida\/","og_site_name":"GRUPO CATAL\u00c0","article_published_time":"2021-02-11T11:00:31+00:00","article_modified_time":"2021-02-12T17:49:17+00:00","og_image":[{"width":450,"height":165,"url":"https:\/\/i1.wp.com\/www.grupocatala.com\/wp-content\/uploads\/2021\/02\/arnau-vilanoba-IRB-Lleida.jpg?fit=450%2C165&ssl=1","type":"image\/jpeg"}],"author":"SuperAdmin","twitter_card":"summary_large_image","twitter_misc":{"Verfasst von":"SuperAdmin","Gesch\u00e4tzte Lesezeit":"1 minute"},"schema":{"@context":"https:\/\/schema.org","@graph":[{"@type":"Article","@id":"https:\/\/www.grupocatala.com\/de\/die-grupo-catala-spendet-geld-an-irb-lleida\/#article","isPartOf":{"@id":"https:\/\/www.grupocatala.com\/de\/die-grupo-catala-spendet-geld-an-irb-lleida\/"},"author":{"name":"SuperAdmin","@id":"https:\/\/www.grupocatala.com\/de\/#\/schema\/person\/dde7bbb2d234021641005d1e2b24bc23"},"headline":"Die Grupo Catal\u00e0 spendet Geld an IRB Lleida","datePublished":"2021-02-11T11:00:31+00:00","dateModified":"2021-02-12T17:49:17+00:00","mainEntityOfPage":{"@id":"https:\/\/www.grupocatala.com\/de\/die-grupo-catala-spendet-geld-an-irb-lleida\/"},"wordCount":144,"publisher":{"@id":"https:\/\/www.grupocatala.com\/de\/#organization"},"image":{"@id":"https:\/\/www.grupocatala.com\/de\/die-grupo-catala-spendet-geld-an-irb-lleida\/#primaryimage"},"thumbnailUrl":"https:\/\/i0.wp.com\/www.grupocatala.com\/wp-content\/uploads\/2021\/02\/arnau-vilanoba-IRB-Lleida.jpg?fit=450%2C165&ssl=1","keywords":["arnau","Catala Gruppe","Dankbarkeit","Forschung","grup catala","grupcatala","IRB","Krankenhaus","lleida","Medizin","solidaritat","Spende","Stiftung","vilanova","Zusammenarbeit"],"articleSection":["Nachrichten"],"inLanguage":"de-DE"},{"@type":"WebPage","@id":"https:\/\/www.grupocatala.com\/de\/die-grupo-catala-spendet-geld-an-irb-lleida\/","url":"https:\/\/www.grupocatala.com\/de\/die-grupo-catala-spendet-geld-an-irb-lleida\/","name":"Die Grupo Catal\u00e0 spendet Geld an IRB Lleida","isPartOf":{"@id":"https:\/\/www.grupocatala.com\/de\/#website"},"primaryImageOfPage":{"@id":"https:\/\/www.grupocatala.com\/de\/die-grupo-catala-spendet-geld-an-irb-lleida\/#primaryimage"},"image":{"@id":"https:\/\/www.grupocatala.com\/de\/die-grupo-catala-spendet-geld-an-irb-lleida\/#primaryimage"},"thumbnailUrl":"https:\/\/i0.wp.com\/www.grupocatala.com\/wp-content\/uploads\/2021\/02\/arnau-vilanoba-IRB-Lleida.jpg?fit=450%2C165&ssl=1","datePublished":"2021-02-11T11:00:31+00:00","dateModified":"2021-02-12T17:49:17+00:00","description":"Die Grupo Catal\u00e0 gibt eine j\u00e4hrliche Spende an das Institut f\u00fcr biomedizinische Forschung von Lleida, Dr. Pifarr\u00e9 Foundation Die Spende wird verwendet, um","breadcrumb":{"@id":"https:\/\/www.grupocatala.com\/de\/die-grupo-catala-spendet-geld-an-irb-lleida\/#breadcrumb"},"inLanguage":"de-DE","potentialAction":[{"@type":"ReadAction","target":["https:\/\/www.grupocatala.com\/de\/die-grupo-catala-spendet-geld-an-irb-lleida\/"]}]},{"@type":"ImageObject","inLanguage":"de-DE","@id":"https:\/\/www.grupocatala.com\/de\/die-grupo-catala-spendet-geld-an-irb-lleida\/#primaryimage","url":"https:\/\/i0.wp.com\/www.grupocatala.com\/wp-content\/uploads\/2021\/02\/arnau-vilanoba-IRB-Lleida.jpg?fit=450%2C165&ssl=1","contentUrl":"https:\/\/i0.wp.com\/www.grupocatala.com\/wp-content\/uploads\/2021\/02\/arnau-vilanoba-IRB-Lleida.jpg?fit=450%2C165&ssl=1","width":450,"height":165},{"@type":"BreadcrumbList","@id":"https:\/\/www.grupocatala.com\/de\/die-grupo-catala-spendet-geld-an-irb-lleida\/#breadcrumb","itemListElement":[{"@type":"ListItem","position":1,"name":"Portada","item":"https:\/\/www.grupocatala.com\/de\/"},{"@type":"ListItem","position":2,"name":"Die Grupo Catal\u00e0 spendet Geld an IRB Lleida"}]},{"@type":"WebSite","@id":"https:\/\/www.grupocatala.com\/de\/#website","url":"https:\/\/www.grupocatala.com\/de\/","name":"GRUPO CATAL\u00c0","description":"","publisher":{"@id":"https:\/\/www.grupocatala.com\/de\/#organization"},"potentialAction":[{"@type":"SearchAction","target":{"@type":"EntryPoint","urlTemplate":"https:\/\/www.grupocatala.com\/de\/?s={search_term_string}"},"query-input":{"@type":"PropertyValueSpecification","valueRequired":true,"valueName":"search_term_string"}}],"inLanguage":"de-DE"},{"@type":"Organization","@id":"https:\/\/www.grupocatala.com\/de\/#organization","name":"Grupo Catala","url":"https:\/\/www.grupocatala.com\/de\/","logo":{"@type":"ImageObject","inLanguage":"de-DE","@id":"https:\/\/www.grupocatala.com\/de\/#\/schema\/logo\/image\/","url":"https:\/\/i0.wp.com\/www.grupocatala.com\/wp-content\/uploads\/2020\/03\/cropped-logo_blanc-1.png?fit=250%2C57&ssl=1","contentUrl":"https:\/\/i0.wp.com\/www.grupocatala.com\/wp-content\/uploads\/2020\/03\/cropped-logo_blanc-1.png?fit=250%2C57&ssl=1","width":250,"height":57,"caption":"Grupo Catala"},"image":{"@id":"https:\/\/www.grupocatala.com\/de\/#\/schema\/logo\/image\/"},"sameAs":["https:\/\/www.instagram.com\/grupocatala"]},{"@type":"Person","@id":"https:\/\/www.grupocatala.com\/de\/#\/schema\/person\/dde7bbb2d234021641005d1e2b24bc23","name":"SuperAdmin"}]}},"jetpack_featured_media_url":"https:\/\/i0.wp.com\/www.grupocatala.com\/wp-content\/uploads\/2021\/02\/arnau-vilanoba-IRB-Lleida.jpg?fit=450%2C165&ssl=1","jetpack_sharing_enabled":true,"_links":{"self":[{"href":"https:\/\/www.grupocatala.com\/de\/wp-json\/wp\/v2\/posts\/9683","targetHints":{"allow":["GET"]}}],"collection":[{"href":"https:\/\/www.grupocatala.com\/de\/wp-json\/wp\/v2\/posts"}],"about":[{"href":"https:\/\/www.grupocatala.com\/de\/wp-json\/wp\/v2\/types\/post"}],"author":[{"embeddable":true,"href":"https:\/\/www.grupocatala.com\/de\/wp-json\/wp\/v2\/users\/1"}],"replies":[{"embeddable":true,"href":"https:\/\/www.grupocatala.com\/de\/wp-json\/wp\/v2\/comments?post=9683"}],"version-history":[{"count":0,"href":"https:\/\/www.grupocatala.com\/de\/wp-json\/wp\/v2\/posts\/9683\/revisions"}],"wp:featuredmedia":[{"embeddable":true,"href":"https:\/\/www.grupocatala.com\/de\/wp-json\/wp\/v2\/media\/9671"}],"wp:attachment":[{"href":"https:\/\/www.grupocatala.com\/de\/wp-json\/wp\/v2\/media?parent=9683"}],"wp:term":[{"taxonomy":"category","embeddable":true,"href":"https:\/\/www.grupocatala.com\/de\/wp-json\/wp\/v2\/categories?post=9683"},{"taxonomy":"post_tag","embeddable":true,"href":"https:\/\/www.grupocatala.com\/de\/wp-json\/wp\/v2\/tags?post=9683"}],"curies":[{"name":"wp","href":"https:\/\/api.w.org\/{rel}","templated":true}]}}