{"id":9571,"date":"2021-02-07T12:00:03","date_gmt":"2021-02-07T11:00:03","guid":{"rendered":"https:\/\/www.grupocatala.com\/?p=9571"},"modified":"2021-02-12T18:50:10","modified_gmt":"2021-02-12T17:50:10","slug":"bergapfelplantagen-in-katalonien-eine-realitaet","status":"publish","type":"post","link":"https:\/\/www.grupocatala.com\/de\/bergapfelplantagen-in-katalonien-eine-realitaet\/","title":{"rendered":"Bergapfelplantagen in Katalonien, eine Realit\u00e4t"},"content":{"rendered":"<p>Das Bergobstanbauprojekt in Katalonien begann 2009, als IRTA (Institut f\u00fcr Agrarlebensmittelforschung und -technologie) und ADRR (Verein zur Entwicklung der romanischen Ribagor\u00e7a) das erste Kooperationsabkommen unterzeichneten. und sp\u00e4ter mit der IRTA und dem Ministerium f\u00fcr Landwirtschaft, Viehzucht, Fischerei und Ern\u00e4hrung der katalanischen Regierung weitergearbeitet.<\/p>\n<p>Dies war eine wegweisende Initiative, da es keine Hinweise auf diese Obstbaumplantagen in Berggebieten in der N\u00e4he von 1.000 m H\u00f6he gab. Dieser Schritt vorw\u00e4rts erm\u00f6glichte es, die klimatischen Eigenschaften, das Potenzial und die Eignung der Berggebiete f\u00fcr diese Art von Kulturpflanzen zu bestimmen und das gesamte generierte Wissen in die Branche einzubringen und zu \u00fcbertragen.<\/p>\n<p>Im Jahr 2018 wurden in den katalanischen Pyren\u00e4en mehr als 70 ha kommerzielle Apfelplantagen gepflanzt. Diese Obstg\u00e4rten folgen zwei Nutzungsmodellen: Das erste entspricht konsolidierten Unternehmen, die in der fruchtbaren Zone von Lleida historisch \u00c4pfel angebaut haben, und sie wollten seine Produktion diversifizieren, um ihre Nacherntestrukturen zu optimieren. In diesem Modell haben Unternehmen bereits ihre Marken und ihre eigenen Handelskreise f\u00fcr den Inlands- und den Exportmarkt. Das zweite Modell entspricht dem von Kleinbauern, die normalerweise keine Erfahrung im Gartenbau haben oder fast altruistisch an die letzten Landwirte in den verschiedenen Berggebieten abgetreten sind, in denen Viehzucht seit jeher eine traditionelle T\u00e4tigkeit ist, die mit dem Gebiet verbunden ist, aber deutlich r\u00fcckl\u00e4ufig ist ;; je ausgepr\u00e4gter, desto mehr Einfluss hatte der Tourismus.<\/p>\n<p>In diesem Fall handelt es sich um kleine Obstg\u00e4rten in der N\u00e4he von D\u00f6rfern, die im Allgemeinen bei optimalen Bodenbedingungen und einer guten Eignung f\u00fcr die Apfelproduktion gut zug\u00e4nglich sind. Die Eigent\u00fcmer sind in der Produktion als Teilzeitbesch\u00e4ftigung, als erg\u00e4nzende T\u00e4tigkeit und Einkommen t\u00e4tig, \u00e4hnlich dem in S\u00fcdtirol oder im Trentino in Norditalien vorherrschenden Modell. Aufgrund der geringeren Abmessungen dieser Obstg\u00e4rten und der Nichtverbindung mit bereits bestehenden kommerziellen Kan\u00e4len konzentriert sich diese Art der Produktion auf lokale M\u00e4rkte, die in der Lage sind, diese Art der Produktion in Bezug auf Qualit\u00e4t, N\u00e4he und Verbundenheit mit dem Gebiet und seinen Gebieten zu bewerten wirtschaftliche Entwicklung.<\/p>\n<p>Die Produktionstechnologie der verschiedenen Obstg\u00e4rten ist im Hinblick auf ihre Design- und Ausbildungsanlagen \u00e4hnlich. Es entspricht intensiven Obstg\u00e4rten mit zwergartigen Wurzelst\u00f6cken, Mittelachsensystemen und Pflanzdichten von 2.000 bis 3.000 B\u00e4umen pro Hektar in Baumabst\u00e4nden von 3,4 bis 4 m zwischen den Linien und 0,8 bis 1,2 m zwischen den B\u00e4umen. Bew\u00e4sserung und D\u00fcngung erfolgen mit hoher Frequenz, mit automatisierten Bew\u00e4sserungs\u00fcberwachungssystemen. In den meisten Obstg\u00e4rten gibt es eine Sprinklerbew\u00e4sserung und alle haben Hagelschutznetze.<\/p>\n<p>Aus den Ergebnissen der experimentellen Aktivit\u00e4ten im Rahmen des Bergobstanbauprogramms sind einige einschr\u00e4nkende Faktoren zu ber\u00fccksichtigen:<\/p>\n<ul>\n<li>Es gibt eine geringe Landverf\u00fcgbarkeit, die f\u00fcr den Anbau von Apfelb\u00e4umen geeignet ist, mit kleineren Parzellen, die weniger f\u00fcr die Mechanisierung geeignet und schwieriger zug\u00e4nglich sind.<\/li>\n<li>Geringere Verf\u00fcgbarkeit von Bew\u00e4sserungswasser.<\/li>\n<li>Das Risiko von Fr\u00fchlingsfr\u00f6sten steigt in Bezug auf das, was normalerweise in den einfachen Fl\u00e4chen wie Lleida geschieht. Auch bei Sp\u00e4tsorten ist die Gefahr von Herbstfr\u00f6sten h\u00f6her, was deren Pflanzung einschr\u00e4nkt.<\/li>\n<li>H\u00f6heres Hagelrisiko, in Gebieten \u00fcber 500 m H\u00f6he zu 100%, obwohl es in der Regel kleiner ist.<\/li>\n<li>Die Vegetationsperiode wird linear mit der H\u00f6he reduziert, was eine Einschr\u00e4nkung f\u00fcr sp\u00e4tere Ernte in H\u00f6hen \u00fcber 1.100 m darstellt. Die Fruchtgr\u00f6\u00dfe ist bei den Sorten der Gala-Gruppe tendenziell kleiner, je h\u00f6her die H\u00f6he, desto h\u00f6her die Inzidenz.<\/li>\n<li>H\u00f6here Produktionskosten.<\/li>\n<li>Mangel an erfahrenen Z\u00fcchtern.<\/li>\n<\/ul>\n<p>Als g\u00fcnstige Qualit\u00e4ten k\u00f6nnen wir Folgendes betrachten:<\/p>\n<ul>\n<li>Gebiete mit sehr geringer Ernte. Daher geringere Inzidenz von Sch\u00e4dlingen und Krankheiten in Bezug auf traditionelle und \u00fcberf\u00fcllte Anbaufl\u00e4chen.<\/li>\n<li>H\u00f6here Leichtigkeit f\u00fcr die integrierte und biologische Produktion, insbesondere bei schorfresistenten Sorten, bei denen die Anzahl der Behandlungen tendenziell geringer ist.<\/li>\n<li>Die Bl\u00fcte- und Erntedaten verz\u00f6gern sich zwischen 3 und 4 Wochen im Vergleich zu dem, was im Obstanbaugebiet von Lleida beobachtet wird, was indirekt die Fruchtfarbe verbessert.<\/li>\n<li>Gr\u00f6\u00dfere Fruchtans\u00e4tze in Bezug auf die Ebene, daher m\u00fcssen die Ausd\u00fcnnungsstrategien st\u00e4rker sein, insbesondere bei Sorten mit begrenzterer Fruchtgr\u00f6\u00dfe wie \u201eGala\u201c.<\/li>\n<li>Umweltbedingungen, insbesondere Temperaturen, wirken sich nicht nur auf die Fruchtfarbe aus, sondern verbessern auch die Fruchtqualit\u00e4t wie Textur, Saftigkeit und Knusprigkeit.<\/li>\n<li>Die Reifung ist langsamer und mit einem breiteren Erntefenster.<\/li>\n<li>Zuckergehalt und S\u00e4uregehalt sind h\u00f6her.<\/li>\n<li>Im gleichen Reifungszustand steigt die Festigkeit bei allen Sorten um etwa 1 kg, mit Ausnahme der sp\u00e4ten Sorten wie \u201eFuji\u201c.<\/li>\n<li>Die Ertr\u00e4ge \u00e4hnelt denjenigen, die in den Grundgebieten erzielt werden.<\/li>\n<li>Geringerer Wasserfu\u00dfabdruck aufgrund niedrigerer Evapotranspiration.<\/li>\n<\/ul>\n<p>Die bergige Orographie, die die Wetterbedingungen ver\u00e4ndert, impliziert eine h\u00f6here Luftfeuchtigkeit, niedrigere Temperaturen und letztendlich weniger stressige Bedingungen f\u00fcr die B\u00e4ume. Die erzielten Ergebnisse lassen darauf schlie\u00dfen, dass die Herstellung von Apfel in gro\u00dfer H\u00f6he aufgrund seiner unterschiedlichen Qualit\u00e4tsmerkmale eine praktikable Alternative und eine interessante Erg\u00e4nzung zu traditionellen Obstanbaugebieten darstellt. Jedoch; Ihre Nachhaltigkeit wird davon abh\u00e4ngen, ob es in der Lage ist, eine effiziente Handelsstruktur zu implementieren, die einen Mehrwert f\u00fcr diese Art der Produktion darstellt, der im Vergleich zu den Fl\u00e4chen h\u00f6here Kosten verursacht. All diese positiven Aspekte werden noch deutlicher bei Berg- und Bioproduktionen, die auf lokale M\u00e4rkte ausgerichtet sind. Zusammenfassend l\u00e4sst sich sagen, dass Bergapfelplantagen nicht weniger bedeutende Risiken aufweisen, aber im Gegenzug ein differenziertes Produkt bieten, das von dem abweicht, was in unserem Land sehr mangelhaft ist.<\/p>\n","protected":false},"excerpt":{"rendered":"<p>Das Bergobstanbauprojekt in Katalonien begann 2009, als IRTA (Institut f\u00fcr Agrarlebensmittelforschung und -technologie) und ADRR (Verein zur Entwicklung der romanischen Ribagor\u00e7a) das erste Kooperationsabkommen unterzeichneten. und sp\u00e4ter mit der IRTA &#8230; <a title=\"Bergapfelplantagen in Katalonien, eine Realit\u00e4t\" class=\"read-more\" href=\"https:\/\/www.grupocatala.com\/de\/bergapfelplantagen-in-katalonien-eine-realitaet\/\" aria-label=\"Mehr Informationen \u00fcber Bergapfelplantagen in Katalonien, eine Realit\u00e4t\">Weiterlesen<\/a><\/p>\n","protected":false},"author":1,"featured_media":9562,"comment_status":"closed","ping_status":"closed","sticky":false,"template":"","format":"standard","meta":{"_jetpack_memberships_contains_paid_content":false,"footnotes":""},"categories":[25],"tags":[559,561,503,562,508,509,560,563,564],"class_list":["post-9571","post","type-post","status-publish","format-standard","has-post-thumbnail","hentry","category-nachrichten","tag-apfelbaeume","tag-berg","tag-catala-gruppe","tag-frucht","tag-grup-catala-de","tag-grupcatala-de","tag-hoehe","tag-qualitat-de","tag-realitat-de"],"yoast_head":"<!-- This site is optimized with the Yoast SEO plugin v27.5 - https:\/\/yoast.com\/product\/yoast-seo-wordpress\/ -->\n<title>Bergapfelplantagen in Katalonien, eine Realit\u00e4t<\/title>\n<meta name=\"description\" content=\"Das Bergobstanbauprojekt in Katalonien begann 2009, als IRTA (Institut f\u00fcr Agrarlebensmittelforschung und -technologie) und ADRR (Verein zur Entwicklung\" \/>\n<meta name=\"robots\" content=\"index, follow, max-snippet:-1, max-image-preview:large, max-video-preview:-1\" \/>\n<link rel=\"canonical\" href=\"https:\/\/www.grupocatala.com\/de\/bergapfelplantagen-in-katalonien-eine-realitaet\/\" \/>\n<meta property=\"og:locale\" content=\"de_DE\" \/>\n<meta property=\"og:type\" content=\"article\" \/>\n<meta property=\"og:title\" content=\"Bergapfelplantagen in Katalonien, eine Realit\u00e4t\" \/>\n<meta property=\"og:description\" content=\"Das Bergobstanbauprojekt in Katalonien begann 2009, als IRTA (Institut f\u00fcr Agrarlebensmittelforschung und -technologie) und ADRR (Verein zur Entwicklung\" \/>\n<meta property=\"og:url\" content=\"https:\/\/www.grupocatala.com\/de\/bergapfelplantagen-in-katalonien-eine-realitaet\/\" \/>\n<meta property=\"og:site_name\" content=\"GRUPO CATAL\u00c0\" \/>\n<meta property=\"article:published_time\" content=\"2021-02-07T11:00:03+00:00\" \/>\n<meta property=\"article:modified_time\" content=\"2021-02-12T17:50:10+00:00\" \/>\n<meta property=\"og:image\" content=\"https:\/\/i0.wp.com\/www.grupocatala.com\/wp-content\/uploads\/2021\/02\/primera.jpg?fit=580%2C330&ssl=1\" \/>\n\t<meta property=\"og:image:width\" content=\"580\" \/>\n\t<meta property=\"og:image:height\" content=\"330\" \/>\n\t<meta property=\"og:image:type\" content=\"image\/jpeg\" \/>\n<meta name=\"author\" content=\"SuperAdmin\" \/>\n<meta name=\"twitter:card\" content=\"summary_large_image\" \/>\n<meta name=\"twitter:label1\" content=\"Verfasst von\" \/>\n\t<meta name=\"twitter:data1\" content=\"SuperAdmin\" \/>\n\t<meta name=\"twitter:label2\" content=\"Gesch\u00e4tzte Lesezeit\" \/>\n\t<meta name=\"twitter:data2\" content=\"5 minutes\" \/>\n<script type=\"application\/ld+json\" class=\"yoast-schema-graph\">{\"@context\":\"https:\\\/\\\/schema.org\",\"@graph\":[{\"@type\":\"Article\",\"@id\":\"https:\\\/\\\/www.grupocatala.com\\\/de\\\/bergapfelplantagen-in-katalonien-eine-realitaet\\\/#article\",\"isPartOf\":{\"@id\":\"https:\\\/\\\/www.grupocatala.com\\\/de\\\/bergapfelplantagen-in-katalonien-eine-realitaet\\\/\"},\"author\":{\"name\":\"SuperAdmin\",\"@id\":\"https:\\\/\\\/www.grupocatala.com\\\/de\\\/#\\\/schema\\\/person\\\/dde7bbb2d234021641005d1e2b24bc23\"},\"headline\":\"Bergapfelplantagen in Katalonien, eine Realit\u00e4t\",\"datePublished\":\"2021-02-07T11:00:03+00:00\",\"dateModified\":\"2021-02-12T17:50:10+00:00\",\"mainEntityOfPage\":{\"@id\":\"https:\\\/\\\/www.grupocatala.com\\\/de\\\/bergapfelplantagen-in-katalonien-eine-realitaet\\\/\"},\"wordCount\":929,\"publisher\":{\"@id\":\"https:\\\/\\\/www.grupocatala.com\\\/de\\\/#organization\"},\"image\":{\"@id\":\"https:\\\/\\\/www.grupocatala.com\\\/de\\\/bergapfelplantagen-in-katalonien-eine-realitaet\\\/#primaryimage\"},\"thumbnailUrl\":\"https:\\\/\\\/i0.wp.com\\\/www.grupocatala.com\\\/wp-content\\\/uploads\\\/2021\\\/02\\\/primera.jpg?fit=580%2C330&ssl=1\",\"keywords\":[\"apfelb\u00e4ume\",\"berg\",\"Catala Gruppe\",\"frucht\",\"grup catala\",\"grupcatala\",\"h\u00f6he\",\"qualitat\",\"realitat\"],\"articleSection\":[\"Nachrichten\"],\"inLanguage\":\"de-DE\"},{\"@type\":\"WebPage\",\"@id\":\"https:\\\/\\\/www.grupocatala.com\\\/de\\\/bergapfelplantagen-in-katalonien-eine-realitaet\\\/\",\"url\":\"https:\\\/\\\/www.grupocatala.com\\\/de\\\/bergapfelplantagen-in-katalonien-eine-realitaet\\\/\",\"name\":\"Bergapfelplantagen in Katalonien, eine Realit\u00e4t\",\"isPartOf\":{\"@id\":\"https:\\\/\\\/www.grupocatala.com\\\/de\\\/#website\"},\"primaryImageOfPage\":{\"@id\":\"https:\\\/\\\/www.grupocatala.com\\\/de\\\/bergapfelplantagen-in-katalonien-eine-realitaet\\\/#primaryimage\"},\"image\":{\"@id\":\"https:\\\/\\\/www.grupocatala.com\\\/de\\\/bergapfelplantagen-in-katalonien-eine-realitaet\\\/#primaryimage\"},\"thumbnailUrl\":\"https:\\\/\\\/i0.wp.com\\\/www.grupocatala.com\\\/wp-content\\\/uploads\\\/2021\\\/02\\\/primera.jpg?fit=580%2C330&ssl=1\",\"datePublished\":\"2021-02-07T11:00:03+00:00\",\"dateModified\":\"2021-02-12T17:50:10+00:00\",\"description\":\"Das Bergobstanbauprojekt in Katalonien begann 2009, als IRTA (Institut f\u00fcr Agrarlebensmittelforschung und -technologie) und ADRR (Verein zur Entwicklung\",\"breadcrumb\":{\"@id\":\"https:\\\/\\\/www.grupocatala.com\\\/de\\\/bergapfelplantagen-in-katalonien-eine-realitaet\\\/#breadcrumb\"},\"inLanguage\":\"de-DE\",\"potentialAction\":[{\"@type\":\"ReadAction\",\"target\":[\"https:\\\/\\\/www.grupocatala.com\\\/de\\\/bergapfelplantagen-in-katalonien-eine-realitaet\\\/\"]}]},{\"@type\":\"ImageObject\",\"inLanguage\":\"de-DE\",\"@id\":\"https:\\\/\\\/www.grupocatala.com\\\/de\\\/bergapfelplantagen-in-katalonien-eine-realitaet\\\/#primaryimage\",\"url\":\"https:\\\/\\\/i0.wp.com\\\/www.grupocatala.com\\\/wp-content\\\/uploads\\\/2021\\\/02\\\/primera.jpg?fit=580%2C330&ssl=1\",\"contentUrl\":\"https:\\\/\\\/i0.wp.com\\\/www.grupocatala.com\\\/wp-content\\\/uploads\\\/2021\\\/02\\\/primera.jpg?fit=580%2C330&ssl=1\",\"width\":580,\"height\":330},{\"@type\":\"BreadcrumbList\",\"@id\":\"https:\\\/\\\/www.grupocatala.com\\\/de\\\/bergapfelplantagen-in-katalonien-eine-realitaet\\\/#breadcrumb\",\"itemListElement\":[{\"@type\":\"ListItem\",\"position\":1,\"name\":\"Portada\",\"item\":\"https:\\\/\\\/www.grupocatala.com\\\/de\\\/\"},{\"@type\":\"ListItem\",\"position\":2,\"name\":\"Bergapfelplantagen in Katalonien, eine Realit\u00e4t\"}]},{\"@type\":\"WebSite\",\"@id\":\"https:\\\/\\\/www.grupocatala.com\\\/de\\\/#website\",\"url\":\"https:\\\/\\\/www.grupocatala.com\\\/de\\\/\",\"name\":\"GRUPO CATAL\u00c0\",\"description\":\"\",\"publisher\":{\"@id\":\"https:\\\/\\\/www.grupocatala.com\\\/de\\\/#organization\"},\"potentialAction\":[{\"@type\":\"SearchAction\",\"target\":{\"@type\":\"EntryPoint\",\"urlTemplate\":\"https:\\\/\\\/www.grupocatala.com\\\/de\\\/?s={search_term_string}\"},\"query-input\":{\"@type\":\"PropertyValueSpecification\",\"valueRequired\":true,\"valueName\":\"search_term_string\"}}],\"inLanguage\":\"de-DE\"},{\"@type\":\"Organization\",\"@id\":\"https:\\\/\\\/www.grupocatala.com\\\/de\\\/#organization\",\"name\":\"Grupo Catala\",\"url\":\"https:\\\/\\\/www.grupocatala.com\\\/de\\\/\",\"logo\":{\"@type\":\"ImageObject\",\"inLanguage\":\"de-DE\",\"@id\":\"https:\\\/\\\/www.grupocatala.com\\\/de\\\/#\\\/schema\\\/logo\\\/image\\\/\",\"url\":\"https:\\\/\\\/i0.wp.com\\\/www.grupocatala.com\\\/wp-content\\\/uploads\\\/2020\\\/03\\\/cropped-logo_blanc-1.png?fit=250%2C57&ssl=1\",\"contentUrl\":\"https:\\\/\\\/i0.wp.com\\\/www.grupocatala.com\\\/wp-content\\\/uploads\\\/2020\\\/03\\\/cropped-logo_blanc-1.png?fit=250%2C57&ssl=1\",\"width\":250,\"height\":57,\"caption\":\"Grupo Catala\"},\"image\":{\"@id\":\"https:\\\/\\\/www.grupocatala.com\\\/de\\\/#\\\/schema\\\/logo\\\/image\\\/\"},\"sameAs\":[\"https:\\\/\\\/www.instagram.com\\\/grupocatala\"]},{\"@type\":\"Person\",\"@id\":\"https:\\\/\\\/www.grupocatala.com\\\/de\\\/#\\\/schema\\\/person\\\/dde7bbb2d234021641005d1e2b24bc23\",\"name\":\"SuperAdmin\"}]}<\/script>\n<!-- \/ Yoast SEO plugin. -->","yoast_head_json":{"title":"Bergapfelplantagen in Katalonien, eine Realit\u00e4t","description":"Das Bergobstanbauprojekt in Katalonien begann 2009, als IRTA (Institut f\u00fcr Agrarlebensmittelforschung und -technologie) und ADRR (Verein zur Entwicklung","robots":{"index":"index","follow":"follow","max-snippet":"max-snippet:-1","max-image-preview":"max-image-preview:large","max-video-preview":"max-video-preview:-1"},"canonical":"https:\/\/www.grupocatala.com\/de\/bergapfelplantagen-in-katalonien-eine-realitaet\/","og_locale":"de_DE","og_type":"article","og_title":"Bergapfelplantagen in Katalonien, eine Realit\u00e4t","og_description":"Das Bergobstanbauprojekt in Katalonien begann 2009, als IRTA (Institut f\u00fcr Agrarlebensmittelforschung und -technologie) und ADRR (Verein zur Entwicklung","og_url":"https:\/\/www.grupocatala.com\/de\/bergapfelplantagen-in-katalonien-eine-realitaet\/","og_site_name":"GRUPO CATAL\u00c0","article_published_time":"2021-02-07T11:00:03+00:00","article_modified_time":"2021-02-12T17:50:10+00:00","og_image":[{"width":580,"height":330,"url":"https:\/\/i0.wp.com\/www.grupocatala.com\/wp-content\/uploads\/2021\/02\/primera.jpg?fit=580%2C330&ssl=1","type":"image\/jpeg"}],"author":"SuperAdmin","twitter_card":"summary_large_image","twitter_misc":{"Verfasst von":"SuperAdmin","Gesch\u00e4tzte Lesezeit":"5 minutes"},"schema":{"@context":"https:\/\/schema.org","@graph":[{"@type":"Article","@id":"https:\/\/www.grupocatala.com\/de\/bergapfelplantagen-in-katalonien-eine-realitaet\/#article","isPartOf":{"@id":"https:\/\/www.grupocatala.com\/de\/bergapfelplantagen-in-katalonien-eine-realitaet\/"},"author":{"name":"SuperAdmin","@id":"https:\/\/www.grupocatala.com\/de\/#\/schema\/person\/dde7bbb2d234021641005d1e2b24bc23"},"headline":"Bergapfelplantagen in Katalonien, eine Realit\u00e4t","datePublished":"2021-02-07T11:00:03+00:00","dateModified":"2021-02-12T17:50:10+00:00","mainEntityOfPage":{"@id":"https:\/\/www.grupocatala.com\/de\/bergapfelplantagen-in-katalonien-eine-realitaet\/"},"wordCount":929,"publisher":{"@id":"https:\/\/www.grupocatala.com\/de\/#organization"},"image":{"@id":"https:\/\/www.grupocatala.com\/de\/bergapfelplantagen-in-katalonien-eine-realitaet\/#primaryimage"},"thumbnailUrl":"https:\/\/i0.wp.com\/www.grupocatala.com\/wp-content\/uploads\/2021\/02\/primera.jpg?fit=580%2C330&ssl=1","keywords":["apfelb\u00e4ume","berg","Catala Gruppe","frucht","grup catala","grupcatala","h\u00f6he","qualitat","realitat"],"articleSection":["Nachrichten"],"inLanguage":"de-DE"},{"@type":"WebPage","@id":"https:\/\/www.grupocatala.com\/de\/bergapfelplantagen-in-katalonien-eine-realitaet\/","url":"https:\/\/www.grupocatala.com\/de\/bergapfelplantagen-in-katalonien-eine-realitaet\/","name":"Bergapfelplantagen in Katalonien, eine Realit\u00e4t","isPartOf":{"@id":"https:\/\/www.grupocatala.com\/de\/#website"},"primaryImageOfPage":{"@id":"https:\/\/www.grupocatala.com\/de\/bergapfelplantagen-in-katalonien-eine-realitaet\/#primaryimage"},"image":{"@id":"https:\/\/www.grupocatala.com\/de\/bergapfelplantagen-in-katalonien-eine-realitaet\/#primaryimage"},"thumbnailUrl":"https:\/\/i0.wp.com\/www.grupocatala.com\/wp-content\/uploads\/2021\/02\/primera.jpg?fit=580%2C330&ssl=1","datePublished":"2021-02-07T11:00:03+00:00","dateModified":"2021-02-12T17:50:10+00:00","description":"Das Bergobstanbauprojekt in Katalonien begann 2009, als IRTA (Institut f\u00fcr Agrarlebensmittelforschung und -technologie) und ADRR (Verein zur Entwicklung","breadcrumb":{"@id":"https:\/\/www.grupocatala.com\/de\/bergapfelplantagen-in-katalonien-eine-realitaet\/#breadcrumb"},"inLanguage":"de-DE","potentialAction":[{"@type":"ReadAction","target":["https:\/\/www.grupocatala.com\/de\/bergapfelplantagen-in-katalonien-eine-realitaet\/"]}]},{"@type":"ImageObject","inLanguage":"de-DE","@id":"https:\/\/www.grupocatala.com\/de\/bergapfelplantagen-in-katalonien-eine-realitaet\/#primaryimage","url":"https:\/\/i0.wp.com\/www.grupocatala.com\/wp-content\/uploads\/2021\/02\/primera.jpg?fit=580%2C330&ssl=1","contentUrl":"https:\/\/i0.wp.com\/www.grupocatala.com\/wp-content\/uploads\/2021\/02\/primera.jpg?fit=580%2C330&ssl=1","width":580,"height":330},{"@type":"BreadcrumbList","@id":"https:\/\/www.grupocatala.com\/de\/bergapfelplantagen-in-katalonien-eine-realitaet\/#breadcrumb","itemListElement":[{"@type":"ListItem","position":1,"name":"Portada","item":"https:\/\/www.grupocatala.com\/de\/"},{"@type":"ListItem","position":2,"name":"Bergapfelplantagen in Katalonien, eine Realit\u00e4t"}]},{"@type":"WebSite","@id":"https:\/\/www.grupocatala.com\/de\/#website","url":"https:\/\/www.grupocatala.com\/de\/","name":"GRUPO CATAL\u00c0","description":"","publisher":{"@id":"https:\/\/www.grupocatala.com\/de\/#organization"},"potentialAction":[{"@type":"SearchAction","target":{"@type":"EntryPoint","urlTemplate":"https:\/\/www.grupocatala.com\/de\/?s={search_term_string}"},"query-input":{"@type":"PropertyValueSpecification","valueRequired":true,"valueName":"search_term_string"}}],"inLanguage":"de-DE"},{"@type":"Organization","@id":"https:\/\/www.grupocatala.com\/de\/#organization","name":"Grupo Catala","url":"https:\/\/www.grupocatala.com\/de\/","logo":{"@type":"ImageObject","inLanguage":"de-DE","@id":"https:\/\/www.grupocatala.com\/de\/#\/schema\/logo\/image\/","url":"https:\/\/i0.wp.com\/www.grupocatala.com\/wp-content\/uploads\/2020\/03\/cropped-logo_blanc-1.png?fit=250%2C57&ssl=1","contentUrl":"https:\/\/i0.wp.com\/www.grupocatala.com\/wp-content\/uploads\/2020\/03\/cropped-logo_blanc-1.png?fit=250%2C57&ssl=1","width":250,"height":57,"caption":"Grupo Catala"},"image":{"@id":"https:\/\/www.grupocatala.com\/de\/#\/schema\/logo\/image\/"},"sameAs":["https:\/\/www.instagram.com\/grupocatala"]},{"@type":"Person","@id":"https:\/\/www.grupocatala.com\/de\/#\/schema\/person\/dde7bbb2d234021641005d1e2b24bc23","name":"SuperAdmin"}]}},"jetpack_featured_media_url":"https:\/\/i0.wp.com\/www.grupocatala.com\/wp-content\/uploads\/2021\/02\/primera.jpg?fit=580%2C330&ssl=1","jetpack_sharing_enabled":true,"_links":{"self":[{"href":"https:\/\/www.grupocatala.com\/de\/wp-json\/wp\/v2\/posts\/9571","targetHints":{"allow":["GET"]}}],"collection":[{"href":"https:\/\/www.grupocatala.com\/de\/wp-json\/wp\/v2\/posts"}],"about":[{"href":"https:\/\/www.grupocatala.com\/de\/wp-json\/wp\/v2\/types\/post"}],"author":[{"embeddable":true,"href":"https:\/\/www.grupocatala.com\/de\/wp-json\/wp\/v2\/users\/1"}],"replies":[{"embeddable":true,"href":"https:\/\/www.grupocatala.com\/de\/wp-json\/wp\/v2\/comments?post=9571"}],"version-history":[{"count":0,"href":"https:\/\/www.grupocatala.com\/de\/wp-json\/wp\/v2\/posts\/9571\/revisions"}],"wp:featuredmedia":[{"embeddable":true,"href":"https:\/\/www.grupocatala.com\/de\/wp-json\/wp\/v2\/media\/9562"}],"wp:attachment":[{"href":"https:\/\/www.grupocatala.com\/de\/wp-json\/wp\/v2\/media?parent=9571"}],"wp:term":[{"taxonomy":"category","embeddable":true,"href":"https:\/\/www.grupocatala.com\/de\/wp-json\/wp\/v2\/categories?post=9571"},{"taxonomy":"post_tag","embeddable":true,"href":"https:\/\/www.grupocatala.com\/de\/wp-json\/wp\/v2\/tags?post=9571"}],"curies":[{"name":"wp","href":"https:\/\/api.w.org\/{rel}","templated":true}]}}