{"id":9547,"date":"2019-06-11T12:00:38","date_gmt":"2019-06-11T10:00:38","guid":{"rendered":"https:\/\/www.grupocatala.com\/?p=9547"},"modified":"2021-04-22T12:58:15","modified_gmt":"2021-04-22T10:58:15","slug":"projekt-zur-installation-der-groessten-solaren-eigenverbrauchsanlage-in-lleida-in-la-portella","status":"publish","type":"post","link":"https:\/\/www.grupocatala.com\/de\/projekt-zur-installation-der-groessten-solaren-eigenverbrauchsanlage-in-lleida-in-la-portella\/","title":{"rendered":"Projekt zur Installation der gr\u00f6\u00dften solaren Eigenverbrauchsanlage in Lleida in La Portella"},"content":{"rendered":"<p>Diese Anlage mit 1.763,75 kWp wird 2.851 MWh pro Jahr sauberen Strom erzeugen. Dies ist ein Beitrag zur nachhaltigen Entwicklung unserer Gesellschaft in Bezug auf die Umwelt, dank der Einsparungen bei den Emissionen von Schadstoffen, die aus konventioneller Energie stammen, in die Atmosph\u00e4re Quellen, Reduzierung des CO2-Fu\u00dfabdrucks; gleichzeitig k\u00f6nnen Sie damit 37% Ihres aktuellen Stromverbrauchs einsparen. Die Solaranlage wird mehr als 5.700 Photovoltaik-Module haben<\/p>\n","protected":false},"excerpt":{"rendered":"<p>Diese Anlage mit 1.763,75 kWp wird 2.851 MWh pro Jahr sauberen Strom erzeugen. Dies ist ein Beitrag zur nachhaltigen Entwicklung unserer Gesellschaft in Bezug auf die Umwelt, dank der Einsparungen &#8230; <a title=\"Projekt zur Installation der gr\u00f6\u00dften solaren Eigenverbrauchsanlage in Lleida in La Portella\" class=\"read-more\" href=\"https:\/\/www.grupocatala.com\/de\/projekt-zur-installation-der-groessten-solaren-eigenverbrauchsanlage-in-lleida-in-la-portella\/\" aria-label=\"Mehr Informationen \u00fcber Projekt zur Installation der gr\u00f6\u00dften solaren Eigenverbrauchsanlage in Lleida in La Portella\">Weiterlesen<\/a><\/p>\n","protected":false},"author":1,"featured_media":9541,"comment_status":"closed","ping_status":"closed","sticky":false,"template":"","format":"standard","meta":{"_jetpack_memberships_contains_paid_content":false,"footnotes":""},"categories":[],"tags":[592,503,593,595,508,509,512,594,598,596,597],"class_list":["post-9547","post","type-post","status-publish","format-standard","has-post-thumbnail","hentry","tag-anlage","tag-catala-gruppe","tag-eigenverbrauch","tag-gross","tag-grup-catala-de","tag-grupcatala-de","tag-lleida-de","tag-nachhaltigkeit","tag-portella-de","tag-projekt","tag-solar-de"],"yoast_head":"<!-- This site is optimized with the Yoast SEO plugin v27.5 - https:\/\/yoast.com\/product\/yoast-seo-wordpress\/ -->\n<title>Projekt zur Installation der gr\u00f6\u00dften solaren Eigenverbrauchsanlage in Lleida in La Portella<\/title>\n<meta name=\"description\" content=\"Diese Anlage mit 1.763,75 kWp wird 2.851 MWh pro Jahr sauberen Strom erzeugen. Dies ist ein Beitrag zur nachhaltigen Entwicklung unserer Gesellschaft in\" \/>\n<meta name=\"robots\" content=\"index, follow, max-snippet:-1, max-image-preview:large, max-video-preview:-1\" \/>\n<link rel=\"canonical\" href=\"https:\/\/www.grupocatala.com\/de\/projekt-zur-installation-der-groessten-solaren-eigenverbrauchsanlage-in-lleida-in-la-portella\/\" \/>\n<meta property=\"og:locale\" content=\"de_DE\" \/>\n<meta property=\"og:type\" content=\"article\" \/>\n<meta property=\"og:title\" content=\"Projekt zur Installation der gr\u00f6\u00dften solaren Eigenverbrauchsanlage in Lleida in La Portella\" \/>\n<meta property=\"og:description\" content=\"Diese Anlage mit 1.763,75 kWp wird 2.851 MWh pro Jahr sauberen Strom erzeugen. Dies ist ein Beitrag zur nachhaltigen Entwicklung unserer Gesellschaft in\" \/>\n<meta property=\"og:url\" content=\"https:\/\/www.grupocatala.com\/de\/projekt-zur-installation-der-groessten-solaren-eigenverbrauchsanlage-in-lleida-in-la-portella\/\" \/>\n<meta property=\"og:site_name\" content=\"GRUPO CATAL\u00c0\" \/>\n<meta property=\"article:published_time\" content=\"2019-06-11T10:00:38+00:00\" \/>\n<meta property=\"article:modified_time\" content=\"2021-04-22T10:58:15+00:00\" \/>\n<meta property=\"og:image\" content=\"https:\/\/i1.wp.com\/www.grupocatala.com\/wp-content\/uploads\/2021\/02\/american-public-power-association-513dBrMJ_5w-unsplash-e1619089089932.jpg?fit=650%2C432&ssl=1\" \/>\n\t<meta property=\"og:image:width\" content=\"650\" \/>\n\t<meta property=\"og:image:height\" content=\"432\" \/>\n\t<meta property=\"og:image:type\" content=\"image\/jpeg\" \/>\n<meta name=\"author\" content=\"SuperAdmin\" \/>\n<meta name=\"twitter:card\" content=\"summary_large_image\" \/>\n<meta name=\"twitter:label1\" content=\"Verfasst von\" \/>\n\t<meta name=\"twitter:data1\" content=\"SuperAdmin\" \/>\n<script type=\"application\/ld+json\" class=\"yoast-schema-graph\">{\"@context\":\"https:\\\/\\\/schema.org\",\"@graph\":[{\"@type\":\"Article\",\"@id\":\"https:\\\/\\\/www.grupocatala.com\\\/de\\\/projekt-zur-installation-der-groessten-solaren-eigenverbrauchsanlage-in-lleida-in-la-portella\\\/#article\",\"isPartOf\":{\"@id\":\"https:\\\/\\\/www.grupocatala.com\\\/de\\\/projekt-zur-installation-der-groessten-solaren-eigenverbrauchsanlage-in-lleida-in-la-portella\\\/\"},\"author\":{\"name\":\"SuperAdmin\",\"@id\":\"https:\\\/\\\/www.grupocatala.com\\\/de\\\/#\\\/schema\\\/person\\\/dde7bbb2d234021641005d1e2b24bc23\"},\"headline\":\"Projekt zur Installation der gr\u00f6\u00dften solaren Eigenverbrauchsanlage in Lleida in La Portella\",\"datePublished\":\"2019-06-11T10:00:38+00:00\",\"dateModified\":\"2021-04-22T10:58:15+00:00\",\"mainEntityOfPage\":{\"@id\":\"https:\\\/\\\/www.grupocatala.com\\\/de\\\/projekt-zur-installation-der-groessten-solaren-eigenverbrauchsanlage-in-lleida-in-la-portella\\\/\"},\"wordCount\":77,\"publisher\":{\"@id\":\"https:\\\/\\\/www.grupocatala.com\\\/de\\\/#organization\"},\"image\":{\"@id\":\"https:\\\/\\\/www.grupocatala.com\\\/de\\\/projekt-zur-installation-der-groessten-solaren-eigenverbrauchsanlage-in-lleida-in-la-portella\\\/#primaryimage\"},\"thumbnailUrl\":\"https:\\\/\\\/i0.wp.com\\\/www.grupocatala.com\\\/wp-content\\\/uploads\\\/2021\\\/02\\\/american-public-power-association-513dBrMJ_5w-unsplash-e1619089089932.jpg?fit=650%2C432&ssl=1\",\"keywords\":[\"Anlage\",\"Catala Gruppe\",\"Eigenverbrauch\",\"gro\u00df\",\"grup catala\",\"grupcatala\",\"lleida\",\"Nachhaltigkeit\",\"Portella\",\"Projekt\",\"solar\"],\"inLanguage\":\"de-DE\"},{\"@type\":\"WebPage\",\"@id\":\"https:\\\/\\\/www.grupocatala.com\\\/de\\\/projekt-zur-installation-der-groessten-solaren-eigenverbrauchsanlage-in-lleida-in-la-portella\\\/\",\"url\":\"https:\\\/\\\/www.grupocatala.com\\\/de\\\/projekt-zur-installation-der-groessten-solaren-eigenverbrauchsanlage-in-lleida-in-la-portella\\\/\",\"name\":\"Projekt zur Installation der gr\u00f6\u00dften solaren Eigenverbrauchsanlage in Lleida in La Portella\",\"isPartOf\":{\"@id\":\"https:\\\/\\\/www.grupocatala.com\\\/de\\\/#website\"},\"primaryImageOfPage\":{\"@id\":\"https:\\\/\\\/www.grupocatala.com\\\/de\\\/projekt-zur-installation-der-groessten-solaren-eigenverbrauchsanlage-in-lleida-in-la-portella\\\/#primaryimage\"},\"image\":{\"@id\":\"https:\\\/\\\/www.grupocatala.com\\\/de\\\/projekt-zur-installation-der-groessten-solaren-eigenverbrauchsanlage-in-lleida-in-la-portella\\\/#primaryimage\"},\"thumbnailUrl\":\"https:\\\/\\\/i0.wp.com\\\/www.grupocatala.com\\\/wp-content\\\/uploads\\\/2021\\\/02\\\/american-public-power-association-513dBrMJ_5w-unsplash-e1619089089932.jpg?fit=650%2C432&ssl=1\",\"datePublished\":\"2019-06-11T10:00:38+00:00\",\"dateModified\":\"2021-04-22T10:58:15+00:00\",\"description\":\"Diese Anlage mit 1.763,75 kWp wird 2.851 MWh pro Jahr sauberen Strom erzeugen. Dies ist ein Beitrag zur nachhaltigen Entwicklung unserer Gesellschaft in\",\"breadcrumb\":{\"@id\":\"https:\\\/\\\/www.grupocatala.com\\\/de\\\/projekt-zur-installation-der-groessten-solaren-eigenverbrauchsanlage-in-lleida-in-la-portella\\\/#breadcrumb\"},\"inLanguage\":\"de-DE\",\"potentialAction\":[{\"@type\":\"ReadAction\",\"target\":[\"https:\\\/\\\/www.grupocatala.com\\\/de\\\/projekt-zur-installation-der-groessten-solaren-eigenverbrauchsanlage-in-lleida-in-la-portella\\\/\"]}]},{\"@type\":\"ImageObject\",\"inLanguage\":\"de-DE\",\"@id\":\"https:\\\/\\\/www.grupocatala.com\\\/de\\\/projekt-zur-installation-der-groessten-solaren-eigenverbrauchsanlage-in-lleida-in-la-portella\\\/#primaryimage\",\"url\":\"https:\\\/\\\/i0.wp.com\\\/www.grupocatala.com\\\/wp-content\\\/uploads\\\/2021\\\/02\\\/american-public-power-association-513dBrMJ_5w-unsplash-e1619089089932.jpg?fit=650%2C432&ssl=1\",\"contentUrl\":\"https:\\\/\\\/i0.wp.com\\\/www.grupocatala.com\\\/wp-content\\\/uploads\\\/2021\\\/02\\\/american-public-power-association-513dBrMJ_5w-unsplash-e1619089089932.jpg?fit=650%2C432&ssl=1\",\"width\":650,\"height\":432},{\"@type\":\"BreadcrumbList\",\"@id\":\"https:\\\/\\\/www.grupocatala.com\\\/de\\\/projekt-zur-installation-der-groessten-solaren-eigenverbrauchsanlage-in-lleida-in-la-portella\\\/#breadcrumb\",\"itemListElement\":[{\"@type\":\"ListItem\",\"position\":1,\"name\":\"Portada\",\"item\":\"https:\\\/\\\/www.grupocatala.com\\\/de\\\/\"},{\"@type\":\"ListItem\",\"position\":2,\"name\":\"Projekt zur Installation der gr\u00f6\u00dften solaren Eigenverbrauchsanlage in Lleida in La Portella\"}]},{\"@type\":\"WebSite\",\"@id\":\"https:\\\/\\\/www.grupocatala.com\\\/de\\\/#website\",\"url\":\"https:\\\/\\\/www.grupocatala.com\\\/de\\\/\",\"name\":\"GRUPO CATAL\u00c0\",\"description\":\"\",\"publisher\":{\"@id\":\"https:\\\/\\\/www.grupocatala.com\\\/de\\\/#organization\"},\"potentialAction\":[{\"@type\":\"SearchAction\",\"target\":{\"@type\":\"EntryPoint\",\"urlTemplate\":\"https:\\\/\\\/www.grupocatala.com\\\/de\\\/?s={search_term_string}\"},\"query-input\":{\"@type\":\"PropertyValueSpecification\",\"valueRequired\":true,\"valueName\":\"search_term_string\"}}],\"inLanguage\":\"de-DE\"},{\"@type\":\"Organization\",\"@id\":\"https:\\\/\\\/www.grupocatala.com\\\/de\\\/#organization\",\"name\":\"Grupo Catala\",\"url\":\"https:\\\/\\\/www.grupocatala.com\\\/de\\\/\",\"logo\":{\"@type\":\"ImageObject\",\"inLanguage\":\"de-DE\",\"@id\":\"https:\\\/\\\/www.grupocatala.com\\\/de\\\/#\\\/schema\\\/logo\\\/image\\\/\",\"url\":\"https:\\\/\\\/i0.wp.com\\\/www.grupocatala.com\\\/wp-content\\\/uploads\\\/2020\\\/03\\\/cropped-logo_blanc-1.png?fit=250%2C57&ssl=1\",\"contentUrl\":\"https:\\\/\\\/i0.wp.com\\\/www.grupocatala.com\\\/wp-content\\\/uploads\\\/2020\\\/03\\\/cropped-logo_blanc-1.png?fit=250%2C57&ssl=1\",\"width\":250,\"height\":57,\"caption\":\"Grupo Catala\"},\"image\":{\"@id\":\"https:\\\/\\\/www.grupocatala.com\\\/de\\\/#\\\/schema\\\/logo\\\/image\\\/\"},\"sameAs\":[\"https:\\\/\\\/www.instagram.com\\\/grupocatala\"]},{\"@type\":\"Person\",\"@id\":\"https:\\\/\\\/www.grupocatala.com\\\/de\\\/#\\\/schema\\\/person\\\/dde7bbb2d234021641005d1e2b24bc23\",\"name\":\"SuperAdmin\"}]}<\/script>\n<!-- \/ Yoast SEO plugin. -->","yoast_head_json":{"title":"Projekt zur Installation der gr\u00f6\u00dften solaren Eigenverbrauchsanlage in Lleida in La Portella","description":"Diese Anlage mit 1.763,75 kWp wird 2.851 MWh pro Jahr sauberen Strom erzeugen. Dies ist ein Beitrag zur nachhaltigen Entwicklung unserer Gesellschaft in","robots":{"index":"index","follow":"follow","max-snippet":"max-snippet:-1","max-image-preview":"max-image-preview:large","max-video-preview":"max-video-preview:-1"},"canonical":"https:\/\/www.grupocatala.com\/de\/projekt-zur-installation-der-groessten-solaren-eigenverbrauchsanlage-in-lleida-in-la-portella\/","og_locale":"de_DE","og_type":"article","og_title":"Projekt zur Installation der gr\u00f6\u00dften solaren Eigenverbrauchsanlage in Lleida in La Portella","og_description":"Diese Anlage mit 1.763,75 kWp wird 2.851 MWh pro Jahr sauberen Strom erzeugen. Dies ist ein Beitrag zur nachhaltigen Entwicklung unserer Gesellschaft in","og_url":"https:\/\/www.grupocatala.com\/de\/projekt-zur-installation-der-groessten-solaren-eigenverbrauchsanlage-in-lleida-in-la-portella\/","og_site_name":"GRUPO CATAL\u00c0","article_published_time":"2019-06-11T10:00:38+00:00","article_modified_time":"2021-04-22T10:58:15+00:00","og_image":[{"width":650,"height":432,"url":"https:\/\/i1.wp.com\/www.grupocatala.com\/wp-content\/uploads\/2021\/02\/american-public-power-association-513dBrMJ_5w-unsplash-e1619089089932.jpg?fit=650%2C432&ssl=1","type":"image\/jpeg"}],"author":"SuperAdmin","twitter_card":"summary_large_image","twitter_misc":{"Verfasst von":"SuperAdmin"},"schema":{"@context":"https:\/\/schema.org","@graph":[{"@type":"Article","@id":"https:\/\/www.grupocatala.com\/de\/projekt-zur-installation-der-groessten-solaren-eigenverbrauchsanlage-in-lleida-in-la-portella\/#article","isPartOf":{"@id":"https:\/\/www.grupocatala.com\/de\/projekt-zur-installation-der-groessten-solaren-eigenverbrauchsanlage-in-lleida-in-la-portella\/"},"author":{"name":"SuperAdmin","@id":"https:\/\/www.grupocatala.com\/de\/#\/schema\/person\/dde7bbb2d234021641005d1e2b24bc23"},"headline":"Projekt zur Installation der gr\u00f6\u00dften solaren Eigenverbrauchsanlage in Lleida in La Portella","datePublished":"2019-06-11T10:00:38+00:00","dateModified":"2021-04-22T10:58:15+00:00","mainEntityOfPage":{"@id":"https:\/\/www.grupocatala.com\/de\/projekt-zur-installation-der-groessten-solaren-eigenverbrauchsanlage-in-lleida-in-la-portella\/"},"wordCount":77,"publisher":{"@id":"https:\/\/www.grupocatala.com\/de\/#organization"},"image":{"@id":"https:\/\/www.grupocatala.com\/de\/projekt-zur-installation-der-groessten-solaren-eigenverbrauchsanlage-in-lleida-in-la-portella\/#primaryimage"},"thumbnailUrl":"https:\/\/i0.wp.com\/www.grupocatala.com\/wp-content\/uploads\/2021\/02\/american-public-power-association-513dBrMJ_5w-unsplash-e1619089089932.jpg?fit=650%2C432&ssl=1","keywords":["Anlage","Catala Gruppe","Eigenverbrauch","gro\u00df","grup catala","grupcatala","lleida","Nachhaltigkeit","Portella","Projekt","solar"],"inLanguage":"de-DE"},{"@type":"WebPage","@id":"https:\/\/www.grupocatala.com\/de\/projekt-zur-installation-der-groessten-solaren-eigenverbrauchsanlage-in-lleida-in-la-portella\/","url":"https:\/\/www.grupocatala.com\/de\/projekt-zur-installation-der-groessten-solaren-eigenverbrauchsanlage-in-lleida-in-la-portella\/","name":"Projekt zur Installation der gr\u00f6\u00dften solaren Eigenverbrauchsanlage in Lleida in La Portella","isPartOf":{"@id":"https:\/\/www.grupocatala.com\/de\/#website"},"primaryImageOfPage":{"@id":"https:\/\/www.grupocatala.com\/de\/projekt-zur-installation-der-groessten-solaren-eigenverbrauchsanlage-in-lleida-in-la-portella\/#primaryimage"},"image":{"@id":"https:\/\/www.grupocatala.com\/de\/projekt-zur-installation-der-groessten-solaren-eigenverbrauchsanlage-in-lleida-in-la-portella\/#primaryimage"},"thumbnailUrl":"https:\/\/i0.wp.com\/www.grupocatala.com\/wp-content\/uploads\/2021\/02\/american-public-power-association-513dBrMJ_5w-unsplash-e1619089089932.jpg?fit=650%2C432&ssl=1","datePublished":"2019-06-11T10:00:38+00:00","dateModified":"2021-04-22T10:58:15+00:00","description":"Diese Anlage mit 1.763,75 kWp wird 2.851 MWh pro Jahr sauberen Strom erzeugen. Dies ist ein Beitrag zur nachhaltigen Entwicklung unserer Gesellschaft in","breadcrumb":{"@id":"https:\/\/www.grupocatala.com\/de\/projekt-zur-installation-der-groessten-solaren-eigenverbrauchsanlage-in-lleida-in-la-portella\/#breadcrumb"},"inLanguage":"de-DE","potentialAction":[{"@type":"ReadAction","target":["https:\/\/www.grupocatala.com\/de\/projekt-zur-installation-der-groessten-solaren-eigenverbrauchsanlage-in-lleida-in-la-portella\/"]}]},{"@type":"ImageObject","inLanguage":"de-DE","@id":"https:\/\/www.grupocatala.com\/de\/projekt-zur-installation-der-groessten-solaren-eigenverbrauchsanlage-in-lleida-in-la-portella\/#primaryimage","url":"https:\/\/i0.wp.com\/www.grupocatala.com\/wp-content\/uploads\/2021\/02\/american-public-power-association-513dBrMJ_5w-unsplash-e1619089089932.jpg?fit=650%2C432&ssl=1","contentUrl":"https:\/\/i0.wp.com\/www.grupocatala.com\/wp-content\/uploads\/2021\/02\/american-public-power-association-513dBrMJ_5w-unsplash-e1619089089932.jpg?fit=650%2C432&ssl=1","width":650,"height":432},{"@type":"BreadcrumbList","@id":"https:\/\/www.grupocatala.com\/de\/projekt-zur-installation-der-groessten-solaren-eigenverbrauchsanlage-in-lleida-in-la-portella\/#breadcrumb","itemListElement":[{"@type":"ListItem","position":1,"name":"Portada","item":"https:\/\/www.grupocatala.com\/de\/"},{"@type":"ListItem","position":2,"name":"Projekt zur Installation der gr\u00f6\u00dften solaren Eigenverbrauchsanlage in Lleida in La Portella"}]},{"@type":"WebSite","@id":"https:\/\/www.grupocatala.com\/de\/#website","url":"https:\/\/www.grupocatala.com\/de\/","name":"GRUPO CATAL\u00c0","description":"","publisher":{"@id":"https:\/\/www.grupocatala.com\/de\/#organization"},"potentialAction":[{"@type":"SearchAction","target":{"@type":"EntryPoint","urlTemplate":"https:\/\/www.grupocatala.com\/de\/?s={search_term_string}"},"query-input":{"@type":"PropertyValueSpecification","valueRequired":true,"valueName":"search_term_string"}}],"inLanguage":"de-DE"},{"@type":"Organization","@id":"https:\/\/www.grupocatala.com\/de\/#organization","name":"Grupo Catala","url":"https:\/\/www.grupocatala.com\/de\/","logo":{"@type":"ImageObject","inLanguage":"de-DE","@id":"https:\/\/www.grupocatala.com\/de\/#\/schema\/logo\/image\/","url":"https:\/\/i0.wp.com\/www.grupocatala.com\/wp-content\/uploads\/2020\/03\/cropped-logo_blanc-1.png?fit=250%2C57&ssl=1","contentUrl":"https:\/\/i0.wp.com\/www.grupocatala.com\/wp-content\/uploads\/2020\/03\/cropped-logo_blanc-1.png?fit=250%2C57&ssl=1","width":250,"height":57,"caption":"Grupo Catala"},"image":{"@id":"https:\/\/www.grupocatala.com\/de\/#\/schema\/logo\/image\/"},"sameAs":["https:\/\/www.instagram.com\/grupocatala"]},{"@type":"Person","@id":"https:\/\/www.grupocatala.com\/de\/#\/schema\/person\/dde7bbb2d234021641005d1e2b24bc23","name":"SuperAdmin"}]}},"jetpack_featured_media_url":"https:\/\/i0.wp.com\/www.grupocatala.com\/wp-content\/uploads\/2021\/02\/american-public-power-association-513dBrMJ_5w-unsplash-e1619089089932.jpg?fit=650%2C432&ssl=1","jetpack_sharing_enabled":true,"_links":{"self":[{"href":"https:\/\/www.grupocatala.com\/de\/wp-json\/wp\/v2\/posts\/9547","targetHints":{"allow":["GET"]}}],"collection":[{"href":"https:\/\/www.grupocatala.com\/de\/wp-json\/wp\/v2\/posts"}],"about":[{"href":"https:\/\/www.grupocatala.com\/de\/wp-json\/wp\/v2\/types\/post"}],"author":[{"embeddable":true,"href":"https:\/\/www.grupocatala.com\/de\/wp-json\/wp\/v2\/users\/1"}],"replies":[{"embeddable":true,"href":"https:\/\/www.grupocatala.com\/de\/wp-json\/wp\/v2\/comments?post=9547"}],"version-history":[{"count":0,"href":"https:\/\/www.grupocatala.com\/de\/wp-json\/wp\/v2\/posts\/9547\/revisions"}],"wp:featuredmedia":[{"embeddable":true,"href":"https:\/\/www.grupocatala.com\/de\/wp-json\/wp\/v2\/media\/9541"}],"wp:attachment":[{"href":"https:\/\/www.grupocatala.com\/de\/wp-json\/wp\/v2\/media?parent=9547"}],"wp:term":[{"taxonomy":"category","embeddable":true,"href":"https:\/\/www.grupocatala.com\/de\/wp-json\/wp\/v2\/categories?post=9547"},{"taxonomy":"post_tag","embeddable":true,"href":"https:\/\/www.grupocatala.com\/de\/wp-json\/wp\/v2\/tags?post=9547"}],"curies":[{"name":"wp","href":"https:\/\/api.w.org\/{rel}","templated":true}]}}