{"id":10546,"date":"2021-06-01T12:00:12","date_gmt":"2021-06-01T10:00:12","guid":{"rendered":"https:\/\/www.grupocatala.com\/?p=10546"},"modified":"2021-06-03T12:03:21","modified_gmt":"2021-06-03T10:03:21","slug":"das-regierungsteam-besucht-die-einrichtungen-der-firma-catafruit","status":"publish","type":"post","link":"https:\/\/www.grupocatala.com\/de\/das-regierungsteam-besucht-die-einrichtungen-der-firma-catafruit\/","title":{"rendered":"Das Regierungsteam besucht die Einrichtungen der Firma Catafruit"},"content":{"rendered":"<p><strong>Der B\u00fcrgermeister von Villena, Fulgencio Cerd\u00e1n, und der erste stellvertretende B\u00fcrgermeister, Francisco Iniesta, in Begleitung des B\u00fcrgermeisters von Urbanism, Javier Mart\u00ednez, besuchten heute die Einrichtungen des Unternehmens Catafruit der Grupo Catal\u00e1 in Villena, um den Betrieb und Ihre Pl\u00e4ne f\u00fcr die Zukunft.<\/strong><\/p>\n<p>Der Erste B\u00fcrgermeister dr\u00fcckte den Verantwortlichen des Unternehmens die Unterst\u00fctzung aus, die der Stadtrat von Villena dem Agrar- und Ern\u00e4hrungssektor bietet, \u201eweil wir uns bewusst sind, dass unsere Landwirtschaft Teil unserer Geschichte, aber auch unserer Zukunft ist. Wir haben florierende Unternehmen in diesem Sektor, die in der Lage sind, Wohlstand, Arbeitspl\u00e4tze und viel Kraft f\u00fcr den Export zu schaffen. Aus seiner Sicht wird die Dynamik von Villena als Logistikknotenpunkt f\u00fcr die Entwicklung des Agrarsektors sehr wichtig sein, da sie aufgrund der N\u00e4he zu entfernten M\u00e4rkten, haupts\u00e4chlich in Mitteleuropa, die Wettbewerbsf\u00e4higkeit und Produktivit\u00e4t verbessern wird.<\/p>\n<p>Der erste stellvertretende B\u00fcrgermeister, Francisco Iniesta, ist seinerseits der Meinung, dass &#8220;wir vom Stadtrat aus daran gearbeitet haben, viele landwirtschaftliche Produkte, die in unserem Gemeindegebiet produziert werden, als Vorbild f\u00fcr die Verteidigung unseres Territoriums und unserer Umwelt zu f\u00f6rdern&#8221;.<\/p>\n<p>Catafruit hat zwei Farmen in Villena, Los Frutales und El Pino, die haupts\u00e4chlich Kirschen, \u00c4pfel, Birnen, Paraguayisch und Pflaumen produzieren. Die Anlagen der Gruppe in Villena umfassen 7.000 Quadratmeter und verf\u00fcgen \u00fcber eine K\u00fchllagerkapazit\u00e4t von 5.000 Tonnen.<\/p>\n<p>Bei dem Besuch konnten sich die Mitglieder des Konzerns von der Mechanisierung des Verpackungsprozesses, dem Bem\u00fchen um Nachhaltigkeit bei der Verwendung der fertigen Materialien und bei der Produktpflege \u00fcberzeugen.<\/p>\n","protected":false},"excerpt":{"rendered":"<p>Der B\u00fcrgermeister von Villena, Fulgencio Cerd\u00e1n, und der erste stellvertretende B\u00fcrgermeister, Francisco Iniesta, in Begleitung des B\u00fcrgermeisters von Urbanism, Javier Mart\u00ednez, besuchten heute die Einrichtungen des Unternehmens Catafruit der Grupo &#8230; <a title=\"Das Regierungsteam besucht die Einrichtungen der Firma Catafruit\" class=\"read-more\" href=\"https:\/\/www.grupocatala.com\/de\/das-regierungsteam-besucht-die-einrichtungen-der-firma-catafruit\/\" aria-label=\"Mehr Informationen \u00fcber Das Regierungsteam besucht die Einrichtungen der Firma Catafruit\">Weiterlesen<\/a><\/p>\n","protected":false},"author":1,"featured_media":10537,"comment_status":"closed","ping_status":"closed","sticky":false,"template":"","format":"standard","meta":{"_jetpack_memberships_contains_paid_content":false,"footnotes":""},"categories":[25],"tags":[1116,510,503,1117,571,1118,507,537,1115,1119,1120,574,603],"class_list":["post-10546","post","type-post","status-publish","format-standard","has-post-thumbnail","hentry","category-nachrichten","tag-besuch","tag-catafruit-de","tag-catala-gruppe","tag-einrichtungen","tag-export-de","tag-landwirtschaft","tag-obst","tag-rathaus","tag-regierung","tag-reichtum","tag-team-de","tag-villena-de","tag-zukunft"],"yoast_head":"<!-- This site is optimized with the Yoast SEO plugin v27.5 - https:\/\/yoast.com\/product\/yoast-seo-wordpress\/ -->\n<title>Das Regierungsteam besucht die Einrichtungen der Firma Catafruit<\/title>\n<meta name=\"description\" content=\"Der B\u00fcrgermeister von Villena, Fulgencio Cerd\u00e1n, und der erste stellvertretende B\u00fcrgermeister, Francisco Iniesta, in Begleitung des B\u00fcrgermeisters von\" \/>\n<meta name=\"robots\" content=\"index, follow, max-snippet:-1, max-image-preview:large, max-video-preview:-1\" \/>\n<link rel=\"canonical\" href=\"https:\/\/www.grupocatala.com\/de\/das-regierungsteam-besucht-die-einrichtungen-der-firma-catafruit\/\" \/>\n<meta property=\"og:locale\" content=\"de_DE\" \/>\n<meta property=\"og:type\" content=\"article\" \/>\n<meta property=\"og:title\" content=\"Das Regierungsteam besucht die Einrichtungen der Firma Catafruit\" \/>\n<meta property=\"og:description\" content=\"Der B\u00fcrgermeister von Villena, Fulgencio Cerd\u00e1n, und der erste stellvertretende B\u00fcrgermeister, Francisco Iniesta, in Begleitung des B\u00fcrgermeisters von\" \/>\n<meta property=\"og:url\" content=\"https:\/\/www.grupocatala.com\/de\/das-regierungsteam-besucht-die-einrichtungen-der-firma-catafruit\/\" \/>\n<meta property=\"og:site_name\" content=\"GRUPO CATAL\u00c0\" \/>\n<meta property=\"article:published_time\" content=\"2021-06-01T10:00:12+00:00\" \/>\n<meta property=\"article:modified_time\" content=\"2021-06-03T10:03:21+00:00\" \/>\n<meta property=\"og:image\" content=\"https:\/\/i1.wp.com\/www.grupocatala.com\/wp-content\/uploads\/2021\/06\/6rHOkuoh4GUJMH23-e1622714525422.jpeg?fit=400%2C267&ssl=1\" \/>\n\t<meta property=\"og:image:width\" content=\"400\" \/>\n\t<meta property=\"og:image:height\" content=\"267\" \/>\n\t<meta property=\"og:image:type\" content=\"image\/jpeg\" \/>\n<meta name=\"author\" content=\"SuperAdmin\" \/>\n<meta name=\"twitter:card\" content=\"summary_large_image\" \/>\n<meta name=\"twitter:label1\" content=\"Verfasst von\" \/>\n\t<meta name=\"twitter:data1\" content=\"SuperAdmin\" \/>\n\t<meta name=\"twitter:label2\" content=\"Gesch\u00e4tzte Lesezeit\" \/>\n\t<meta name=\"twitter:data2\" content=\"1 minute\" \/>\n<script type=\"application\/ld+json\" class=\"yoast-schema-graph\">{\"@context\":\"https:\\\/\\\/schema.org\",\"@graph\":[{\"@type\":\"Article\",\"@id\":\"https:\\\/\\\/www.grupocatala.com\\\/de\\\/das-regierungsteam-besucht-die-einrichtungen-der-firma-catafruit\\\/#article\",\"isPartOf\":{\"@id\":\"https:\\\/\\\/www.grupocatala.com\\\/de\\\/das-regierungsteam-besucht-die-einrichtungen-der-firma-catafruit\\\/\"},\"author\":{\"name\":\"SuperAdmin\",\"@id\":\"https:\\\/\\\/www.grupocatala.com\\\/de\\\/#\\\/schema\\\/person\\\/dde7bbb2d234021641005d1e2b24bc23\"},\"headline\":\"Das Regierungsteam besucht die Einrichtungen der Firma Catafruit\",\"datePublished\":\"2021-06-01T10:00:12+00:00\",\"dateModified\":\"2021-06-03T10:03:21+00:00\",\"mainEntityOfPage\":{\"@id\":\"https:\\\/\\\/www.grupocatala.com\\\/de\\\/das-regierungsteam-besucht-die-einrichtungen-der-firma-catafruit\\\/\"},\"wordCount\":274,\"publisher\":{\"@id\":\"https:\\\/\\\/www.grupocatala.com\\\/de\\\/#organization\"},\"image\":{\"@id\":\"https:\\\/\\\/www.grupocatala.com\\\/de\\\/das-regierungsteam-besucht-die-einrichtungen-der-firma-catafruit\\\/#primaryimage\"},\"thumbnailUrl\":\"https:\\\/\\\/i0.wp.com\\\/www.grupocatala.com\\\/wp-content\\\/uploads\\\/2021\\\/06\\\/6rHOkuoh4GUJMH23-e1622714525422.jpeg?fit=400%2C267&ssl=1\",\"keywords\":[\"Besuch\",\"Catafruit\",\"Catala Gruppe\",\"Einrichtungen\",\"export\",\"Landwirtschaft\",\"Obst\",\"Rathaus\",\"Regierung\",\"Reichtum\",\"team\",\"Villena\",\"zukunft\"],\"articleSection\":[\"Nachrichten\"],\"inLanguage\":\"de-DE\"},{\"@type\":\"WebPage\",\"@id\":\"https:\\\/\\\/www.grupocatala.com\\\/de\\\/das-regierungsteam-besucht-die-einrichtungen-der-firma-catafruit\\\/\",\"url\":\"https:\\\/\\\/www.grupocatala.com\\\/de\\\/das-regierungsteam-besucht-die-einrichtungen-der-firma-catafruit\\\/\",\"name\":\"Das Regierungsteam besucht die Einrichtungen der Firma Catafruit\",\"isPartOf\":{\"@id\":\"https:\\\/\\\/www.grupocatala.com\\\/de\\\/#website\"},\"primaryImageOfPage\":{\"@id\":\"https:\\\/\\\/www.grupocatala.com\\\/de\\\/das-regierungsteam-besucht-die-einrichtungen-der-firma-catafruit\\\/#primaryimage\"},\"image\":{\"@id\":\"https:\\\/\\\/www.grupocatala.com\\\/de\\\/das-regierungsteam-besucht-die-einrichtungen-der-firma-catafruit\\\/#primaryimage\"},\"thumbnailUrl\":\"https:\\\/\\\/i0.wp.com\\\/www.grupocatala.com\\\/wp-content\\\/uploads\\\/2021\\\/06\\\/6rHOkuoh4GUJMH23-e1622714525422.jpeg?fit=400%2C267&ssl=1\",\"datePublished\":\"2021-06-01T10:00:12+00:00\",\"dateModified\":\"2021-06-03T10:03:21+00:00\",\"description\":\"Der B\u00fcrgermeister von Villena, Fulgencio Cerd\u00e1n, und der erste stellvertretende B\u00fcrgermeister, Francisco Iniesta, in Begleitung des B\u00fcrgermeisters von\",\"breadcrumb\":{\"@id\":\"https:\\\/\\\/www.grupocatala.com\\\/de\\\/das-regierungsteam-besucht-die-einrichtungen-der-firma-catafruit\\\/#breadcrumb\"},\"inLanguage\":\"de-DE\",\"potentialAction\":[{\"@type\":\"ReadAction\",\"target\":[\"https:\\\/\\\/www.grupocatala.com\\\/de\\\/das-regierungsteam-besucht-die-einrichtungen-der-firma-catafruit\\\/\"]}]},{\"@type\":\"ImageObject\",\"inLanguage\":\"de-DE\",\"@id\":\"https:\\\/\\\/www.grupocatala.com\\\/de\\\/das-regierungsteam-besucht-die-einrichtungen-der-firma-catafruit\\\/#primaryimage\",\"url\":\"https:\\\/\\\/i0.wp.com\\\/www.grupocatala.com\\\/wp-content\\\/uploads\\\/2021\\\/06\\\/6rHOkuoh4GUJMH23-e1622714525422.jpeg?fit=400%2C267&ssl=1\",\"contentUrl\":\"https:\\\/\\\/i0.wp.com\\\/www.grupocatala.com\\\/wp-content\\\/uploads\\\/2021\\\/06\\\/6rHOkuoh4GUJMH23-e1622714525422.jpeg?fit=400%2C267&ssl=1\",\"width\":400,\"height\":267},{\"@type\":\"BreadcrumbList\",\"@id\":\"https:\\\/\\\/www.grupocatala.com\\\/de\\\/das-regierungsteam-besucht-die-einrichtungen-der-firma-catafruit\\\/#breadcrumb\",\"itemListElement\":[{\"@type\":\"ListItem\",\"position\":1,\"name\":\"Portada\",\"item\":\"https:\\\/\\\/www.grupocatala.com\\\/de\\\/\"},{\"@type\":\"ListItem\",\"position\":2,\"name\":\"Das Regierungsteam besucht die Einrichtungen der Firma Catafruit\"}]},{\"@type\":\"WebSite\",\"@id\":\"https:\\\/\\\/www.grupocatala.com\\\/de\\\/#website\",\"url\":\"https:\\\/\\\/www.grupocatala.com\\\/de\\\/\",\"name\":\"GRUPO CATAL\u00c0\",\"description\":\"\",\"publisher\":{\"@id\":\"https:\\\/\\\/www.grupocatala.com\\\/de\\\/#organization\"},\"potentialAction\":[{\"@type\":\"SearchAction\",\"target\":{\"@type\":\"EntryPoint\",\"urlTemplate\":\"https:\\\/\\\/www.grupocatala.com\\\/de\\\/?s={search_term_string}\"},\"query-input\":{\"@type\":\"PropertyValueSpecification\",\"valueRequired\":true,\"valueName\":\"search_term_string\"}}],\"inLanguage\":\"de-DE\"},{\"@type\":\"Organization\",\"@id\":\"https:\\\/\\\/www.grupocatala.com\\\/de\\\/#organization\",\"name\":\"Grupo Catala\",\"url\":\"https:\\\/\\\/www.grupocatala.com\\\/de\\\/\",\"logo\":{\"@type\":\"ImageObject\",\"inLanguage\":\"de-DE\",\"@id\":\"https:\\\/\\\/www.grupocatala.com\\\/de\\\/#\\\/schema\\\/logo\\\/image\\\/\",\"url\":\"https:\\\/\\\/i0.wp.com\\\/www.grupocatala.com\\\/wp-content\\\/uploads\\\/2020\\\/03\\\/cropped-logo_blanc-1.png?fit=250%2C57&ssl=1\",\"contentUrl\":\"https:\\\/\\\/i0.wp.com\\\/www.grupocatala.com\\\/wp-content\\\/uploads\\\/2020\\\/03\\\/cropped-logo_blanc-1.png?fit=250%2C57&ssl=1\",\"width\":250,\"height\":57,\"caption\":\"Grupo Catala\"},\"image\":{\"@id\":\"https:\\\/\\\/www.grupocatala.com\\\/de\\\/#\\\/schema\\\/logo\\\/image\\\/\"},\"sameAs\":[\"https:\\\/\\\/www.instagram.com\\\/grupocatala\"]},{\"@type\":\"Person\",\"@id\":\"https:\\\/\\\/www.grupocatala.com\\\/de\\\/#\\\/schema\\\/person\\\/dde7bbb2d234021641005d1e2b24bc23\",\"name\":\"SuperAdmin\"}]}<\/script>\n<!-- \/ Yoast SEO plugin. -->","yoast_head_json":{"title":"Das Regierungsteam besucht die Einrichtungen der Firma Catafruit","description":"Der B\u00fcrgermeister von Villena, Fulgencio Cerd\u00e1n, und der erste stellvertretende B\u00fcrgermeister, Francisco Iniesta, in Begleitung des B\u00fcrgermeisters von","robots":{"index":"index","follow":"follow","max-snippet":"max-snippet:-1","max-image-preview":"max-image-preview:large","max-video-preview":"max-video-preview:-1"},"canonical":"https:\/\/www.grupocatala.com\/de\/das-regierungsteam-besucht-die-einrichtungen-der-firma-catafruit\/","og_locale":"de_DE","og_type":"article","og_title":"Das Regierungsteam besucht die Einrichtungen der Firma Catafruit","og_description":"Der B\u00fcrgermeister von Villena, Fulgencio Cerd\u00e1n, und der erste stellvertretende B\u00fcrgermeister, Francisco Iniesta, in Begleitung des B\u00fcrgermeisters von","og_url":"https:\/\/www.grupocatala.com\/de\/das-regierungsteam-besucht-die-einrichtungen-der-firma-catafruit\/","og_site_name":"GRUPO CATAL\u00c0","article_published_time":"2021-06-01T10:00:12+00:00","article_modified_time":"2021-06-03T10:03:21+00:00","og_image":[{"width":400,"height":267,"url":"https:\/\/i1.wp.com\/www.grupocatala.com\/wp-content\/uploads\/2021\/06\/6rHOkuoh4GUJMH23-e1622714525422.jpeg?fit=400%2C267&ssl=1","type":"image\/jpeg"}],"author":"SuperAdmin","twitter_card":"summary_large_image","twitter_misc":{"Verfasst von":"SuperAdmin","Gesch\u00e4tzte Lesezeit":"1 minute"},"schema":{"@context":"https:\/\/schema.org","@graph":[{"@type":"Article","@id":"https:\/\/www.grupocatala.com\/de\/das-regierungsteam-besucht-die-einrichtungen-der-firma-catafruit\/#article","isPartOf":{"@id":"https:\/\/www.grupocatala.com\/de\/das-regierungsteam-besucht-die-einrichtungen-der-firma-catafruit\/"},"author":{"name":"SuperAdmin","@id":"https:\/\/www.grupocatala.com\/de\/#\/schema\/person\/dde7bbb2d234021641005d1e2b24bc23"},"headline":"Das Regierungsteam besucht die Einrichtungen der Firma Catafruit","datePublished":"2021-06-01T10:00:12+00:00","dateModified":"2021-06-03T10:03:21+00:00","mainEntityOfPage":{"@id":"https:\/\/www.grupocatala.com\/de\/das-regierungsteam-besucht-die-einrichtungen-der-firma-catafruit\/"},"wordCount":274,"publisher":{"@id":"https:\/\/www.grupocatala.com\/de\/#organization"},"image":{"@id":"https:\/\/www.grupocatala.com\/de\/das-regierungsteam-besucht-die-einrichtungen-der-firma-catafruit\/#primaryimage"},"thumbnailUrl":"https:\/\/i0.wp.com\/www.grupocatala.com\/wp-content\/uploads\/2021\/06\/6rHOkuoh4GUJMH23-e1622714525422.jpeg?fit=400%2C267&ssl=1","keywords":["Besuch","Catafruit","Catala Gruppe","Einrichtungen","export","Landwirtschaft","Obst","Rathaus","Regierung","Reichtum","team","Villena","zukunft"],"articleSection":["Nachrichten"],"inLanguage":"de-DE"},{"@type":"WebPage","@id":"https:\/\/www.grupocatala.com\/de\/das-regierungsteam-besucht-die-einrichtungen-der-firma-catafruit\/","url":"https:\/\/www.grupocatala.com\/de\/das-regierungsteam-besucht-die-einrichtungen-der-firma-catafruit\/","name":"Das Regierungsteam besucht die Einrichtungen der Firma Catafruit","isPartOf":{"@id":"https:\/\/www.grupocatala.com\/de\/#website"},"primaryImageOfPage":{"@id":"https:\/\/www.grupocatala.com\/de\/das-regierungsteam-besucht-die-einrichtungen-der-firma-catafruit\/#primaryimage"},"image":{"@id":"https:\/\/www.grupocatala.com\/de\/das-regierungsteam-besucht-die-einrichtungen-der-firma-catafruit\/#primaryimage"},"thumbnailUrl":"https:\/\/i0.wp.com\/www.grupocatala.com\/wp-content\/uploads\/2021\/06\/6rHOkuoh4GUJMH23-e1622714525422.jpeg?fit=400%2C267&ssl=1","datePublished":"2021-06-01T10:00:12+00:00","dateModified":"2021-06-03T10:03:21+00:00","description":"Der B\u00fcrgermeister von Villena, Fulgencio Cerd\u00e1n, und der erste stellvertretende B\u00fcrgermeister, Francisco Iniesta, in Begleitung des B\u00fcrgermeisters von","breadcrumb":{"@id":"https:\/\/www.grupocatala.com\/de\/das-regierungsteam-besucht-die-einrichtungen-der-firma-catafruit\/#breadcrumb"},"inLanguage":"de-DE","potentialAction":[{"@type":"ReadAction","target":["https:\/\/www.grupocatala.com\/de\/das-regierungsteam-besucht-die-einrichtungen-der-firma-catafruit\/"]}]},{"@type":"ImageObject","inLanguage":"de-DE","@id":"https:\/\/www.grupocatala.com\/de\/das-regierungsteam-besucht-die-einrichtungen-der-firma-catafruit\/#primaryimage","url":"https:\/\/i0.wp.com\/www.grupocatala.com\/wp-content\/uploads\/2021\/06\/6rHOkuoh4GUJMH23-e1622714525422.jpeg?fit=400%2C267&ssl=1","contentUrl":"https:\/\/i0.wp.com\/www.grupocatala.com\/wp-content\/uploads\/2021\/06\/6rHOkuoh4GUJMH23-e1622714525422.jpeg?fit=400%2C267&ssl=1","width":400,"height":267},{"@type":"BreadcrumbList","@id":"https:\/\/www.grupocatala.com\/de\/das-regierungsteam-besucht-die-einrichtungen-der-firma-catafruit\/#breadcrumb","itemListElement":[{"@type":"ListItem","position":1,"name":"Portada","item":"https:\/\/www.grupocatala.com\/de\/"},{"@type":"ListItem","position":2,"name":"Das Regierungsteam besucht die Einrichtungen der Firma Catafruit"}]},{"@type":"WebSite","@id":"https:\/\/www.grupocatala.com\/de\/#website","url":"https:\/\/www.grupocatala.com\/de\/","name":"GRUPO CATAL\u00c0","description":"","publisher":{"@id":"https:\/\/www.grupocatala.com\/de\/#organization"},"potentialAction":[{"@type":"SearchAction","target":{"@type":"EntryPoint","urlTemplate":"https:\/\/www.grupocatala.com\/de\/?s={search_term_string}"},"query-input":{"@type":"PropertyValueSpecification","valueRequired":true,"valueName":"search_term_string"}}],"inLanguage":"de-DE"},{"@type":"Organization","@id":"https:\/\/www.grupocatala.com\/de\/#organization","name":"Grupo Catala","url":"https:\/\/www.grupocatala.com\/de\/","logo":{"@type":"ImageObject","inLanguage":"de-DE","@id":"https:\/\/www.grupocatala.com\/de\/#\/schema\/logo\/image\/","url":"https:\/\/i0.wp.com\/www.grupocatala.com\/wp-content\/uploads\/2020\/03\/cropped-logo_blanc-1.png?fit=250%2C57&ssl=1","contentUrl":"https:\/\/i0.wp.com\/www.grupocatala.com\/wp-content\/uploads\/2020\/03\/cropped-logo_blanc-1.png?fit=250%2C57&ssl=1","width":250,"height":57,"caption":"Grupo Catala"},"image":{"@id":"https:\/\/www.grupocatala.com\/de\/#\/schema\/logo\/image\/"},"sameAs":["https:\/\/www.instagram.com\/grupocatala"]},{"@type":"Person","@id":"https:\/\/www.grupocatala.com\/de\/#\/schema\/person\/dde7bbb2d234021641005d1e2b24bc23","name":"SuperAdmin"}]}},"jetpack_featured_media_url":"https:\/\/i0.wp.com\/www.grupocatala.com\/wp-content\/uploads\/2021\/06\/6rHOkuoh4GUJMH23-e1622714525422.jpeg?fit=400%2C267&ssl=1","jetpack_sharing_enabled":true,"_links":{"self":[{"href":"https:\/\/www.grupocatala.com\/de\/wp-json\/wp\/v2\/posts\/10546","targetHints":{"allow":["GET"]}}],"collection":[{"href":"https:\/\/www.grupocatala.com\/de\/wp-json\/wp\/v2\/posts"}],"about":[{"href":"https:\/\/www.grupocatala.com\/de\/wp-json\/wp\/v2\/types\/post"}],"author":[{"embeddable":true,"href":"https:\/\/www.grupocatala.com\/de\/wp-json\/wp\/v2\/users\/1"}],"replies":[{"embeddable":true,"href":"https:\/\/www.grupocatala.com\/de\/wp-json\/wp\/v2\/comments?post=10546"}],"version-history":[{"count":0,"href":"https:\/\/www.grupocatala.com\/de\/wp-json\/wp\/v2\/posts\/10546\/revisions"}],"wp:featuredmedia":[{"embeddable":true,"href":"https:\/\/www.grupocatala.com\/de\/wp-json\/wp\/v2\/media\/10537"}],"wp:attachment":[{"href":"https:\/\/www.grupocatala.com\/de\/wp-json\/wp\/v2\/media?parent=10546"}],"wp:term":[{"taxonomy":"category","embeddable":true,"href":"https:\/\/www.grupocatala.com\/de\/wp-json\/wp\/v2\/categories?post=10546"},{"taxonomy":"post_tag","embeddable":true,"href":"https:\/\/www.grupocatala.com\/de\/wp-json\/wp\/v2\/tags?post=10546"}],"curies":[{"name":"wp","href":"https:\/\/api.w.org\/{rel}","templated":true}]}}