{"id":10528,"date":"2021-05-28T12:00:36","date_gmt":"2021-05-28T10:00:36","guid":{"rendered":"https:\/\/www.grupocatala.com\/?p=10528"},"modified":"2021-05-31T16:38:01","modified_gmt":"2021-05-31T14:38:01","slug":"impfung-der-arbeiter-der-grupo-catala","status":"publish","type":"post","link":"https:\/\/www.grupocatala.com\/de\/impfung-der-arbeiter-der-grupo-catala\/","title":{"rendered":"Impfung der Arbeiter der Grupo Catal\u00e0"},"content":{"rendered":"<p>Wir freuen uns, Ihnen mitteilen zu k\u00f6nnen, dass im Arbeitszentrum Grupo Catal\u00e0 in Lleida eine massive Impfung durchgef\u00fchrt wurde, um die COVD-19-Pandemie zu bek\u00e4mpfen. Tolle Neuigkeiten, um die Gesundheit und Ruhe unserer Mitarbeiter zu gew\u00e4hrleisten. #Gesundheit #Personen<\/p>\n","protected":false},"excerpt":{"rendered":"<p>Wir freuen uns, Ihnen mitteilen zu k\u00f6nnen, dass im Arbeitszentrum Grupo Catal\u00e0 in Lleida eine massive Impfung durchgef\u00fchrt wurde, um die COVD-19-Pandemie zu bek\u00e4mpfen. Tolle Neuigkeiten, um die Gesundheit und &#8230; <a title=\"Impfung der Arbeiter der Grupo Catal\u00e0\" class=\"read-more\" href=\"https:\/\/www.grupocatala.com\/de\/impfung-der-arbeiter-der-grupo-catala\/\" aria-label=\"Mehr Informationen \u00fcber Impfung der Arbeiter der Grupo Catal\u00e0\">Weiterlesen<\/a><\/p>\n","protected":false},"author":1,"featured_media":10518,"comment_status":"closed","ping_status":"closed","sticky":false,"template":"","format":"standard","meta":{"_jetpack_memberships_contains_paid_content":false,"footnotes":""},"categories":[25],"tags":[503,583,582,1087,508,509,1086,1068,512,507],"class_list":["post-10528","post","type-post","status-publish","format-standard","has-post-thumbnail","hentry","category-nachrichten","tag-catala-gruppe","tag-covid-de","tag-covid-19-de","tag-gesundheit","tag-grup-catala-de","tag-grupcatala-de","tag-impfstoff","tag-la-portella-de","tag-lleida-de","tag-obst"],"yoast_head":"<!-- This site is optimized with the Yoast SEO plugin v27.5 - https:\/\/yoast.com\/product\/yoast-seo-wordpress\/ -->\n<title>Impfung der Arbeiter der Grupo Catal\u00e0<\/title>\n<meta name=\"description\" content=\"Wir freuen uns, Ihnen mitteilen zu k\u00f6nnen, dass im Arbeitszentrum Grupo Catal\u00e0 in Lleida eine massive Impfung durchgef\u00fchrt wurde, um die COVD-19-Pandemie\" \/>\n<meta name=\"robots\" content=\"index, follow, max-snippet:-1, max-image-preview:large, max-video-preview:-1\" \/>\n<link rel=\"canonical\" href=\"https:\/\/www.grupocatala.com\/de\/impfung-der-arbeiter-der-grupo-catala\/\" \/>\n<meta property=\"og:locale\" content=\"de_DE\" \/>\n<meta property=\"og:type\" content=\"article\" \/>\n<meta property=\"og:title\" content=\"Impfung der Arbeiter der Grupo Catal\u00e0\" \/>\n<meta property=\"og:description\" content=\"Wir freuen uns, Ihnen mitteilen zu k\u00f6nnen, dass im Arbeitszentrum Grupo Catal\u00e0 in Lleida eine massive Impfung durchgef\u00fchrt wurde, um die COVD-19-Pandemie\" \/>\n<meta property=\"og:url\" content=\"https:\/\/www.grupocatala.com\/de\/impfung-der-arbeiter-der-grupo-catala\/\" \/>\n<meta property=\"og:site_name\" content=\"GRUPO CATAL\u00c0\" \/>\n<meta property=\"article:published_time\" content=\"2021-05-28T10:00:36+00:00\" \/>\n<meta property=\"article:modified_time\" content=\"2021-05-31T14:38:01+00:00\" \/>\n<meta property=\"og:image\" content=\"https:\/\/i1.wp.com\/www.grupocatala.com\/wp-content\/uploads\/2021\/05\/photo_2021-05-31_14-02-43-e1622471850353.jpg?fit=400%2C297&ssl=1\" \/>\n\t<meta property=\"og:image:width\" content=\"400\" \/>\n\t<meta property=\"og:image:height\" content=\"297\" \/>\n\t<meta property=\"og:image:type\" content=\"image\/jpeg\" \/>\n<meta name=\"author\" content=\"SuperAdmin\" \/>\n<meta name=\"twitter:card\" content=\"summary_large_image\" \/>\n<meta name=\"twitter:label1\" content=\"Verfasst von\" \/>\n\t<meta name=\"twitter:data1\" content=\"SuperAdmin\" \/>\n<script type=\"application\/ld+json\" class=\"yoast-schema-graph\">{\"@context\":\"https:\\\/\\\/schema.org\",\"@graph\":[{\"@type\":\"Article\",\"@id\":\"https:\\\/\\\/www.grupocatala.com\\\/de\\\/impfung-der-arbeiter-der-grupo-catala\\\/#article\",\"isPartOf\":{\"@id\":\"https:\\\/\\\/www.grupocatala.com\\\/de\\\/impfung-der-arbeiter-der-grupo-catala\\\/\"},\"author\":{\"name\":\"SuperAdmin\",\"@id\":\"https:\\\/\\\/www.grupocatala.com\\\/de\\\/#\\\/schema\\\/person\\\/dde7bbb2d234021641005d1e2b24bc23\"},\"headline\":\"Impfung der Arbeiter der Grupo Catal\u00e0\",\"datePublished\":\"2021-05-28T10:00:36+00:00\",\"dateModified\":\"2021-05-31T14:38:01+00:00\",\"mainEntityOfPage\":{\"@id\":\"https:\\\/\\\/www.grupocatala.com\\\/de\\\/impfung-der-arbeiter-der-grupo-catala\\\/\"},\"wordCount\":48,\"publisher\":{\"@id\":\"https:\\\/\\\/www.grupocatala.com\\\/de\\\/#organization\"},\"image\":{\"@id\":\"https:\\\/\\\/www.grupocatala.com\\\/de\\\/impfung-der-arbeiter-der-grupo-catala\\\/#primaryimage\"},\"thumbnailUrl\":\"https:\\\/\\\/i0.wp.com\\\/www.grupocatala.com\\\/wp-content\\\/uploads\\\/2021\\\/05\\\/photo_2021-05-31_14-02-43-e1622471850353.jpg?fit=400%2C297&ssl=1\",\"keywords\":[\"Catala Gruppe\",\"COVID\",\"COVID-19\",\"Gesundheit\",\"grup catala\",\"grupcatala\",\"Impfstoff\",\"La Portella\",\"lleida\",\"Obst\"],\"articleSection\":[\"Nachrichten\"],\"inLanguage\":\"de-DE\"},{\"@type\":\"WebPage\",\"@id\":\"https:\\\/\\\/www.grupocatala.com\\\/de\\\/impfung-der-arbeiter-der-grupo-catala\\\/\",\"url\":\"https:\\\/\\\/www.grupocatala.com\\\/de\\\/impfung-der-arbeiter-der-grupo-catala\\\/\",\"name\":\"Impfung der Arbeiter der Grupo Catal\u00e0\",\"isPartOf\":{\"@id\":\"https:\\\/\\\/www.grupocatala.com\\\/de\\\/#website\"},\"primaryImageOfPage\":{\"@id\":\"https:\\\/\\\/www.grupocatala.com\\\/de\\\/impfung-der-arbeiter-der-grupo-catala\\\/#primaryimage\"},\"image\":{\"@id\":\"https:\\\/\\\/www.grupocatala.com\\\/de\\\/impfung-der-arbeiter-der-grupo-catala\\\/#primaryimage\"},\"thumbnailUrl\":\"https:\\\/\\\/i0.wp.com\\\/www.grupocatala.com\\\/wp-content\\\/uploads\\\/2021\\\/05\\\/photo_2021-05-31_14-02-43-e1622471850353.jpg?fit=400%2C297&ssl=1\",\"datePublished\":\"2021-05-28T10:00:36+00:00\",\"dateModified\":\"2021-05-31T14:38:01+00:00\",\"description\":\"Wir freuen uns, Ihnen mitteilen zu k\u00f6nnen, dass im Arbeitszentrum Grupo Catal\u00e0 in Lleida eine massive Impfung durchgef\u00fchrt wurde, um die COVD-19-Pandemie\",\"breadcrumb\":{\"@id\":\"https:\\\/\\\/www.grupocatala.com\\\/de\\\/impfung-der-arbeiter-der-grupo-catala\\\/#breadcrumb\"},\"inLanguage\":\"de-DE\",\"potentialAction\":[{\"@type\":\"ReadAction\",\"target\":[\"https:\\\/\\\/www.grupocatala.com\\\/de\\\/impfung-der-arbeiter-der-grupo-catala\\\/\"]}]},{\"@type\":\"ImageObject\",\"inLanguage\":\"de-DE\",\"@id\":\"https:\\\/\\\/www.grupocatala.com\\\/de\\\/impfung-der-arbeiter-der-grupo-catala\\\/#primaryimage\",\"url\":\"https:\\\/\\\/i0.wp.com\\\/www.grupocatala.com\\\/wp-content\\\/uploads\\\/2021\\\/05\\\/photo_2021-05-31_14-02-43-e1622471850353.jpg?fit=400%2C297&ssl=1\",\"contentUrl\":\"https:\\\/\\\/i0.wp.com\\\/www.grupocatala.com\\\/wp-content\\\/uploads\\\/2021\\\/05\\\/photo_2021-05-31_14-02-43-e1622471850353.jpg?fit=400%2C297&ssl=1\",\"width\":400,\"height\":297},{\"@type\":\"BreadcrumbList\",\"@id\":\"https:\\\/\\\/www.grupocatala.com\\\/de\\\/impfung-der-arbeiter-der-grupo-catala\\\/#breadcrumb\",\"itemListElement\":[{\"@type\":\"ListItem\",\"position\":1,\"name\":\"Portada\",\"item\":\"https:\\\/\\\/www.grupocatala.com\\\/de\\\/\"},{\"@type\":\"ListItem\",\"position\":2,\"name\":\"Impfung der Arbeiter der Grupo Catal\u00e0\"}]},{\"@type\":\"WebSite\",\"@id\":\"https:\\\/\\\/www.grupocatala.com\\\/de\\\/#website\",\"url\":\"https:\\\/\\\/www.grupocatala.com\\\/de\\\/\",\"name\":\"GRUPO CATAL\u00c0\",\"description\":\"\",\"publisher\":{\"@id\":\"https:\\\/\\\/www.grupocatala.com\\\/de\\\/#organization\"},\"potentialAction\":[{\"@type\":\"SearchAction\",\"target\":{\"@type\":\"EntryPoint\",\"urlTemplate\":\"https:\\\/\\\/www.grupocatala.com\\\/de\\\/?s={search_term_string}\"},\"query-input\":{\"@type\":\"PropertyValueSpecification\",\"valueRequired\":true,\"valueName\":\"search_term_string\"}}],\"inLanguage\":\"de-DE\"},{\"@type\":\"Organization\",\"@id\":\"https:\\\/\\\/www.grupocatala.com\\\/de\\\/#organization\",\"name\":\"Grupo Catala\",\"url\":\"https:\\\/\\\/www.grupocatala.com\\\/de\\\/\",\"logo\":{\"@type\":\"ImageObject\",\"inLanguage\":\"de-DE\",\"@id\":\"https:\\\/\\\/www.grupocatala.com\\\/de\\\/#\\\/schema\\\/logo\\\/image\\\/\",\"url\":\"https:\\\/\\\/i0.wp.com\\\/www.grupocatala.com\\\/wp-content\\\/uploads\\\/2020\\\/03\\\/cropped-logo_blanc-1.png?fit=250%2C57&ssl=1\",\"contentUrl\":\"https:\\\/\\\/i0.wp.com\\\/www.grupocatala.com\\\/wp-content\\\/uploads\\\/2020\\\/03\\\/cropped-logo_blanc-1.png?fit=250%2C57&ssl=1\",\"width\":250,\"height\":57,\"caption\":\"Grupo Catala\"},\"image\":{\"@id\":\"https:\\\/\\\/www.grupocatala.com\\\/de\\\/#\\\/schema\\\/logo\\\/image\\\/\"},\"sameAs\":[\"https:\\\/\\\/www.instagram.com\\\/grupocatala\"]},{\"@type\":\"Person\",\"@id\":\"https:\\\/\\\/www.grupocatala.com\\\/de\\\/#\\\/schema\\\/person\\\/dde7bbb2d234021641005d1e2b24bc23\",\"name\":\"SuperAdmin\"}]}<\/script>\n<!-- \/ Yoast SEO plugin. -->","yoast_head_json":{"title":"Impfung der Arbeiter der Grupo Catal\u00e0","description":"Wir freuen uns, Ihnen mitteilen zu k\u00f6nnen, dass im Arbeitszentrum Grupo Catal\u00e0 in Lleida eine massive Impfung durchgef\u00fchrt wurde, um die COVD-19-Pandemie","robots":{"index":"index","follow":"follow","max-snippet":"max-snippet:-1","max-image-preview":"max-image-preview:large","max-video-preview":"max-video-preview:-1"},"canonical":"https:\/\/www.grupocatala.com\/de\/impfung-der-arbeiter-der-grupo-catala\/","og_locale":"de_DE","og_type":"article","og_title":"Impfung der Arbeiter der Grupo Catal\u00e0","og_description":"Wir freuen uns, Ihnen mitteilen zu k\u00f6nnen, dass im Arbeitszentrum Grupo Catal\u00e0 in Lleida eine massive Impfung durchgef\u00fchrt wurde, um die COVD-19-Pandemie","og_url":"https:\/\/www.grupocatala.com\/de\/impfung-der-arbeiter-der-grupo-catala\/","og_site_name":"GRUPO CATAL\u00c0","article_published_time":"2021-05-28T10:00:36+00:00","article_modified_time":"2021-05-31T14:38:01+00:00","og_image":[{"width":400,"height":297,"url":"https:\/\/i1.wp.com\/www.grupocatala.com\/wp-content\/uploads\/2021\/05\/photo_2021-05-31_14-02-43-e1622471850353.jpg?fit=400%2C297&ssl=1","type":"image\/jpeg"}],"author":"SuperAdmin","twitter_card":"summary_large_image","twitter_misc":{"Verfasst von":"SuperAdmin"},"schema":{"@context":"https:\/\/schema.org","@graph":[{"@type":"Article","@id":"https:\/\/www.grupocatala.com\/de\/impfung-der-arbeiter-der-grupo-catala\/#article","isPartOf":{"@id":"https:\/\/www.grupocatala.com\/de\/impfung-der-arbeiter-der-grupo-catala\/"},"author":{"name":"SuperAdmin","@id":"https:\/\/www.grupocatala.com\/de\/#\/schema\/person\/dde7bbb2d234021641005d1e2b24bc23"},"headline":"Impfung der Arbeiter der Grupo Catal\u00e0","datePublished":"2021-05-28T10:00:36+00:00","dateModified":"2021-05-31T14:38:01+00:00","mainEntityOfPage":{"@id":"https:\/\/www.grupocatala.com\/de\/impfung-der-arbeiter-der-grupo-catala\/"},"wordCount":48,"publisher":{"@id":"https:\/\/www.grupocatala.com\/de\/#organization"},"image":{"@id":"https:\/\/www.grupocatala.com\/de\/impfung-der-arbeiter-der-grupo-catala\/#primaryimage"},"thumbnailUrl":"https:\/\/i0.wp.com\/www.grupocatala.com\/wp-content\/uploads\/2021\/05\/photo_2021-05-31_14-02-43-e1622471850353.jpg?fit=400%2C297&ssl=1","keywords":["Catala Gruppe","COVID","COVID-19","Gesundheit","grup catala","grupcatala","Impfstoff","La Portella","lleida","Obst"],"articleSection":["Nachrichten"],"inLanguage":"de-DE"},{"@type":"WebPage","@id":"https:\/\/www.grupocatala.com\/de\/impfung-der-arbeiter-der-grupo-catala\/","url":"https:\/\/www.grupocatala.com\/de\/impfung-der-arbeiter-der-grupo-catala\/","name":"Impfung der Arbeiter der Grupo Catal\u00e0","isPartOf":{"@id":"https:\/\/www.grupocatala.com\/de\/#website"},"primaryImageOfPage":{"@id":"https:\/\/www.grupocatala.com\/de\/impfung-der-arbeiter-der-grupo-catala\/#primaryimage"},"image":{"@id":"https:\/\/www.grupocatala.com\/de\/impfung-der-arbeiter-der-grupo-catala\/#primaryimage"},"thumbnailUrl":"https:\/\/i0.wp.com\/www.grupocatala.com\/wp-content\/uploads\/2021\/05\/photo_2021-05-31_14-02-43-e1622471850353.jpg?fit=400%2C297&ssl=1","datePublished":"2021-05-28T10:00:36+00:00","dateModified":"2021-05-31T14:38:01+00:00","description":"Wir freuen uns, Ihnen mitteilen zu k\u00f6nnen, dass im Arbeitszentrum Grupo Catal\u00e0 in Lleida eine massive Impfung durchgef\u00fchrt wurde, um die COVD-19-Pandemie","breadcrumb":{"@id":"https:\/\/www.grupocatala.com\/de\/impfung-der-arbeiter-der-grupo-catala\/#breadcrumb"},"inLanguage":"de-DE","potentialAction":[{"@type":"ReadAction","target":["https:\/\/www.grupocatala.com\/de\/impfung-der-arbeiter-der-grupo-catala\/"]}]},{"@type":"ImageObject","inLanguage":"de-DE","@id":"https:\/\/www.grupocatala.com\/de\/impfung-der-arbeiter-der-grupo-catala\/#primaryimage","url":"https:\/\/i0.wp.com\/www.grupocatala.com\/wp-content\/uploads\/2021\/05\/photo_2021-05-31_14-02-43-e1622471850353.jpg?fit=400%2C297&ssl=1","contentUrl":"https:\/\/i0.wp.com\/www.grupocatala.com\/wp-content\/uploads\/2021\/05\/photo_2021-05-31_14-02-43-e1622471850353.jpg?fit=400%2C297&ssl=1","width":400,"height":297},{"@type":"BreadcrumbList","@id":"https:\/\/www.grupocatala.com\/de\/impfung-der-arbeiter-der-grupo-catala\/#breadcrumb","itemListElement":[{"@type":"ListItem","position":1,"name":"Portada","item":"https:\/\/www.grupocatala.com\/de\/"},{"@type":"ListItem","position":2,"name":"Impfung der Arbeiter der Grupo Catal\u00e0"}]},{"@type":"WebSite","@id":"https:\/\/www.grupocatala.com\/de\/#website","url":"https:\/\/www.grupocatala.com\/de\/","name":"GRUPO CATAL\u00c0","description":"","publisher":{"@id":"https:\/\/www.grupocatala.com\/de\/#organization"},"potentialAction":[{"@type":"SearchAction","target":{"@type":"EntryPoint","urlTemplate":"https:\/\/www.grupocatala.com\/de\/?s={search_term_string}"},"query-input":{"@type":"PropertyValueSpecification","valueRequired":true,"valueName":"search_term_string"}}],"inLanguage":"de-DE"},{"@type":"Organization","@id":"https:\/\/www.grupocatala.com\/de\/#organization","name":"Grupo Catala","url":"https:\/\/www.grupocatala.com\/de\/","logo":{"@type":"ImageObject","inLanguage":"de-DE","@id":"https:\/\/www.grupocatala.com\/de\/#\/schema\/logo\/image\/","url":"https:\/\/i0.wp.com\/www.grupocatala.com\/wp-content\/uploads\/2020\/03\/cropped-logo_blanc-1.png?fit=250%2C57&ssl=1","contentUrl":"https:\/\/i0.wp.com\/www.grupocatala.com\/wp-content\/uploads\/2020\/03\/cropped-logo_blanc-1.png?fit=250%2C57&ssl=1","width":250,"height":57,"caption":"Grupo Catala"},"image":{"@id":"https:\/\/www.grupocatala.com\/de\/#\/schema\/logo\/image\/"},"sameAs":["https:\/\/www.instagram.com\/grupocatala"]},{"@type":"Person","@id":"https:\/\/www.grupocatala.com\/de\/#\/schema\/person\/dde7bbb2d234021641005d1e2b24bc23","name":"SuperAdmin"}]}},"jetpack_featured_media_url":"https:\/\/i0.wp.com\/www.grupocatala.com\/wp-content\/uploads\/2021\/05\/photo_2021-05-31_14-02-43-e1622471850353.jpg?fit=400%2C297&ssl=1","jetpack_sharing_enabled":true,"_links":{"self":[{"href":"https:\/\/www.grupocatala.com\/de\/wp-json\/wp\/v2\/posts\/10528","targetHints":{"allow":["GET"]}}],"collection":[{"href":"https:\/\/www.grupocatala.com\/de\/wp-json\/wp\/v2\/posts"}],"about":[{"href":"https:\/\/www.grupocatala.com\/de\/wp-json\/wp\/v2\/types\/post"}],"author":[{"embeddable":true,"href":"https:\/\/www.grupocatala.com\/de\/wp-json\/wp\/v2\/users\/1"}],"replies":[{"embeddable":true,"href":"https:\/\/www.grupocatala.com\/de\/wp-json\/wp\/v2\/comments?post=10528"}],"version-history":[{"count":0,"href":"https:\/\/www.grupocatala.com\/de\/wp-json\/wp\/v2\/posts\/10528\/revisions"}],"wp:featuredmedia":[{"embeddable":true,"href":"https:\/\/www.grupocatala.com\/de\/wp-json\/wp\/v2\/media\/10518"}],"wp:attachment":[{"href":"https:\/\/www.grupocatala.com\/de\/wp-json\/wp\/v2\/media?parent=10528"}],"wp:term":[{"taxonomy":"category","embeddable":true,"href":"https:\/\/www.grupocatala.com\/de\/wp-json\/wp\/v2\/categories?post=10528"},{"taxonomy":"post_tag","embeddable":true,"href":"https:\/\/www.grupocatala.com\/de\/wp-json\/wp\/v2\/tags?post=10528"}],"curies":[{"name":"wp","href":"https:\/\/api.w.org\/{rel}","templated":true}]}}