{"id":10496,"date":"2021-04-20T12:00:11","date_gmt":"2021-04-20T10:00:11","guid":{"rendered":"https:\/\/www.grupocatala.com\/?p=10496"},"modified":"2021-04-22T12:55:49","modified_gmt":"2021-04-22T10:55:49","slug":"ganz-besonderer-besuch-die-jungen-und-maedchen-der-escola-blanca-villalonga","status":"publish","type":"post","link":"https:\/\/www.grupocatala.com\/de\/ganz-besonderer-besuch-die-jungen-und-maedchen-der-escola-blanca-villalonga\/","title":{"rendered":"Ganz besonderer Besuch: die Jungen und M\u00e4dchen der Escola Blanca Villalonga"},"content":{"rendered":"<p><span class=\"Y2IQFc\" lang=\"de\">Bei der Grupo Catal\u00e0 hatten wir das Vergn\u00fcgen, einen ganz besonderen Besuch zu organisieren: die Jungen und M\u00e4dchen der @escolablancavillalonga ???? <\/span><\/p>\n<p><span class=\"Y2IQFc\" lang=\"de\">Zus\u00e4tzlich zu dem von unserem gesamten Team durchgef\u00fchrten Produktionsprozess konnten sie verschiedene Apfelsorten und Birnen kennenlernen: Aufnahme, Konservierung, Klassifizierung und Handhabung der Fr\u00fcchte ??. <\/span><\/p>\n<p><span class=\"Y2IQFc\" lang=\"de\">Dar\u00fcber hinaus haben sie die verschiedenen Phasen der Nahrungskette kennengelernt: die Art und Weise, wie die Fr\u00fcchte des Feldes \u201ezu unserem Tisch\u201c gelangen.<\/span><\/p>\n","protected":false},"excerpt":{"rendered":"<p>Bei der Grupo Catal\u00e0 hatten wir das Vergn\u00fcgen, einen ganz besonderen Besuch zu organisieren: die Jungen und M\u00e4dchen der @escolablancavillalonga ???? Zus\u00e4tzlich zu dem von unserem gesamten Team durchgef\u00fchrten Produktionsprozess &#8230; <a title=\"Ganz besonderer Besuch: die Jungen und M\u00e4dchen der Escola Blanca Villalonga\" class=\"read-more\" href=\"https:\/\/www.grupocatala.com\/de\/ganz-besonderer-besuch-die-jungen-und-maedchen-der-escola-blanca-villalonga\/\" aria-label=\"Mehr Informationen \u00fcber Ganz besonderer Besuch: die Jungen und M\u00e4dchen der Escola Blanca Villalonga\">Weiterlesen<\/a><\/p>\n","protected":false},"author":1,"featured_media":10504,"comment_status":"closed","ping_status":"closed","sticky":false,"template":"","format":"standard","meta":{"_jetpack_memberships_contains_paid_content":false,"footnotes":""},"categories":[25],"tags":[1063,503,525,508,509,1067,1068,512,1066,1069,1065,1070,1064,524],"class_list":["post-10496","post","type-post","status-publish","format-standard","has-post-thumbnail","hentry","category-nachrichten","tag-aktivitaet","tag-catala-gruppe","tag-dankbarkeit","tag-grup-catala-de","tag-grupcatala-de","tag-jungen","tag-la-portella-de","tag-lleida-de","tag-maedchen","tag-nens-de","tag-schule","tag-villalonga-de","tag-weiss","tag-zusammenarbeit"],"yoast_head":"<!-- This site is optimized with the Yoast SEO plugin v27.5 - https:\/\/yoast.com\/product\/yoast-seo-wordpress\/ -->\n<title>Ganz besonderer Besuch: die Jungen und M\u00e4dchen der Escola Blanca Villalonga<\/title>\n<meta name=\"description\" content=\"Bei der Grupo Catal\u00e0 hatten wir das Vergn\u00fcgen, einen ganz besonderen Besuch zu organisieren: die Jungen und M\u00e4dchen der @escolablancavillalonga ????\" \/>\n<meta name=\"robots\" content=\"index, follow, max-snippet:-1, max-image-preview:large, max-video-preview:-1\" \/>\n<link rel=\"canonical\" href=\"https:\/\/www.grupocatala.com\/de\/ganz-besonderer-besuch-die-jungen-und-maedchen-der-escola-blanca-villalonga\/\" \/>\n<meta property=\"og:locale\" content=\"de_DE\" \/>\n<meta property=\"og:type\" content=\"article\" \/>\n<meta property=\"og:title\" content=\"Ganz besonderer Besuch: die Jungen und M\u00e4dchen der Escola Blanca Villalonga\" \/>\n<meta property=\"og:description\" content=\"Bei der Grupo Catal\u00e0 hatten wir das Vergn\u00fcgen, einen ganz besonderen Besuch zu organisieren: die Jungen und M\u00e4dchen der @escolablancavillalonga ????\" \/>\n<meta property=\"og:url\" content=\"https:\/\/www.grupocatala.com\/de\/ganz-besonderer-besuch-die-jungen-und-maedchen-der-escola-blanca-villalonga\/\" \/>\n<meta property=\"og:site_name\" content=\"GRUPO CATAL\u00c0\" \/>\n<meta property=\"article:published_time\" content=\"2021-04-20T10:00:11+00:00\" \/>\n<meta property=\"article:modified_time\" content=\"2021-04-22T10:55:49+00:00\" \/>\n<meta property=\"og:image\" content=\"https:\/\/i0.wp.com\/www.grupocatala.com\/wp-content\/uploads\/2021\/04\/WhatsApp-Image-2021-04-22-at-11.33.54-e1619088942998.jpeg?fit=650%2C502&ssl=1\" \/>\n\t<meta property=\"og:image:width\" content=\"650\" \/>\n\t<meta property=\"og:image:height\" content=\"502\" \/>\n\t<meta property=\"og:image:type\" content=\"image\/jpeg\" \/>\n<meta name=\"author\" content=\"SuperAdmin\" \/>\n<meta name=\"twitter:card\" content=\"summary_large_image\" \/>\n<meta name=\"twitter:label1\" content=\"Verfasst von\" \/>\n\t<meta name=\"twitter:data1\" content=\"SuperAdmin\" \/>\n<script type=\"application\/ld+json\" class=\"yoast-schema-graph\">{\"@context\":\"https:\\\/\\\/schema.org\",\"@graph\":[{\"@type\":\"Article\",\"@id\":\"https:\\\/\\\/www.grupocatala.com\\\/de\\\/ganz-besonderer-besuch-die-jungen-und-maedchen-der-escola-blanca-villalonga\\\/#article\",\"isPartOf\":{\"@id\":\"https:\\\/\\\/www.grupocatala.com\\\/de\\\/ganz-besonderer-besuch-die-jungen-und-maedchen-der-escola-blanca-villalonga\\\/\"},\"author\":{\"name\":\"SuperAdmin\",\"@id\":\"https:\\\/\\\/www.grupocatala.com\\\/de\\\/#\\\/schema\\\/person\\\/dde7bbb2d234021641005d1e2b24bc23\"},\"headline\":\"Ganz besonderer Besuch: die Jungen und M\u00e4dchen der Escola Blanca Villalonga\",\"datePublished\":\"2021-04-20T10:00:11+00:00\",\"dateModified\":\"2021-04-22T10:55:49+00:00\",\"mainEntityOfPage\":{\"@id\":\"https:\\\/\\\/www.grupocatala.com\\\/de\\\/ganz-besonderer-besuch-die-jungen-und-maedchen-der-escola-blanca-villalonga\\\/\"},\"wordCount\":85,\"publisher\":{\"@id\":\"https:\\\/\\\/www.grupocatala.com\\\/de\\\/#organization\"},\"image\":{\"@id\":\"https:\\\/\\\/www.grupocatala.com\\\/de\\\/ganz-besonderer-besuch-die-jungen-und-maedchen-der-escola-blanca-villalonga\\\/#primaryimage\"},\"thumbnailUrl\":\"https:\\\/\\\/i0.wp.com\\\/www.grupocatala.com\\\/wp-content\\\/uploads\\\/2021\\\/04\\\/WhatsApp-Image-2021-04-22-at-11.33.54-e1619088942998.jpeg?fit=650%2C502&ssl=1\",\"keywords\":[\"Aktivit\u00e4t\",\"Catala Gruppe\",\"Dankbarkeit\",\"grup catala\",\"grupcatala\",\"Jungen\",\"La Portella\",\"lleida\",\"M\u00e4dchen\",\"nens\",\"Schule\",\"villalonga\",\"wei\u00df\",\"Zusammenarbeit\"],\"articleSection\":[\"Nachrichten\"],\"inLanguage\":\"de-DE\"},{\"@type\":\"WebPage\",\"@id\":\"https:\\\/\\\/www.grupocatala.com\\\/de\\\/ganz-besonderer-besuch-die-jungen-und-maedchen-der-escola-blanca-villalonga\\\/\",\"url\":\"https:\\\/\\\/www.grupocatala.com\\\/de\\\/ganz-besonderer-besuch-die-jungen-und-maedchen-der-escola-blanca-villalonga\\\/\",\"name\":\"Ganz besonderer Besuch: die Jungen und M\u00e4dchen der Escola Blanca Villalonga\",\"isPartOf\":{\"@id\":\"https:\\\/\\\/www.grupocatala.com\\\/de\\\/#website\"},\"primaryImageOfPage\":{\"@id\":\"https:\\\/\\\/www.grupocatala.com\\\/de\\\/ganz-besonderer-besuch-die-jungen-und-maedchen-der-escola-blanca-villalonga\\\/#primaryimage\"},\"image\":{\"@id\":\"https:\\\/\\\/www.grupocatala.com\\\/de\\\/ganz-besonderer-besuch-die-jungen-und-maedchen-der-escola-blanca-villalonga\\\/#primaryimage\"},\"thumbnailUrl\":\"https:\\\/\\\/i0.wp.com\\\/www.grupocatala.com\\\/wp-content\\\/uploads\\\/2021\\\/04\\\/WhatsApp-Image-2021-04-22-at-11.33.54-e1619088942998.jpeg?fit=650%2C502&ssl=1\",\"datePublished\":\"2021-04-20T10:00:11+00:00\",\"dateModified\":\"2021-04-22T10:55:49+00:00\",\"description\":\"Bei der Grupo Catal\u00e0 hatten wir das Vergn\u00fcgen, einen ganz besonderen Besuch zu organisieren: die Jungen und M\u00e4dchen der @escolablancavillalonga ????\",\"breadcrumb\":{\"@id\":\"https:\\\/\\\/www.grupocatala.com\\\/de\\\/ganz-besonderer-besuch-die-jungen-und-maedchen-der-escola-blanca-villalonga\\\/#breadcrumb\"},\"inLanguage\":\"de-DE\",\"potentialAction\":[{\"@type\":\"ReadAction\",\"target\":[\"https:\\\/\\\/www.grupocatala.com\\\/de\\\/ganz-besonderer-besuch-die-jungen-und-maedchen-der-escola-blanca-villalonga\\\/\"]}]},{\"@type\":\"ImageObject\",\"inLanguage\":\"de-DE\",\"@id\":\"https:\\\/\\\/www.grupocatala.com\\\/de\\\/ganz-besonderer-besuch-die-jungen-und-maedchen-der-escola-blanca-villalonga\\\/#primaryimage\",\"url\":\"https:\\\/\\\/i0.wp.com\\\/www.grupocatala.com\\\/wp-content\\\/uploads\\\/2021\\\/04\\\/WhatsApp-Image-2021-04-22-at-11.33.54-e1619088942998.jpeg?fit=650%2C502&ssl=1\",\"contentUrl\":\"https:\\\/\\\/i0.wp.com\\\/www.grupocatala.com\\\/wp-content\\\/uploads\\\/2021\\\/04\\\/WhatsApp-Image-2021-04-22-at-11.33.54-e1619088942998.jpeg?fit=650%2C502&ssl=1\",\"width\":650,\"height\":502},{\"@type\":\"BreadcrumbList\",\"@id\":\"https:\\\/\\\/www.grupocatala.com\\\/de\\\/ganz-besonderer-besuch-die-jungen-und-maedchen-der-escola-blanca-villalonga\\\/#breadcrumb\",\"itemListElement\":[{\"@type\":\"ListItem\",\"position\":1,\"name\":\"Portada\",\"item\":\"https:\\\/\\\/www.grupocatala.com\\\/de\\\/\"},{\"@type\":\"ListItem\",\"position\":2,\"name\":\"Ganz besonderer Besuch: die Jungen und M\u00e4dchen der Escola Blanca Villalonga\"}]},{\"@type\":\"WebSite\",\"@id\":\"https:\\\/\\\/www.grupocatala.com\\\/de\\\/#website\",\"url\":\"https:\\\/\\\/www.grupocatala.com\\\/de\\\/\",\"name\":\"GRUPO CATAL\u00c0\",\"description\":\"\",\"publisher\":{\"@id\":\"https:\\\/\\\/www.grupocatala.com\\\/de\\\/#organization\"},\"potentialAction\":[{\"@type\":\"SearchAction\",\"target\":{\"@type\":\"EntryPoint\",\"urlTemplate\":\"https:\\\/\\\/www.grupocatala.com\\\/de\\\/?s={search_term_string}\"},\"query-input\":{\"@type\":\"PropertyValueSpecification\",\"valueRequired\":true,\"valueName\":\"search_term_string\"}}],\"inLanguage\":\"de-DE\"},{\"@type\":\"Organization\",\"@id\":\"https:\\\/\\\/www.grupocatala.com\\\/de\\\/#organization\",\"name\":\"Grupo Catala\",\"url\":\"https:\\\/\\\/www.grupocatala.com\\\/de\\\/\",\"logo\":{\"@type\":\"ImageObject\",\"inLanguage\":\"de-DE\",\"@id\":\"https:\\\/\\\/www.grupocatala.com\\\/de\\\/#\\\/schema\\\/logo\\\/image\\\/\",\"url\":\"https:\\\/\\\/i0.wp.com\\\/www.grupocatala.com\\\/wp-content\\\/uploads\\\/2020\\\/03\\\/cropped-logo_blanc-1.png?fit=250%2C57&ssl=1\",\"contentUrl\":\"https:\\\/\\\/i0.wp.com\\\/www.grupocatala.com\\\/wp-content\\\/uploads\\\/2020\\\/03\\\/cropped-logo_blanc-1.png?fit=250%2C57&ssl=1\",\"width\":250,\"height\":57,\"caption\":\"Grupo Catala\"},\"image\":{\"@id\":\"https:\\\/\\\/www.grupocatala.com\\\/de\\\/#\\\/schema\\\/logo\\\/image\\\/\"},\"sameAs\":[\"https:\\\/\\\/www.instagram.com\\\/grupocatala\"]},{\"@type\":\"Person\",\"@id\":\"https:\\\/\\\/www.grupocatala.com\\\/de\\\/#\\\/schema\\\/person\\\/dde7bbb2d234021641005d1e2b24bc23\",\"name\":\"SuperAdmin\"}]}<\/script>\n<!-- \/ Yoast SEO plugin. -->","yoast_head_json":{"title":"Ganz besonderer Besuch: die Jungen und M\u00e4dchen der Escola Blanca Villalonga","description":"Bei der Grupo Catal\u00e0 hatten wir das Vergn\u00fcgen, einen ganz besonderen Besuch zu organisieren: die Jungen und M\u00e4dchen der @escolablancavillalonga ????","robots":{"index":"index","follow":"follow","max-snippet":"max-snippet:-1","max-image-preview":"max-image-preview:large","max-video-preview":"max-video-preview:-1"},"canonical":"https:\/\/www.grupocatala.com\/de\/ganz-besonderer-besuch-die-jungen-und-maedchen-der-escola-blanca-villalonga\/","og_locale":"de_DE","og_type":"article","og_title":"Ganz besonderer Besuch: die Jungen und M\u00e4dchen der Escola Blanca Villalonga","og_description":"Bei der Grupo Catal\u00e0 hatten wir das Vergn\u00fcgen, einen ganz besonderen Besuch zu organisieren: die Jungen und M\u00e4dchen der @escolablancavillalonga ????","og_url":"https:\/\/www.grupocatala.com\/de\/ganz-besonderer-besuch-die-jungen-und-maedchen-der-escola-blanca-villalonga\/","og_site_name":"GRUPO CATAL\u00c0","article_published_time":"2021-04-20T10:00:11+00:00","article_modified_time":"2021-04-22T10:55:49+00:00","og_image":[{"width":650,"height":502,"url":"https:\/\/i0.wp.com\/www.grupocatala.com\/wp-content\/uploads\/2021\/04\/WhatsApp-Image-2021-04-22-at-11.33.54-e1619088942998.jpeg?fit=650%2C502&ssl=1","type":"image\/jpeg"}],"author":"SuperAdmin","twitter_card":"summary_large_image","twitter_misc":{"Verfasst von":"SuperAdmin"},"schema":{"@context":"https:\/\/schema.org","@graph":[{"@type":"Article","@id":"https:\/\/www.grupocatala.com\/de\/ganz-besonderer-besuch-die-jungen-und-maedchen-der-escola-blanca-villalonga\/#article","isPartOf":{"@id":"https:\/\/www.grupocatala.com\/de\/ganz-besonderer-besuch-die-jungen-und-maedchen-der-escola-blanca-villalonga\/"},"author":{"name":"SuperAdmin","@id":"https:\/\/www.grupocatala.com\/de\/#\/schema\/person\/dde7bbb2d234021641005d1e2b24bc23"},"headline":"Ganz besonderer Besuch: die Jungen und M\u00e4dchen der Escola Blanca Villalonga","datePublished":"2021-04-20T10:00:11+00:00","dateModified":"2021-04-22T10:55:49+00:00","mainEntityOfPage":{"@id":"https:\/\/www.grupocatala.com\/de\/ganz-besonderer-besuch-die-jungen-und-maedchen-der-escola-blanca-villalonga\/"},"wordCount":85,"publisher":{"@id":"https:\/\/www.grupocatala.com\/de\/#organization"},"image":{"@id":"https:\/\/www.grupocatala.com\/de\/ganz-besonderer-besuch-die-jungen-und-maedchen-der-escola-blanca-villalonga\/#primaryimage"},"thumbnailUrl":"https:\/\/i0.wp.com\/www.grupocatala.com\/wp-content\/uploads\/2021\/04\/WhatsApp-Image-2021-04-22-at-11.33.54-e1619088942998.jpeg?fit=650%2C502&ssl=1","keywords":["Aktivit\u00e4t","Catala Gruppe","Dankbarkeit","grup catala","grupcatala","Jungen","La Portella","lleida","M\u00e4dchen","nens","Schule","villalonga","wei\u00df","Zusammenarbeit"],"articleSection":["Nachrichten"],"inLanguage":"de-DE"},{"@type":"WebPage","@id":"https:\/\/www.grupocatala.com\/de\/ganz-besonderer-besuch-die-jungen-und-maedchen-der-escola-blanca-villalonga\/","url":"https:\/\/www.grupocatala.com\/de\/ganz-besonderer-besuch-die-jungen-und-maedchen-der-escola-blanca-villalonga\/","name":"Ganz besonderer Besuch: die Jungen und M\u00e4dchen der Escola Blanca Villalonga","isPartOf":{"@id":"https:\/\/www.grupocatala.com\/de\/#website"},"primaryImageOfPage":{"@id":"https:\/\/www.grupocatala.com\/de\/ganz-besonderer-besuch-die-jungen-und-maedchen-der-escola-blanca-villalonga\/#primaryimage"},"image":{"@id":"https:\/\/www.grupocatala.com\/de\/ganz-besonderer-besuch-die-jungen-und-maedchen-der-escola-blanca-villalonga\/#primaryimage"},"thumbnailUrl":"https:\/\/i0.wp.com\/www.grupocatala.com\/wp-content\/uploads\/2021\/04\/WhatsApp-Image-2021-04-22-at-11.33.54-e1619088942998.jpeg?fit=650%2C502&ssl=1","datePublished":"2021-04-20T10:00:11+00:00","dateModified":"2021-04-22T10:55:49+00:00","description":"Bei der Grupo Catal\u00e0 hatten wir das Vergn\u00fcgen, einen ganz besonderen Besuch zu organisieren: die Jungen und M\u00e4dchen der @escolablancavillalonga ????","breadcrumb":{"@id":"https:\/\/www.grupocatala.com\/de\/ganz-besonderer-besuch-die-jungen-und-maedchen-der-escola-blanca-villalonga\/#breadcrumb"},"inLanguage":"de-DE","potentialAction":[{"@type":"ReadAction","target":["https:\/\/www.grupocatala.com\/de\/ganz-besonderer-besuch-die-jungen-und-maedchen-der-escola-blanca-villalonga\/"]}]},{"@type":"ImageObject","inLanguage":"de-DE","@id":"https:\/\/www.grupocatala.com\/de\/ganz-besonderer-besuch-die-jungen-und-maedchen-der-escola-blanca-villalonga\/#primaryimage","url":"https:\/\/i0.wp.com\/www.grupocatala.com\/wp-content\/uploads\/2021\/04\/WhatsApp-Image-2021-04-22-at-11.33.54-e1619088942998.jpeg?fit=650%2C502&ssl=1","contentUrl":"https:\/\/i0.wp.com\/www.grupocatala.com\/wp-content\/uploads\/2021\/04\/WhatsApp-Image-2021-04-22-at-11.33.54-e1619088942998.jpeg?fit=650%2C502&ssl=1","width":650,"height":502},{"@type":"BreadcrumbList","@id":"https:\/\/www.grupocatala.com\/de\/ganz-besonderer-besuch-die-jungen-und-maedchen-der-escola-blanca-villalonga\/#breadcrumb","itemListElement":[{"@type":"ListItem","position":1,"name":"Portada","item":"https:\/\/www.grupocatala.com\/de\/"},{"@type":"ListItem","position":2,"name":"Ganz besonderer Besuch: die Jungen und M\u00e4dchen der Escola Blanca Villalonga"}]},{"@type":"WebSite","@id":"https:\/\/www.grupocatala.com\/de\/#website","url":"https:\/\/www.grupocatala.com\/de\/","name":"GRUPO CATAL\u00c0","description":"","publisher":{"@id":"https:\/\/www.grupocatala.com\/de\/#organization"},"potentialAction":[{"@type":"SearchAction","target":{"@type":"EntryPoint","urlTemplate":"https:\/\/www.grupocatala.com\/de\/?s={search_term_string}"},"query-input":{"@type":"PropertyValueSpecification","valueRequired":true,"valueName":"search_term_string"}}],"inLanguage":"de-DE"},{"@type":"Organization","@id":"https:\/\/www.grupocatala.com\/de\/#organization","name":"Grupo Catala","url":"https:\/\/www.grupocatala.com\/de\/","logo":{"@type":"ImageObject","inLanguage":"de-DE","@id":"https:\/\/www.grupocatala.com\/de\/#\/schema\/logo\/image\/","url":"https:\/\/i0.wp.com\/www.grupocatala.com\/wp-content\/uploads\/2020\/03\/cropped-logo_blanc-1.png?fit=250%2C57&ssl=1","contentUrl":"https:\/\/i0.wp.com\/www.grupocatala.com\/wp-content\/uploads\/2020\/03\/cropped-logo_blanc-1.png?fit=250%2C57&ssl=1","width":250,"height":57,"caption":"Grupo Catala"},"image":{"@id":"https:\/\/www.grupocatala.com\/de\/#\/schema\/logo\/image\/"},"sameAs":["https:\/\/www.instagram.com\/grupocatala"]},{"@type":"Person","@id":"https:\/\/www.grupocatala.com\/de\/#\/schema\/person\/dde7bbb2d234021641005d1e2b24bc23","name":"SuperAdmin"}]}},"jetpack_featured_media_url":"https:\/\/i0.wp.com\/www.grupocatala.com\/wp-content\/uploads\/2021\/04\/WhatsApp-Image-2021-04-22-at-11.33.54-e1619088942998.jpeg?fit=650%2C502&ssl=1","jetpack_sharing_enabled":true,"_links":{"self":[{"href":"https:\/\/www.grupocatala.com\/de\/wp-json\/wp\/v2\/posts\/10496","targetHints":{"allow":["GET"]}}],"collection":[{"href":"https:\/\/www.grupocatala.com\/de\/wp-json\/wp\/v2\/posts"}],"about":[{"href":"https:\/\/www.grupocatala.com\/de\/wp-json\/wp\/v2\/types\/post"}],"author":[{"embeddable":true,"href":"https:\/\/www.grupocatala.com\/de\/wp-json\/wp\/v2\/users\/1"}],"replies":[{"embeddable":true,"href":"https:\/\/www.grupocatala.com\/de\/wp-json\/wp\/v2\/comments?post=10496"}],"version-history":[{"count":0,"href":"https:\/\/www.grupocatala.com\/de\/wp-json\/wp\/v2\/posts\/10496\/revisions"}],"wp:featuredmedia":[{"embeddable":true,"href":"https:\/\/www.grupocatala.com\/de\/wp-json\/wp\/v2\/media\/10504"}],"wp:attachment":[{"href":"https:\/\/www.grupocatala.com\/de\/wp-json\/wp\/v2\/media?parent=10496"}],"wp:term":[{"taxonomy":"category","embeddable":true,"href":"https:\/\/www.grupocatala.com\/de\/wp-json\/wp\/v2\/categories?post=10496"},{"taxonomy":"post_tag","embeddable":true,"href":"https:\/\/www.grupocatala.com\/de\/wp-json\/wp\/v2\/tags?post=10496"}],"curies":[{"name":"wp","href":"https:\/\/api.w.org\/{rel}","templated":true}]}}