{"id":9716,"date":"2010-08-01T12:00:00","date_gmt":"2010-08-01T10:00:00","guid":{"rendered":"https:\/\/www.grupocatala.com\/?p=9716"},"modified":"2021-02-12T18:04:20","modified_gmt":"2021-02-12T17:04:20","slug":"grup-catala-patrocinador-club-basquet-seca-sant-pere","status":"publish","type":"post","link":"https:\/\/www.grupocatala.com\/ca\/grup-catala-patrocinador-club-basquet-seca-sant-pere\/","title":{"rendered":"Grup Catal\u00e0 patrocinador Club B\u00e0squet Sec\u00e0 Sant Pere"},"content":{"rendered":"<p>El C.B. Sec\u00e0 Sant-Pere Lleida \u00e9s el fruit de la uni\u00f3 de m\u00faltiples voluntats, de les Il\u00b7lusions de la gran Majoria d&#8217;Aficionats a l&#8217;b\u00e0squet. Som 1 sentiment renovat que esperem compartir paper M\u00e0xim de persones.<\/p>\n<p>La gent positiva \u00e9s la que cau, s&#8217;aixeca, es sacseja, es cura dels rapes, li somriu a la vida i diu:<\/p>\n<p>\u00a1AQU\u00cd VAIG DE NOU!<\/p>\n<p>El pavell\u00f3 Juanjo Garra, Situat a al Nou Vial de la carretera N-230 de l&#8217;Sec\u00e0 de Sant Pere i Bal\u00e0fia, a Lleida, fou inaugurat el 14 de desembre de l&#8217;any 2013 i \u00e9s el pavell\u00f3 poliesportiu municipal dels barris de l&#8217;Sec\u00e0 de Sant Pere i de Bal\u00e0fia .<\/p>\n<p>El nom de l&#8217;Nostre pavell\u00f3 \u00e9s el record que la ciutat de Lleida ha Dedicat a l&#8217;excel \u2022 lent muntanyenc lleidat\u00e0, traspassat a el mes de maig de l&#8217;any 2013 a l&#8217;Dhaulagiri, a l&#8217;Him\u00e0laia.<\/p>\n<p>Aixi el su nom, Situat a la placa de l&#8217;entrada de l&#8217;edifici, ENS Recorda com el Juanjo Garra sempre compartia con los lleidatans i lleidatanes a els valors i els Experi\u00e8ncies AMB que tornava de cada expedici\u00f3. El su llegat ENS Recorda que l&#8217;esport \u00e9s educaci\u00f3 i el pavell\u00f3 que porta su nom contribuir\u00e0 en gran mesura a transmetre a els valors de l&#8217;esport, Especialment para los m\u00e9s joves: l&#8217;esperit solidari, la const\u00e0ncia i el comprom\u00eds de l&#8217;Juanjo amb la gent de Lleida i de l&#8217;esport.<\/p>\n<p>El Fins ara pavell\u00f3 poliesportiu municipal Ol\u00edmpics de Lleida, nom de l&#8217;pavell\u00f3 entre el 2011 i el 2013, va ser inaugurat el mar\u00e7 de l&#8217;any 2011 i te una superf\u00edcie constru\u00efda de 4.065,16 m2: planta soterr\u00e0nia (2.387,36 m2), planta baixa ( 1.084,40 m2) i primera planta (593,40 m2).<\/p>\n","protected":false},"excerpt":{"rendered":"<p>El C.B. Sec\u00e0 Sant-Pere Lleida \u00e9s el fruit de la uni\u00f3 de m\u00faltiples voluntats, de les Il\u00b7lusions de la gran Majoria d&#8217;Aficionats a l&#8217;b\u00e0squet. Som 1 sentiment renovat que esperem &#8230; <a title=\"Grup Catal\u00e0 patrocinador Club B\u00e0squet Sec\u00e0 Sant Pere\" class=\"read-more\" href=\"https:\/\/www.grupocatala.com\/ca\/grup-catala-patrocinador-club-basquet-seca-sant-pere\/\" aria-label=\"M\u00e9s informaci\u00f3 sobre Grup Catal\u00e0 patrocinador Club B\u00e0squet Sec\u00e0 Sant Pere\">Llegiu m\u00e9s<\/a><\/p>\n","protected":false},"author":1,"featured_media":9700,"comment_status":"closed","ping_status":"closed","sticky":false,"template":"","format":"standard","meta":{"_jetpack_memberships_contains_paid_content":false,"footnotes":""},"categories":[26],"tags":[272,212,170,177,178,180,195,210,275,274,273],"class_list":["post-9716","post","type-post","status-publish","format-standard","has-post-thumbnail","hentry","category-noticies","tag-basquet-ca","tag-esport-ca","tag-fruita","tag-grup-catala-ca","tag-grupcatala-ca","tag-grupocatala-ca","tag-lleida-ca","tag-patrocinador-ca","tag-pere-ca","tag-sant-ca","tag-seca-ca"],"yoast_head":"<!-- This site is optimized with the Yoast SEO plugin v27.5 - https:\/\/yoast.com\/product\/yoast-seo-wordpress\/ -->\n<title>Grup Catal\u00e0 patrocinador Club B\u00e0squet Sec\u00e0 Sant Pere<\/title>\n<meta name=\"description\" content=\"El C.B. Sec\u00e0 Sant-Pere Lleida \u00e9s el fruit de la uni\u00f3 de m\u00faltiples voluntats, de les Il\u00b7lusions de la gran Majoria d&#039;Aficionats a l&#039;b\u00e0squet. Som 1\" \/>\n<meta name=\"robots\" content=\"index, follow, max-snippet:-1, max-image-preview:large, max-video-preview:-1\" \/>\n<link rel=\"canonical\" href=\"https:\/\/www.grupocatala.com\/ca\/grup-catala-patrocinador-club-basquet-seca-sant-pere\/\" \/>\n<meta property=\"og:locale\" content=\"ca_ES\" \/>\n<meta property=\"og:type\" content=\"article\" \/>\n<meta property=\"og:title\" content=\"Grup Catal\u00e0 patrocinador Club B\u00e0squet Sec\u00e0 Sant Pere\" \/>\n<meta property=\"og:description\" content=\"El C.B. Sec\u00e0 Sant-Pere Lleida \u00e9s el fruit de la uni\u00f3 de m\u00faltiples voluntats, de les Il\u00b7lusions de la gran Majoria d&#039;Aficionats a l&#039;b\u00e0squet. Som 1\" \/>\n<meta property=\"og:url\" content=\"https:\/\/www.grupocatala.com\/ca\/grup-catala-patrocinador-club-basquet-seca-sant-pere\/\" \/>\n<meta property=\"og:site_name\" content=\"GRUPO CATAL\u00c0\" \/>\n<meta property=\"article:published_time\" content=\"2010-08-01T10:00:00+00:00\" \/>\n<meta property=\"article:modified_time\" content=\"2021-02-12T17:04:20+00:00\" \/>\n<meta property=\"og:image\" content=\"https:\/\/i1.wp.com\/www.grupocatala.com\/wp-content\/uploads\/2021\/02\/4NxkOr3trnqZMRIe.jpg?fit=153%2C180&ssl=1\" \/>\n\t<meta property=\"og:image:width\" content=\"153\" \/>\n\t<meta property=\"og:image:height\" content=\"180\" \/>\n\t<meta property=\"og:image:type\" content=\"image\/jpeg\" \/>\n<meta name=\"author\" content=\"SuperAdmin\" \/>\n<meta name=\"twitter:card\" content=\"summary_large_image\" \/>\n<meta name=\"twitter:label1\" content=\"Escrit per\" \/>\n\t<meta name=\"twitter:data1\" content=\"SuperAdmin\" \/>\n\t<meta name=\"twitter:label2\" content=\"Temps estimat de lectura\" \/>\n\t<meta name=\"twitter:data2\" content=\"1 minute\" \/>\n<script type=\"application\/ld+json\" class=\"yoast-schema-graph\">{\"@context\":\"https:\\\/\\\/schema.org\",\"@graph\":[{\"@type\":\"Article\",\"@id\":\"https:\\\/\\\/www.grupocatala.com\\\/ca\\\/grup-catala-patrocinador-club-basquet-seca-sant-pere\\\/#article\",\"isPartOf\":{\"@id\":\"https:\\\/\\\/www.grupocatala.com\\\/ca\\\/grup-catala-patrocinador-club-basquet-seca-sant-pere\\\/\"},\"author\":{\"name\":\"SuperAdmin\",\"@id\":\"https:\\\/\\\/www.grupocatala.com\\\/ca\\\/#\\\/schema\\\/person\\\/dde7bbb2d234021641005d1e2b24bc23\"},\"headline\":\"Grup Catal\u00e0 patrocinador Club B\u00e0squet Sec\u00e0 Sant Pere\",\"datePublished\":\"2010-08-01T10:00:00+00:00\",\"dateModified\":\"2021-02-12T17:04:20+00:00\",\"mainEntityOfPage\":{\"@id\":\"https:\\\/\\\/www.grupocatala.com\\\/ca\\\/grup-catala-patrocinador-club-basquet-seca-sant-pere\\\/\"},\"wordCount\":307,\"publisher\":{\"@id\":\"https:\\\/\\\/www.grupocatala.com\\\/ca\\\/#organization\"},\"image\":{\"@id\":\"https:\\\/\\\/www.grupocatala.com\\\/ca\\\/grup-catala-patrocinador-club-basquet-seca-sant-pere\\\/#primaryimage\"},\"thumbnailUrl\":\"https:\\\/\\\/i0.wp.com\\\/www.grupocatala.com\\\/wp-content\\\/uploads\\\/2021\\\/02\\\/4NxkOr3trnqZMRIe.jpg?fit=153%2C180&ssl=1\",\"keywords\":[\"basquet\",\"esport\",\"fruita\",\"grup catala\",\"grupcatala\",\"grupocatala\",\"lleida\",\"patrocinador\",\"pere\",\"sant\",\"seca\"],\"articleSection\":[\"Not\u00edcies\"],\"inLanguage\":\"ca\"},{\"@type\":\"WebPage\",\"@id\":\"https:\\\/\\\/www.grupocatala.com\\\/ca\\\/grup-catala-patrocinador-club-basquet-seca-sant-pere\\\/\",\"url\":\"https:\\\/\\\/www.grupocatala.com\\\/ca\\\/grup-catala-patrocinador-club-basquet-seca-sant-pere\\\/\",\"name\":\"Grup Catal\u00e0 patrocinador Club B\u00e0squet Sec\u00e0 Sant Pere\",\"isPartOf\":{\"@id\":\"https:\\\/\\\/www.grupocatala.com\\\/ca\\\/#website\"},\"primaryImageOfPage\":{\"@id\":\"https:\\\/\\\/www.grupocatala.com\\\/ca\\\/grup-catala-patrocinador-club-basquet-seca-sant-pere\\\/#primaryimage\"},\"image\":{\"@id\":\"https:\\\/\\\/www.grupocatala.com\\\/ca\\\/grup-catala-patrocinador-club-basquet-seca-sant-pere\\\/#primaryimage\"},\"thumbnailUrl\":\"https:\\\/\\\/i0.wp.com\\\/www.grupocatala.com\\\/wp-content\\\/uploads\\\/2021\\\/02\\\/4NxkOr3trnqZMRIe.jpg?fit=153%2C180&ssl=1\",\"datePublished\":\"2010-08-01T10:00:00+00:00\",\"dateModified\":\"2021-02-12T17:04:20+00:00\",\"description\":\"El C.B. Sec\u00e0 Sant-Pere Lleida \u00e9s el fruit de la uni\u00f3 de m\u00faltiples voluntats, de les Il\u00b7lusions de la gran Majoria d'Aficionats a l'b\u00e0squet. Som 1\",\"breadcrumb\":{\"@id\":\"https:\\\/\\\/www.grupocatala.com\\\/ca\\\/grup-catala-patrocinador-club-basquet-seca-sant-pere\\\/#breadcrumb\"},\"inLanguage\":\"ca\",\"potentialAction\":[{\"@type\":\"ReadAction\",\"target\":[\"https:\\\/\\\/www.grupocatala.com\\\/ca\\\/grup-catala-patrocinador-club-basquet-seca-sant-pere\\\/\"]}]},{\"@type\":\"ImageObject\",\"inLanguage\":\"ca\",\"@id\":\"https:\\\/\\\/www.grupocatala.com\\\/ca\\\/grup-catala-patrocinador-club-basquet-seca-sant-pere\\\/#primaryimage\",\"url\":\"https:\\\/\\\/i0.wp.com\\\/www.grupocatala.com\\\/wp-content\\\/uploads\\\/2021\\\/02\\\/4NxkOr3trnqZMRIe.jpg?fit=153%2C180&ssl=1\",\"contentUrl\":\"https:\\\/\\\/i0.wp.com\\\/www.grupocatala.com\\\/wp-content\\\/uploads\\\/2021\\\/02\\\/4NxkOr3trnqZMRIe.jpg?fit=153%2C180&ssl=1\",\"width\":153,\"height\":180},{\"@type\":\"BreadcrumbList\",\"@id\":\"https:\\\/\\\/www.grupocatala.com\\\/ca\\\/grup-catala-patrocinador-club-basquet-seca-sant-pere\\\/#breadcrumb\",\"itemListElement\":[{\"@type\":\"ListItem\",\"position\":1,\"name\":\"Portada\",\"item\":\"https:\\\/\\\/www.grupocatala.com\\\/ca\\\/\"},{\"@type\":\"ListItem\",\"position\":2,\"name\":\"Grup Catal\u00e0 patrocinador Club B\u00e0squet Sec\u00e0 Sant Pere\"}]},{\"@type\":\"WebSite\",\"@id\":\"https:\\\/\\\/www.grupocatala.com\\\/ca\\\/#website\",\"url\":\"https:\\\/\\\/www.grupocatala.com\\\/ca\\\/\",\"name\":\"GRUPO CATAL\u00c0\",\"description\":\"\",\"publisher\":{\"@id\":\"https:\\\/\\\/www.grupocatala.com\\\/ca\\\/#organization\"},\"potentialAction\":[{\"@type\":\"SearchAction\",\"target\":{\"@type\":\"EntryPoint\",\"urlTemplate\":\"https:\\\/\\\/www.grupocatala.com\\\/ca\\\/?s={search_term_string}\"},\"query-input\":{\"@type\":\"PropertyValueSpecification\",\"valueRequired\":true,\"valueName\":\"search_term_string\"}}],\"inLanguage\":\"ca\"},{\"@type\":\"Organization\",\"@id\":\"https:\\\/\\\/www.grupocatala.com\\\/ca\\\/#organization\",\"name\":\"Grupo Catala\",\"url\":\"https:\\\/\\\/www.grupocatala.com\\\/ca\\\/\",\"logo\":{\"@type\":\"ImageObject\",\"inLanguage\":\"ca\",\"@id\":\"https:\\\/\\\/www.grupocatala.com\\\/ca\\\/#\\\/schema\\\/logo\\\/image\\\/\",\"url\":\"https:\\\/\\\/i0.wp.com\\\/www.grupocatala.com\\\/wp-content\\\/uploads\\\/2020\\\/03\\\/cropped-logo_blanc-1.png?fit=250%2C57&ssl=1\",\"contentUrl\":\"https:\\\/\\\/i0.wp.com\\\/www.grupocatala.com\\\/wp-content\\\/uploads\\\/2020\\\/03\\\/cropped-logo_blanc-1.png?fit=250%2C57&ssl=1\",\"width\":250,\"height\":57,\"caption\":\"Grupo Catala\"},\"image\":{\"@id\":\"https:\\\/\\\/www.grupocatala.com\\\/ca\\\/#\\\/schema\\\/logo\\\/image\\\/\"},\"sameAs\":[\"https:\\\/\\\/www.instagram.com\\\/grupocatala\"]},{\"@type\":\"Person\",\"@id\":\"https:\\\/\\\/www.grupocatala.com\\\/ca\\\/#\\\/schema\\\/person\\\/dde7bbb2d234021641005d1e2b24bc23\",\"name\":\"SuperAdmin\"}]}<\/script>\n<!-- \/ Yoast SEO plugin. -->","yoast_head_json":{"title":"Grup Catal\u00e0 patrocinador Club B\u00e0squet Sec\u00e0 Sant Pere","description":"El C.B. Sec\u00e0 Sant-Pere Lleida \u00e9s el fruit de la uni\u00f3 de m\u00faltiples voluntats, de les Il\u00b7lusions de la gran Majoria d'Aficionats a l'b\u00e0squet. Som 1","robots":{"index":"index","follow":"follow","max-snippet":"max-snippet:-1","max-image-preview":"max-image-preview:large","max-video-preview":"max-video-preview:-1"},"canonical":"https:\/\/www.grupocatala.com\/ca\/grup-catala-patrocinador-club-basquet-seca-sant-pere\/","og_locale":"ca_ES","og_type":"article","og_title":"Grup Catal\u00e0 patrocinador Club B\u00e0squet Sec\u00e0 Sant Pere","og_description":"El C.B. Sec\u00e0 Sant-Pere Lleida \u00e9s el fruit de la uni\u00f3 de m\u00faltiples voluntats, de les Il\u00b7lusions de la gran Majoria d'Aficionats a l'b\u00e0squet. Som 1","og_url":"https:\/\/www.grupocatala.com\/ca\/grup-catala-patrocinador-club-basquet-seca-sant-pere\/","og_site_name":"GRUPO CATAL\u00c0","article_published_time":"2010-08-01T10:00:00+00:00","article_modified_time":"2021-02-12T17:04:20+00:00","og_image":[{"width":153,"height":180,"url":"https:\/\/i1.wp.com\/www.grupocatala.com\/wp-content\/uploads\/2021\/02\/4NxkOr3trnqZMRIe.jpg?fit=153%2C180&ssl=1","type":"image\/jpeg"}],"author":"SuperAdmin","twitter_card":"summary_large_image","twitter_misc":{"Escrit per":"SuperAdmin","Temps estimat de lectura":"1 minute"},"schema":{"@context":"https:\/\/schema.org","@graph":[{"@type":"Article","@id":"https:\/\/www.grupocatala.com\/ca\/grup-catala-patrocinador-club-basquet-seca-sant-pere\/#article","isPartOf":{"@id":"https:\/\/www.grupocatala.com\/ca\/grup-catala-patrocinador-club-basquet-seca-sant-pere\/"},"author":{"name":"SuperAdmin","@id":"https:\/\/www.grupocatala.com\/ca\/#\/schema\/person\/dde7bbb2d234021641005d1e2b24bc23"},"headline":"Grup Catal\u00e0 patrocinador Club B\u00e0squet Sec\u00e0 Sant Pere","datePublished":"2010-08-01T10:00:00+00:00","dateModified":"2021-02-12T17:04:20+00:00","mainEntityOfPage":{"@id":"https:\/\/www.grupocatala.com\/ca\/grup-catala-patrocinador-club-basquet-seca-sant-pere\/"},"wordCount":307,"publisher":{"@id":"https:\/\/www.grupocatala.com\/ca\/#organization"},"image":{"@id":"https:\/\/www.grupocatala.com\/ca\/grup-catala-patrocinador-club-basquet-seca-sant-pere\/#primaryimage"},"thumbnailUrl":"https:\/\/i0.wp.com\/www.grupocatala.com\/wp-content\/uploads\/2021\/02\/4NxkOr3trnqZMRIe.jpg?fit=153%2C180&ssl=1","keywords":["basquet","esport","fruita","grup catala","grupcatala","grupocatala","lleida","patrocinador","pere","sant","seca"],"articleSection":["Not\u00edcies"],"inLanguage":"ca"},{"@type":"WebPage","@id":"https:\/\/www.grupocatala.com\/ca\/grup-catala-patrocinador-club-basquet-seca-sant-pere\/","url":"https:\/\/www.grupocatala.com\/ca\/grup-catala-patrocinador-club-basquet-seca-sant-pere\/","name":"Grup Catal\u00e0 patrocinador Club B\u00e0squet Sec\u00e0 Sant Pere","isPartOf":{"@id":"https:\/\/www.grupocatala.com\/ca\/#website"},"primaryImageOfPage":{"@id":"https:\/\/www.grupocatala.com\/ca\/grup-catala-patrocinador-club-basquet-seca-sant-pere\/#primaryimage"},"image":{"@id":"https:\/\/www.grupocatala.com\/ca\/grup-catala-patrocinador-club-basquet-seca-sant-pere\/#primaryimage"},"thumbnailUrl":"https:\/\/i0.wp.com\/www.grupocatala.com\/wp-content\/uploads\/2021\/02\/4NxkOr3trnqZMRIe.jpg?fit=153%2C180&ssl=1","datePublished":"2010-08-01T10:00:00+00:00","dateModified":"2021-02-12T17:04:20+00:00","description":"El C.B. Sec\u00e0 Sant-Pere Lleida \u00e9s el fruit de la uni\u00f3 de m\u00faltiples voluntats, de les Il\u00b7lusions de la gran Majoria d'Aficionats a l'b\u00e0squet. Som 1","breadcrumb":{"@id":"https:\/\/www.grupocatala.com\/ca\/grup-catala-patrocinador-club-basquet-seca-sant-pere\/#breadcrumb"},"inLanguage":"ca","potentialAction":[{"@type":"ReadAction","target":["https:\/\/www.grupocatala.com\/ca\/grup-catala-patrocinador-club-basquet-seca-sant-pere\/"]}]},{"@type":"ImageObject","inLanguage":"ca","@id":"https:\/\/www.grupocatala.com\/ca\/grup-catala-patrocinador-club-basquet-seca-sant-pere\/#primaryimage","url":"https:\/\/i0.wp.com\/www.grupocatala.com\/wp-content\/uploads\/2021\/02\/4NxkOr3trnqZMRIe.jpg?fit=153%2C180&ssl=1","contentUrl":"https:\/\/i0.wp.com\/www.grupocatala.com\/wp-content\/uploads\/2021\/02\/4NxkOr3trnqZMRIe.jpg?fit=153%2C180&ssl=1","width":153,"height":180},{"@type":"BreadcrumbList","@id":"https:\/\/www.grupocatala.com\/ca\/grup-catala-patrocinador-club-basquet-seca-sant-pere\/#breadcrumb","itemListElement":[{"@type":"ListItem","position":1,"name":"Portada","item":"https:\/\/www.grupocatala.com\/ca\/"},{"@type":"ListItem","position":2,"name":"Grup Catal\u00e0 patrocinador Club B\u00e0squet Sec\u00e0 Sant Pere"}]},{"@type":"WebSite","@id":"https:\/\/www.grupocatala.com\/ca\/#website","url":"https:\/\/www.grupocatala.com\/ca\/","name":"GRUPO CATAL\u00c0","description":"","publisher":{"@id":"https:\/\/www.grupocatala.com\/ca\/#organization"},"potentialAction":[{"@type":"SearchAction","target":{"@type":"EntryPoint","urlTemplate":"https:\/\/www.grupocatala.com\/ca\/?s={search_term_string}"},"query-input":{"@type":"PropertyValueSpecification","valueRequired":true,"valueName":"search_term_string"}}],"inLanguage":"ca"},{"@type":"Organization","@id":"https:\/\/www.grupocatala.com\/ca\/#organization","name":"Grupo Catala","url":"https:\/\/www.grupocatala.com\/ca\/","logo":{"@type":"ImageObject","inLanguage":"ca","@id":"https:\/\/www.grupocatala.com\/ca\/#\/schema\/logo\/image\/","url":"https:\/\/i0.wp.com\/www.grupocatala.com\/wp-content\/uploads\/2020\/03\/cropped-logo_blanc-1.png?fit=250%2C57&ssl=1","contentUrl":"https:\/\/i0.wp.com\/www.grupocatala.com\/wp-content\/uploads\/2020\/03\/cropped-logo_blanc-1.png?fit=250%2C57&ssl=1","width":250,"height":57,"caption":"Grupo Catala"},"image":{"@id":"https:\/\/www.grupocatala.com\/ca\/#\/schema\/logo\/image\/"},"sameAs":["https:\/\/www.instagram.com\/grupocatala"]},{"@type":"Person","@id":"https:\/\/www.grupocatala.com\/ca\/#\/schema\/person\/dde7bbb2d234021641005d1e2b24bc23","name":"SuperAdmin"}]}},"jetpack_featured_media_url":"https:\/\/i0.wp.com\/www.grupocatala.com\/wp-content\/uploads\/2021\/02\/4NxkOr3trnqZMRIe.jpg?fit=153%2C180&ssl=1","jetpack_sharing_enabled":true,"_links":{"self":[{"href":"https:\/\/www.grupocatala.com\/ca\/wp-json\/wp\/v2\/posts\/9716","targetHints":{"allow":["GET"]}}],"collection":[{"href":"https:\/\/www.grupocatala.com\/ca\/wp-json\/wp\/v2\/posts"}],"about":[{"href":"https:\/\/www.grupocatala.com\/ca\/wp-json\/wp\/v2\/types\/post"}],"author":[{"embeddable":true,"href":"https:\/\/www.grupocatala.com\/ca\/wp-json\/wp\/v2\/users\/1"}],"replies":[{"embeddable":true,"href":"https:\/\/www.grupocatala.com\/ca\/wp-json\/wp\/v2\/comments?post=9716"}],"version-history":[{"count":0,"href":"https:\/\/www.grupocatala.com\/ca\/wp-json\/wp\/v2\/posts\/9716\/revisions"}],"wp:featuredmedia":[{"embeddable":true,"href":"https:\/\/www.grupocatala.com\/ca\/wp-json\/wp\/v2\/media\/9700"}],"wp:attachment":[{"href":"https:\/\/www.grupocatala.com\/ca\/wp-json\/wp\/v2\/media?parent=9716"}],"wp:term":[{"taxonomy":"category","embeddable":true,"href":"https:\/\/www.grupocatala.com\/ca\/wp-json\/wp\/v2\/categories?post=9716"},{"taxonomy":"post_tag","embeddable":true,"href":"https:\/\/www.grupocatala.com\/ca\/wp-json\/wp\/v2\/tags?post=9716"}],"curies":[{"name":"wp","href":"https:\/\/api.w.org\/{rel}","templated":true}]}}