{"id":9677,"date":"2021-02-11T12:00:19","date_gmt":"2021-02-11T11:00:19","guid":{"rendered":"https:\/\/www.grupocatala.com\/?p=9677"},"modified":"2021-02-12T17:58:03","modified_gmt":"2021-02-12T16:58:03","slug":"grup-catala-dona-fons-a-irb-lleida","status":"publish","type":"post","link":"https:\/\/www.grupocatala.com\/ca\/grup-catala-dona-fons-a-irb-lleida\/","title":{"rendered":"Grup Catal\u00e0 d\u00f3na fons a IRB Lleida"},"content":{"rendered":"<p>L&#8217;entitat Grup Catal\u00e0 lliura una donaci\u00f3 anual a l&#8217;Institut de Recerca Biom\u00e8dica de Lleida, fundaci\u00f3 Dr. Pifarr\u00e9<\/p>\n<p>La donaci\u00f3 anir\u00e0 destinada a promoure, desenvolupar, gestionar i difondre la recerca biom\u00e8dica b\u00e0sica, translacional-aplicada i cl\u00ednic-epidemiol\u00f2gica, i la formaci\u00f3 en recerca en l&#8217;\u00e0mbit de les ci\u00e8ncies de la salut, principalment a Lleida, i definint objectius preferencials que possibilitin una investigaci\u00f3 de qualitat i un augment significatiu de la qualitat assistencial, per promocionar uns millors serveis a la nostra poblaci\u00f3.<\/p>\n<p>La Visi\u00f3 de l&#8217;IRBLleida \u00e9s ser un referent competitiu a nivell internacional en la investigaci\u00f3 i innovaci\u00f3 en salut, demostrant valors \u00e8tics i impulsant la sostenibilitat, el treball disciplinari i la cooperaci\u00f3 interna i externa. Per dur a terme aquest treball ha establert col\u00b7laboracions amb l&#8217;Hospital Universitari Arnau de Vilanova<\/p>\n","protected":false},"excerpt":{"rendered":"<p>L&#8217;entitat Grup Catal\u00e0 lliura una donaci\u00f3 anual a l&#8217;Institut de Recerca Biom\u00e8dica de Lleida, fundaci\u00f3 Dr. Pifarr\u00e9 La donaci\u00f3 anir\u00e0 destinada a promoure, desenvolupar, gestionar i difondre la recerca biom\u00e8dica &#8230; <a title=\"Grup Catal\u00e0 d\u00f3na fons a IRB Lleida\" class=\"read-more\" href=\"https:\/\/www.grupocatala.com\/ca\/grup-catala-dona-fons-a-irb-lleida\/\" aria-label=\"M\u00e9s informaci\u00f3 sobre Grup Catal\u00e0 d\u00f3na fons a IRB Lleida\">Llegiu m\u00e9s<\/a><\/p>\n","protected":false},"author":1,"featured_media":9668,"comment_status":"closed","ping_status":"closed","sticky":false,"template":"","format":"standard","meta":{"_jetpack_memberships_contains_paid_content":false,"footnotes":""},"categories":[26],"tags":[192,175,168,169,181,177,178,180,193,194,195,196,197,191,198],"class_list":["post-9677","post","type-post","status-publish","format-standard","has-post-thumbnail","hentry","category-noticies","tag-arnau-ca","tag-collaboracio","tag-donacio","tag-fundacio","tag-gratitud-ca","tag-grup-catala-ca","tag-grupcatala-ca","tag-grupocatala-ca","tag-hospital-ca","tag-irb-ca","tag-lleida-ca","tag-medica-ca","tag-recerca-ca","tag-solidaritat","tag-vilanova-ca"],"yoast_head":"<!-- This site is optimized with the Yoast SEO plugin v27.5 - https:\/\/yoast.com\/product\/yoast-seo-wordpress\/ -->\n<title>Grup Catal\u00e0 d\u00f3na fons a IRB Lleida<\/title>\n<meta name=\"description\" content=\"L&#039;entitat Grup Catal\u00e0 lliura una donaci\u00f3 anual a l&#039;Institut de Recerca Biom\u00e8dica de Lleida, fundaci\u00f3 Dr. Pifarr\u00e9 La donaci\u00f3 anir\u00e0 destinada a promoure,\" \/>\n<meta name=\"robots\" content=\"index, follow, max-snippet:-1, max-image-preview:large, max-video-preview:-1\" \/>\n<link rel=\"canonical\" href=\"https:\/\/www.grupocatala.com\/ca\/grup-catala-dona-fons-a-irb-lleida\/\" \/>\n<meta property=\"og:locale\" content=\"ca_ES\" \/>\n<meta property=\"og:type\" content=\"article\" \/>\n<meta property=\"og:title\" content=\"Grup Catal\u00e0 d\u00f3na fons a IRB Lleida\" \/>\n<meta property=\"og:description\" content=\"L&#039;entitat Grup Catal\u00e0 lliura una donaci\u00f3 anual a l&#039;Institut de Recerca Biom\u00e8dica de Lleida, fundaci\u00f3 Dr. Pifarr\u00e9 La donaci\u00f3 anir\u00e0 destinada a promoure,\" \/>\n<meta property=\"og:url\" content=\"https:\/\/www.grupocatala.com\/ca\/grup-catala-dona-fons-a-irb-lleida\/\" \/>\n<meta property=\"og:site_name\" content=\"GRUPO CATAL\u00c0\" \/>\n<meta property=\"article:published_time\" content=\"2021-02-11T11:00:19+00:00\" \/>\n<meta property=\"article:modified_time\" content=\"2021-02-12T16:58:03+00:00\" \/>\n<meta property=\"og:image\" content=\"https:\/\/i1.wp.com\/www.grupocatala.com\/wp-content\/uploads\/2021\/02\/arnau-vilanoba-IRB-Lleida.jpg?fit=450%2C165&ssl=1\" \/>\n\t<meta property=\"og:image:width\" content=\"450\" \/>\n\t<meta property=\"og:image:height\" content=\"165\" \/>\n\t<meta property=\"og:image:type\" content=\"image\/jpeg\" \/>\n<meta name=\"author\" content=\"SuperAdmin\" \/>\n<meta name=\"twitter:card\" content=\"summary_large_image\" \/>\n<meta name=\"twitter:label1\" content=\"Escrit per\" \/>\n\t<meta name=\"twitter:data1\" content=\"SuperAdmin\" \/>\n\t<meta name=\"twitter:label2\" content=\"Temps estimat de lectura\" \/>\n\t<meta name=\"twitter:data2\" content=\"1 minute\" \/>\n<script type=\"application\/ld+json\" class=\"yoast-schema-graph\">{\"@context\":\"https:\\\/\\\/schema.org\",\"@graph\":[{\"@type\":\"Article\",\"@id\":\"https:\\\/\\\/www.grupocatala.com\\\/ca\\\/grup-catala-dona-fons-a-irb-lleida\\\/#article\",\"isPartOf\":{\"@id\":\"https:\\\/\\\/www.grupocatala.com\\\/ca\\\/grup-catala-dona-fons-a-irb-lleida\\\/\"},\"author\":{\"name\":\"SuperAdmin\",\"@id\":\"https:\\\/\\\/www.grupocatala.com\\\/ca\\\/#\\\/schema\\\/person\\\/dde7bbb2d234021641005d1e2b24bc23\"},\"headline\":\"Grup Catal\u00e0 d\u00f3na fons a IRB Lleida\",\"datePublished\":\"2021-02-11T11:00:19+00:00\",\"dateModified\":\"2021-02-12T16:58:03+00:00\",\"mainEntityOfPage\":{\"@id\":\"https:\\\/\\\/www.grupocatala.com\\\/ca\\\/grup-catala-dona-fons-a-irb-lleida\\\/\"},\"wordCount\":147,\"publisher\":{\"@id\":\"https:\\\/\\\/www.grupocatala.com\\\/ca\\\/#organization\"},\"image\":{\"@id\":\"https:\\\/\\\/www.grupocatala.com\\\/ca\\\/grup-catala-dona-fons-a-irb-lleida\\\/#primaryimage\"},\"thumbnailUrl\":\"https:\\\/\\\/i0.wp.com\\\/www.grupocatala.com\\\/wp-content\\\/uploads\\\/2021\\\/02\\\/arnau-vilanoba-IRB-Lleida.jpg?fit=450%2C165&ssl=1\",\"keywords\":[\"arnau\",\"col\u00b7laboraci\u00f3\",\"donaci\u00f3\",\"fundaci\u00f3\",\"gratitud\",\"grup catala\",\"grupcatala\",\"grupocatala\",\"hospital\",\"IRB\",\"lleida\",\"m\u00e9dica\",\"recerca\",\"solidaritat\",\"vilanova\"],\"articleSection\":[\"Not\u00edcies\"],\"inLanguage\":\"ca\"},{\"@type\":\"WebPage\",\"@id\":\"https:\\\/\\\/www.grupocatala.com\\\/ca\\\/grup-catala-dona-fons-a-irb-lleida\\\/\",\"url\":\"https:\\\/\\\/www.grupocatala.com\\\/ca\\\/grup-catala-dona-fons-a-irb-lleida\\\/\",\"name\":\"Grup Catal\u00e0 d\u00f3na fons a IRB Lleida\",\"isPartOf\":{\"@id\":\"https:\\\/\\\/www.grupocatala.com\\\/ca\\\/#website\"},\"primaryImageOfPage\":{\"@id\":\"https:\\\/\\\/www.grupocatala.com\\\/ca\\\/grup-catala-dona-fons-a-irb-lleida\\\/#primaryimage\"},\"image\":{\"@id\":\"https:\\\/\\\/www.grupocatala.com\\\/ca\\\/grup-catala-dona-fons-a-irb-lleida\\\/#primaryimage\"},\"thumbnailUrl\":\"https:\\\/\\\/i0.wp.com\\\/www.grupocatala.com\\\/wp-content\\\/uploads\\\/2021\\\/02\\\/arnau-vilanoba-IRB-Lleida.jpg?fit=450%2C165&ssl=1\",\"datePublished\":\"2021-02-11T11:00:19+00:00\",\"dateModified\":\"2021-02-12T16:58:03+00:00\",\"description\":\"L'entitat Grup Catal\u00e0 lliura una donaci\u00f3 anual a l'Institut de Recerca Biom\u00e8dica de Lleida, fundaci\u00f3 Dr. Pifarr\u00e9 La donaci\u00f3 anir\u00e0 destinada a promoure,\",\"breadcrumb\":{\"@id\":\"https:\\\/\\\/www.grupocatala.com\\\/ca\\\/grup-catala-dona-fons-a-irb-lleida\\\/#breadcrumb\"},\"inLanguage\":\"ca\",\"potentialAction\":[{\"@type\":\"ReadAction\",\"target\":[\"https:\\\/\\\/www.grupocatala.com\\\/ca\\\/grup-catala-dona-fons-a-irb-lleida\\\/\"]}]},{\"@type\":\"ImageObject\",\"inLanguage\":\"ca\",\"@id\":\"https:\\\/\\\/www.grupocatala.com\\\/ca\\\/grup-catala-dona-fons-a-irb-lleida\\\/#primaryimage\",\"url\":\"https:\\\/\\\/i0.wp.com\\\/www.grupocatala.com\\\/wp-content\\\/uploads\\\/2021\\\/02\\\/arnau-vilanoba-IRB-Lleida.jpg?fit=450%2C165&ssl=1\",\"contentUrl\":\"https:\\\/\\\/i0.wp.com\\\/www.grupocatala.com\\\/wp-content\\\/uploads\\\/2021\\\/02\\\/arnau-vilanoba-IRB-Lleida.jpg?fit=450%2C165&ssl=1\",\"width\":450,\"height\":165},{\"@type\":\"BreadcrumbList\",\"@id\":\"https:\\\/\\\/www.grupocatala.com\\\/ca\\\/grup-catala-dona-fons-a-irb-lleida\\\/#breadcrumb\",\"itemListElement\":[{\"@type\":\"ListItem\",\"position\":1,\"name\":\"Portada\",\"item\":\"https:\\\/\\\/www.grupocatala.com\\\/ca\\\/\"},{\"@type\":\"ListItem\",\"position\":2,\"name\":\"Grup Catal\u00e0 d\u00f3na fons a IRB Lleida\"}]},{\"@type\":\"WebSite\",\"@id\":\"https:\\\/\\\/www.grupocatala.com\\\/ca\\\/#website\",\"url\":\"https:\\\/\\\/www.grupocatala.com\\\/ca\\\/\",\"name\":\"GRUPO CATAL\u00c0\",\"description\":\"\",\"publisher\":{\"@id\":\"https:\\\/\\\/www.grupocatala.com\\\/ca\\\/#organization\"},\"potentialAction\":[{\"@type\":\"SearchAction\",\"target\":{\"@type\":\"EntryPoint\",\"urlTemplate\":\"https:\\\/\\\/www.grupocatala.com\\\/ca\\\/?s={search_term_string}\"},\"query-input\":{\"@type\":\"PropertyValueSpecification\",\"valueRequired\":true,\"valueName\":\"search_term_string\"}}],\"inLanguage\":\"ca\"},{\"@type\":\"Organization\",\"@id\":\"https:\\\/\\\/www.grupocatala.com\\\/ca\\\/#organization\",\"name\":\"Grupo Catala\",\"url\":\"https:\\\/\\\/www.grupocatala.com\\\/ca\\\/\",\"logo\":{\"@type\":\"ImageObject\",\"inLanguage\":\"ca\",\"@id\":\"https:\\\/\\\/www.grupocatala.com\\\/ca\\\/#\\\/schema\\\/logo\\\/image\\\/\",\"url\":\"https:\\\/\\\/i0.wp.com\\\/www.grupocatala.com\\\/wp-content\\\/uploads\\\/2020\\\/03\\\/cropped-logo_blanc-1.png?fit=250%2C57&ssl=1\",\"contentUrl\":\"https:\\\/\\\/i0.wp.com\\\/www.grupocatala.com\\\/wp-content\\\/uploads\\\/2020\\\/03\\\/cropped-logo_blanc-1.png?fit=250%2C57&ssl=1\",\"width\":250,\"height\":57,\"caption\":\"Grupo Catala\"},\"image\":{\"@id\":\"https:\\\/\\\/www.grupocatala.com\\\/ca\\\/#\\\/schema\\\/logo\\\/image\\\/\"},\"sameAs\":[\"https:\\\/\\\/www.instagram.com\\\/grupocatala\"]},{\"@type\":\"Person\",\"@id\":\"https:\\\/\\\/www.grupocatala.com\\\/ca\\\/#\\\/schema\\\/person\\\/dde7bbb2d234021641005d1e2b24bc23\",\"name\":\"SuperAdmin\"}]}<\/script>\n<!-- \/ Yoast SEO plugin. -->","yoast_head_json":{"title":"Grup Catal\u00e0 d\u00f3na fons a IRB Lleida","description":"L'entitat Grup Catal\u00e0 lliura una donaci\u00f3 anual a l'Institut de Recerca Biom\u00e8dica de Lleida, fundaci\u00f3 Dr. Pifarr\u00e9 La donaci\u00f3 anir\u00e0 destinada a promoure,","robots":{"index":"index","follow":"follow","max-snippet":"max-snippet:-1","max-image-preview":"max-image-preview:large","max-video-preview":"max-video-preview:-1"},"canonical":"https:\/\/www.grupocatala.com\/ca\/grup-catala-dona-fons-a-irb-lleida\/","og_locale":"ca_ES","og_type":"article","og_title":"Grup Catal\u00e0 d\u00f3na fons a IRB Lleida","og_description":"L'entitat Grup Catal\u00e0 lliura una donaci\u00f3 anual a l'Institut de Recerca Biom\u00e8dica de Lleida, fundaci\u00f3 Dr. Pifarr\u00e9 La donaci\u00f3 anir\u00e0 destinada a promoure,","og_url":"https:\/\/www.grupocatala.com\/ca\/grup-catala-dona-fons-a-irb-lleida\/","og_site_name":"GRUPO CATAL\u00c0","article_published_time":"2021-02-11T11:00:19+00:00","article_modified_time":"2021-02-12T16:58:03+00:00","og_image":[{"width":450,"height":165,"url":"https:\/\/i1.wp.com\/www.grupocatala.com\/wp-content\/uploads\/2021\/02\/arnau-vilanoba-IRB-Lleida.jpg?fit=450%2C165&ssl=1","type":"image\/jpeg"}],"author":"SuperAdmin","twitter_card":"summary_large_image","twitter_misc":{"Escrit per":"SuperAdmin","Temps estimat de lectura":"1 minute"},"schema":{"@context":"https:\/\/schema.org","@graph":[{"@type":"Article","@id":"https:\/\/www.grupocatala.com\/ca\/grup-catala-dona-fons-a-irb-lleida\/#article","isPartOf":{"@id":"https:\/\/www.grupocatala.com\/ca\/grup-catala-dona-fons-a-irb-lleida\/"},"author":{"name":"SuperAdmin","@id":"https:\/\/www.grupocatala.com\/ca\/#\/schema\/person\/dde7bbb2d234021641005d1e2b24bc23"},"headline":"Grup Catal\u00e0 d\u00f3na fons a IRB Lleida","datePublished":"2021-02-11T11:00:19+00:00","dateModified":"2021-02-12T16:58:03+00:00","mainEntityOfPage":{"@id":"https:\/\/www.grupocatala.com\/ca\/grup-catala-dona-fons-a-irb-lleida\/"},"wordCount":147,"publisher":{"@id":"https:\/\/www.grupocatala.com\/ca\/#organization"},"image":{"@id":"https:\/\/www.grupocatala.com\/ca\/grup-catala-dona-fons-a-irb-lleida\/#primaryimage"},"thumbnailUrl":"https:\/\/i0.wp.com\/www.grupocatala.com\/wp-content\/uploads\/2021\/02\/arnau-vilanoba-IRB-Lleida.jpg?fit=450%2C165&ssl=1","keywords":["arnau","col\u00b7laboraci\u00f3","donaci\u00f3","fundaci\u00f3","gratitud","grup catala","grupcatala","grupocatala","hospital","IRB","lleida","m\u00e9dica","recerca","solidaritat","vilanova"],"articleSection":["Not\u00edcies"],"inLanguage":"ca"},{"@type":"WebPage","@id":"https:\/\/www.grupocatala.com\/ca\/grup-catala-dona-fons-a-irb-lleida\/","url":"https:\/\/www.grupocatala.com\/ca\/grup-catala-dona-fons-a-irb-lleida\/","name":"Grup Catal\u00e0 d\u00f3na fons a IRB Lleida","isPartOf":{"@id":"https:\/\/www.grupocatala.com\/ca\/#website"},"primaryImageOfPage":{"@id":"https:\/\/www.grupocatala.com\/ca\/grup-catala-dona-fons-a-irb-lleida\/#primaryimage"},"image":{"@id":"https:\/\/www.grupocatala.com\/ca\/grup-catala-dona-fons-a-irb-lleida\/#primaryimage"},"thumbnailUrl":"https:\/\/i0.wp.com\/www.grupocatala.com\/wp-content\/uploads\/2021\/02\/arnau-vilanoba-IRB-Lleida.jpg?fit=450%2C165&ssl=1","datePublished":"2021-02-11T11:00:19+00:00","dateModified":"2021-02-12T16:58:03+00:00","description":"L'entitat Grup Catal\u00e0 lliura una donaci\u00f3 anual a l'Institut de Recerca Biom\u00e8dica de Lleida, fundaci\u00f3 Dr. Pifarr\u00e9 La donaci\u00f3 anir\u00e0 destinada a promoure,","breadcrumb":{"@id":"https:\/\/www.grupocatala.com\/ca\/grup-catala-dona-fons-a-irb-lleida\/#breadcrumb"},"inLanguage":"ca","potentialAction":[{"@type":"ReadAction","target":["https:\/\/www.grupocatala.com\/ca\/grup-catala-dona-fons-a-irb-lleida\/"]}]},{"@type":"ImageObject","inLanguage":"ca","@id":"https:\/\/www.grupocatala.com\/ca\/grup-catala-dona-fons-a-irb-lleida\/#primaryimage","url":"https:\/\/i0.wp.com\/www.grupocatala.com\/wp-content\/uploads\/2021\/02\/arnau-vilanoba-IRB-Lleida.jpg?fit=450%2C165&ssl=1","contentUrl":"https:\/\/i0.wp.com\/www.grupocatala.com\/wp-content\/uploads\/2021\/02\/arnau-vilanoba-IRB-Lleida.jpg?fit=450%2C165&ssl=1","width":450,"height":165},{"@type":"BreadcrumbList","@id":"https:\/\/www.grupocatala.com\/ca\/grup-catala-dona-fons-a-irb-lleida\/#breadcrumb","itemListElement":[{"@type":"ListItem","position":1,"name":"Portada","item":"https:\/\/www.grupocatala.com\/ca\/"},{"@type":"ListItem","position":2,"name":"Grup Catal\u00e0 d\u00f3na fons a IRB Lleida"}]},{"@type":"WebSite","@id":"https:\/\/www.grupocatala.com\/ca\/#website","url":"https:\/\/www.grupocatala.com\/ca\/","name":"GRUPO CATAL\u00c0","description":"","publisher":{"@id":"https:\/\/www.grupocatala.com\/ca\/#organization"},"potentialAction":[{"@type":"SearchAction","target":{"@type":"EntryPoint","urlTemplate":"https:\/\/www.grupocatala.com\/ca\/?s={search_term_string}"},"query-input":{"@type":"PropertyValueSpecification","valueRequired":true,"valueName":"search_term_string"}}],"inLanguage":"ca"},{"@type":"Organization","@id":"https:\/\/www.grupocatala.com\/ca\/#organization","name":"Grupo Catala","url":"https:\/\/www.grupocatala.com\/ca\/","logo":{"@type":"ImageObject","inLanguage":"ca","@id":"https:\/\/www.grupocatala.com\/ca\/#\/schema\/logo\/image\/","url":"https:\/\/i0.wp.com\/www.grupocatala.com\/wp-content\/uploads\/2020\/03\/cropped-logo_blanc-1.png?fit=250%2C57&ssl=1","contentUrl":"https:\/\/i0.wp.com\/www.grupocatala.com\/wp-content\/uploads\/2020\/03\/cropped-logo_blanc-1.png?fit=250%2C57&ssl=1","width":250,"height":57,"caption":"Grupo Catala"},"image":{"@id":"https:\/\/www.grupocatala.com\/ca\/#\/schema\/logo\/image\/"},"sameAs":["https:\/\/www.instagram.com\/grupocatala"]},{"@type":"Person","@id":"https:\/\/www.grupocatala.com\/ca\/#\/schema\/person\/dde7bbb2d234021641005d1e2b24bc23","name":"SuperAdmin"}]}},"jetpack_featured_media_url":"https:\/\/i0.wp.com\/www.grupocatala.com\/wp-content\/uploads\/2021\/02\/arnau-vilanoba-IRB-Lleida.jpg?fit=450%2C165&ssl=1","jetpack_sharing_enabled":true,"_links":{"self":[{"href":"https:\/\/www.grupocatala.com\/ca\/wp-json\/wp\/v2\/posts\/9677","targetHints":{"allow":["GET"]}}],"collection":[{"href":"https:\/\/www.grupocatala.com\/ca\/wp-json\/wp\/v2\/posts"}],"about":[{"href":"https:\/\/www.grupocatala.com\/ca\/wp-json\/wp\/v2\/types\/post"}],"author":[{"embeddable":true,"href":"https:\/\/www.grupocatala.com\/ca\/wp-json\/wp\/v2\/users\/1"}],"replies":[{"embeddable":true,"href":"https:\/\/www.grupocatala.com\/ca\/wp-json\/wp\/v2\/comments?post=9677"}],"version-history":[{"count":0,"href":"https:\/\/www.grupocatala.com\/ca\/wp-json\/wp\/v2\/posts\/9677\/revisions"}],"wp:featuredmedia":[{"embeddable":true,"href":"https:\/\/www.grupocatala.com\/ca\/wp-json\/wp\/v2\/media\/9668"}],"wp:attachment":[{"href":"https:\/\/www.grupocatala.com\/ca\/wp-json\/wp\/v2\/media?parent=9677"}],"wp:term":[{"taxonomy":"category","embeddable":true,"href":"https:\/\/www.grupocatala.com\/ca\/wp-json\/wp\/v2\/categories?post=9677"},{"taxonomy":"post_tag","embeddable":true,"href":"https:\/\/www.grupocatala.com\/ca\/wp-json\/wp\/v2\/tags?post=9677"}],"curies":[{"name":"wp","href":"https:\/\/api.w.org\/{rel}","templated":true}]}}