{"id":14354,"date":"2024-06-02T14:00:13","date_gmt":"2024-06-02T12:00:13","guid":{"rendered":"https:\/\/www.grupocatala.com\/?p=14354"},"modified":"2025-03-04T12:38:39","modified_gmt":"2025-03-04T11:38:39","slug":"cursa-solidaria-vall-dhebron","status":"publish","type":"post","link":"https:\/\/www.grupocatala.com\/ca\/cursa-solidaria-vall-dhebron\/","title":{"rendered":"Cursa solid\u00e0ria Vall d\u2019Hebron"},"content":{"rendered":"<p data-start=\"0\" data-end=\"145\">M\u00e9s de 500 persones obren les celebracions del 30\u00e8 aniversari del Vall d&#8217;Hebron Institut de Recerca participant en la 1a cursa de Vall d&#8217;Hebron<\/p>\n<p data-start=\"147\" data-end=\"401\">El tra\u00e7at, que es podia fer tant corrent com a peu, transcorria pels carrers propers al recinte del Campus Vall d&#8217;Hebron. Amb aquesta cursa s\u2019ha donat el tret de sortida a la commemoraci\u00f3 del 30\u00e8 aniversari del Vall d&#8217;Hebron Institut de Recerca (VHIR).<\/p>\n<p data-start=\"403\" data-end=\"689\"><strong>\u201cAquesta cursa, que \u00e9s la primera vegada que celebrem i est\u00e0 dedicada a la recerca, \u00e9s un reflex dels valors que des del VHIR volem transmetre a la ciutadania: l&#8217;esperit de l&#8217;esfor\u00e7, la solidaritat i el comprom\u00eds amb la societat\u201d<\/strong>, ha afirmat la Dra. Bego\u00f1a Benito, directora del VHIR.<\/p>\n<p data-start=\"691\" data-end=\"968\">A les 9:00 h en punt del mat\u00ed ha comen\u00e7at la cursa per a aquelles persones que havien optat per fer-la corrent, amb una dist\u00e0ncia de 5 km, \u00e9s a dir, dues voltes al circuit. I a les 9:05 h han sortit els participants que la feien caminant, que nom\u00e9s han fet una volta, 2,5 km.<\/p>\n<p data-start=\"970\" data-end=\"1198\">El primer classificat mascul\u00ed entre els qui han completat la cursa corrent ha estat Ferran Gimeno amb un temps de 17 minuts i 34 segons. En la categoria femenina, la guanyadora ha estat Cristina Sol\u00e9 amb 18 minuts i 16 segons.<\/p>\n<p data-start=\"1200\" data-end=\"1429\">Entre els qui han participat caminant, en la categoria masculina ha guanyat Oriol Garc\u00eda amb un temps de 19 minuts. En la categoria femenina, la primera dona en creuar la meta ha estat Yolanda Domingo amb 19 minuts i 36 segons.<\/p>\n<p data-start=\"1431\" data-end=\"1682\">La cursa ha estat el primer dels esdeveniments organitzats per celebrar els 30 anys del VHIR i ha complert amb \u00e8xit el seu prop\u00f2sit de ser una trobada popular entre professionals de Vall d&#8217;Hebron i ve\u00efns i ve\u00efnes del barri en benefici de la recerca.<\/p>\n<p data-start=\"1684\" data-end=\"2092\">El projecte de fer una cursa pr\u00f2pia de Vall d&#8217;Hebron ve de lluny, i finalment l&#8217;hem fet possible gr\u00e0cies a la col\u00b7laboraci\u00f3 dels nostres professionals i el suport de la Ger\u00e8ncia del Districte Horta-Guinard\u00f3 i l&#8217;Institut Barcelona Esports. Iniciem amb aquesta edici\u00f3 una cursa que t\u00e9 vocaci\u00f3 de mantenir-se en el temps. De fet, el 2025 es dedicar\u00e0 al 70\u00e8 aniversari de l&#8217;Hospital Universitari Vall d&#8217;Hebron.<\/p>\n<p data-start=\"2094\" data-end=\"2329\">\ud83e\udd47\ud83e\udd48\ud83e\udd49 El primer classificat mascul\u00ed entre els qui han completat la cursa corrent ha estat Ferran Gimeno amb un temps de 17 minuts i 34 segons. En la categoria femenina, la guanyadora ha estat Cristina Sol\u00e9 amb 18 minuts i 16 segons.<\/p>\n<p data-start=\"2331\" data-end=\"2567\">\ud83e\udd47\ud83e\udd48\ud83e\udd49 Entre els qui han participat caminant, en la categoria masculina ha guanyat Oriol Garc\u00eda amb un temps de 19 minuts. En la categoria femenina, la primera dona en creuar la meta ha estat Yolanda Domingo amb 19 minuts i 36 segons.<\/p>\n<p data-start=\"2569\" data-end=\"2868\" data-is-last-node=\"\" data-is-only-node=\"\">La cursa ha estat el primer dels esdeveniments organitzats per celebrar els 30 anys del #VHIR i ha complert amb \u00e8xit el seu prop\u00f2sit de ser una trobada popular entre professionals de #VallHebron i ve\u00efns i ve\u00efnes del barri en benefici de la #recerca. #30AnysFentVHIR #Cursa #Running #RunnersBarcelona<\/p>\n<p>&nbsp;<\/p>\n<p>&nbsp;<\/p>\n<p>&nbsp;<\/p>\n<p>&nbsp;<\/p>\n","protected":false},"excerpt":{"rendered":"<p>M\u00e9s de 500 persones obren les celebracions del 30\u00e8 aniversari del Vall d&#8217;Hebron Institut de Recerca participant en la 1a cursa de Vall d&#8217;Hebron El tra\u00e7at, que es podia fer &#8230; <a title=\"Cursa solid\u00e0ria Vall d\u2019Hebron\" class=\"read-more\" href=\"https:\/\/www.grupocatala.com\/ca\/cursa-solidaria-vall-dhebron\/\" aria-label=\"M\u00e9s informaci\u00f3 sobre Cursa solid\u00e0ria Vall d\u2019Hebron\">Llegiu m\u00e9s<\/a><\/p>\n","protected":false},"author":1,"featured_media":14346,"comment_status":"closed","ping_status":"closed","sticky":false,"template":"","format":"standard","meta":{"_jetpack_memberships_contains_paid_content":false,"footnotes":""},"categories":[26],"tags":[1248,1249,175,205,168,169,181,178,180,193,196,197,1250,1251,191,1247,1252],"class_list":["post-14354","post","type-post","status-publish","format-standard","has-post-thumbnail","hentry","category-noticies","tag-30anysfentvhir-ca","tag-barcelona-ca","tag-collaboracio","tag-cursa","tag-donacio","tag-fundacio","tag-gratitud-ca","tag-grupcatala-ca","tag-grupocatala-ca","tag-hospital-ca","tag-medica-ca","tag-recerca-ca","tag-runnersbarcelona-ca","tag-running-ca","tag-solidaritat","tag-valldhebron","tag-vallhebron-ca"],"yoast_head":"<!-- This site is optimized with the Yoast SEO plugin v27.5 - https:\/\/yoast.com\/product\/yoast-seo-wordpress\/ -->\n<title>Cursa solid\u00e0ria Vall d\u2019Hebron<\/title>\n<meta name=\"description\" content=\"M\u00e9s de 500 persones obren les celebracions del 30\u00e8 aniversari del Vall d&#039;Hebron Institut de Recerca participant en la 1a cursa de Vall d&#039;Hebron El tra\u00e7at,\" \/>\n<meta name=\"robots\" content=\"index, follow, max-snippet:-1, max-image-preview:large, max-video-preview:-1\" \/>\n<link rel=\"canonical\" href=\"https:\/\/www.grupocatala.com\/ca\/cursa-solidaria-vall-dhebron\/\" \/>\n<meta property=\"og:locale\" content=\"ca_ES\" \/>\n<meta property=\"og:type\" content=\"article\" \/>\n<meta property=\"og:title\" content=\"Cursa solid\u00e0ria Vall d\u2019Hebron\" \/>\n<meta property=\"og:description\" content=\"M\u00e9s de 500 persones obren les celebracions del 30\u00e8 aniversari del Vall d&#039;Hebron Institut de Recerca participant en la 1a cursa de Vall d&#039;Hebron El tra\u00e7at,\" \/>\n<meta property=\"og:url\" content=\"https:\/\/www.grupocatala.com\/ca\/cursa-solidaria-vall-dhebron\/\" \/>\n<meta property=\"og:site_name\" content=\"GRUPO CATAL\u00c0\" \/>\n<meta property=\"article:published_time\" content=\"2024-06-02T12:00:13+00:00\" \/>\n<meta property=\"article:modified_time\" content=\"2025-03-04T11:38:39+00:00\" \/>\n<meta property=\"og:image\" content=\"https:\/\/www.grupocatala.com\/wp-content\/uploads\/2025\/03\/2025-03-04-11_17_12-Vall-dHebron-_-Mes-de-500-persones-han-participat-aquest-mati-en-la-1a-Cursa-de.png\" \/>\n\t<meta property=\"og:image:width\" content=\"525\" \/>\n\t<meta property=\"og:image:height\" content=\"600\" \/>\n\t<meta property=\"og:image:type\" content=\"image\/png\" \/>\n<meta name=\"author\" content=\"SuperAdmin\" \/>\n<meta name=\"twitter:card\" content=\"summary_large_image\" \/>\n<meta name=\"twitter:label1\" content=\"Escrit per\" \/>\n\t<meta name=\"twitter:data1\" content=\"SuperAdmin\" \/>\n\t<meta name=\"twitter:label2\" content=\"Temps estimat de lectura\" \/>\n\t<meta name=\"twitter:data2\" content=\"2 minutes\" \/>\n<script type=\"application\/ld+json\" class=\"yoast-schema-graph\">{\"@context\":\"https:\\\/\\\/schema.org\",\"@graph\":[{\"@type\":\"Article\",\"@id\":\"https:\\\/\\\/www.grupocatala.com\\\/ca\\\/cursa-solidaria-vall-dhebron\\\/#article\",\"isPartOf\":{\"@id\":\"https:\\\/\\\/www.grupocatala.com\\\/ca\\\/cursa-solidaria-vall-dhebron\\\/\"},\"author\":{\"name\":\"SuperAdmin\",\"@id\":\"https:\\\/\\\/www.grupocatala.com\\\/ca\\\/#\\\/schema\\\/person\\\/dde7bbb2d234021641005d1e2b24bc23\"},\"headline\":\"Cursa solid\u00e0ria Vall d\u2019Hebron\",\"datePublished\":\"2024-06-02T12:00:13+00:00\",\"dateModified\":\"2025-03-04T11:38:39+00:00\",\"mainEntityOfPage\":{\"@id\":\"https:\\\/\\\/www.grupocatala.com\\\/ca\\\/cursa-solidaria-vall-dhebron\\\/\"},\"wordCount\":512,\"publisher\":{\"@id\":\"https:\\\/\\\/www.grupocatala.com\\\/ca\\\/#organization\"},\"image\":{\"@id\":\"https:\\\/\\\/www.grupocatala.com\\\/ca\\\/cursa-solidaria-vall-dhebron\\\/#primaryimage\"},\"thumbnailUrl\":\"https:\\\/\\\/i0.wp.com\\\/www.grupocatala.com\\\/wp-content\\\/uploads\\\/2025\\\/03\\\/2025-03-04-11_17_12-Vall-dHebron-_-Mes-de-500-persones-han-participat-aquest-mati-en-la-1a-Cursa-de.png?fit=525%2C600&ssl=1\",\"keywords\":[\"30AnysFentVHIR\",\"barcelona\",\"col\u00b7laboraci\u00f3\",\"cursa\",\"donaci\u00f3\",\"fundaci\u00f3\",\"gratitud\",\"grupcatala\",\"grupocatala\",\"hospital\",\"m\u00e9dica\",\"recerca\",\"RunnersBarcelona\",\"Running\",\"solidaritat\",\"VallDHebron\",\"VallHebron\"],\"articleSection\":[\"Not\u00edcies\"],\"inLanguage\":\"ca\"},{\"@type\":\"WebPage\",\"@id\":\"https:\\\/\\\/www.grupocatala.com\\\/ca\\\/cursa-solidaria-vall-dhebron\\\/\",\"url\":\"https:\\\/\\\/www.grupocatala.com\\\/ca\\\/cursa-solidaria-vall-dhebron\\\/\",\"name\":\"Cursa solid\u00e0ria Vall d\u2019Hebron\",\"isPartOf\":{\"@id\":\"https:\\\/\\\/www.grupocatala.com\\\/ca\\\/#website\"},\"primaryImageOfPage\":{\"@id\":\"https:\\\/\\\/www.grupocatala.com\\\/ca\\\/cursa-solidaria-vall-dhebron\\\/#primaryimage\"},\"image\":{\"@id\":\"https:\\\/\\\/www.grupocatala.com\\\/ca\\\/cursa-solidaria-vall-dhebron\\\/#primaryimage\"},\"thumbnailUrl\":\"https:\\\/\\\/i0.wp.com\\\/www.grupocatala.com\\\/wp-content\\\/uploads\\\/2025\\\/03\\\/2025-03-04-11_17_12-Vall-dHebron-_-Mes-de-500-persones-han-participat-aquest-mati-en-la-1a-Cursa-de.png?fit=525%2C600&ssl=1\",\"datePublished\":\"2024-06-02T12:00:13+00:00\",\"dateModified\":\"2025-03-04T11:38:39+00:00\",\"description\":\"M\u00e9s de 500 persones obren les celebracions del 30\u00e8 aniversari del Vall d'Hebron Institut de Recerca participant en la 1a cursa de Vall d'Hebron El tra\u00e7at,\",\"breadcrumb\":{\"@id\":\"https:\\\/\\\/www.grupocatala.com\\\/ca\\\/cursa-solidaria-vall-dhebron\\\/#breadcrumb\"},\"inLanguage\":\"ca\",\"potentialAction\":[{\"@type\":\"ReadAction\",\"target\":[\"https:\\\/\\\/www.grupocatala.com\\\/ca\\\/cursa-solidaria-vall-dhebron\\\/\"]}]},{\"@type\":\"ImageObject\",\"inLanguage\":\"ca\",\"@id\":\"https:\\\/\\\/www.grupocatala.com\\\/ca\\\/cursa-solidaria-vall-dhebron\\\/#primaryimage\",\"url\":\"https:\\\/\\\/i0.wp.com\\\/www.grupocatala.com\\\/wp-content\\\/uploads\\\/2025\\\/03\\\/2025-03-04-11_17_12-Vall-dHebron-_-Mes-de-500-persones-han-participat-aquest-mati-en-la-1a-Cursa-de.png?fit=525%2C600&ssl=1\",\"contentUrl\":\"https:\\\/\\\/i0.wp.com\\\/www.grupocatala.com\\\/wp-content\\\/uploads\\\/2025\\\/03\\\/2025-03-04-11_17_12-Vall-dHebron-_-Mes-de-500-persones-han-participat-aquest-mati-en-la-1a-Cursa-de.png?fit=525%2C600&ssl=1\",\"width\":525,\"height\":600},{\"@type\":\"BreadcrumbList\",\"@id\":\"https:\\\/\\\/www.grupocatala.com\\\/ca\\\/cursa-solidaria-vall-dhebron\\\/#breadcrumb\",\"itemListElement\":[{\"@type\":\"ListItem\",\"position\":1,\"name\":\"Portada\",\"item\":\"https:\\\/\\\/www.grupocatala.com\\\/ca\\\/\"},{\"@type\":\"ListItem\",\"position\":2,\"name\":\"Cursa solid\u00e0ria Vall d\u2019Hebron\"}]},{\"@type\":\"WebSite\",\"@id\":\"https:\\\/\\\/www.grupocatala.com\\\/ca\\\/#website\",\"url\":\"https:\\\/\\\/www.grupocatala.com\\\/ca\\\/\",\"name\":\"GRUPO CATAL\u00c0\",\"description\":\"\",\"publisher\":{\"@id\":\"https:\\\/\\\/www.grupocatala.com\\\/ca\\\/#organization\"},\"potentialAction\":[{\"@type\":\"SearchAction\",\"target\":{\"@type\":\"EntryPoint\",\"urlTemplate\":\"https:\\\/\\\/www.grupocatala.com\\\/ca\\\/?s={search_term_string}\"},\"query-input\":{\"@type\":\"PropertyValueSpecification\",\"valueRequired\":true,\"valueName\":\"search_term_string\"}}],\"inLanguage\":\"ca\"},{\"@type\":\"Organization\",\"@id\":\"https:\\\/\\\/www.grupocatala.com\\\/ca\\\/#organization\",\"name\":\"Grupo Catala\",\"url\":\"https:\\\/\\\/www.grupocatala.com\\\/ca\\\/\",\"logo\":{\"@type\":\"ImageObject\",\"inLanguage\":\"ca\",\"@id\":\"https:\\\/\\\/www.grupocatala.com\\\/ca\\\/#\\\/schema\\\/logo\\\/image\\\/\",\"url\":\"https:\\\/\\\/i0.wp.com\\\/www.grupocatala.com\\\/wp-content\\\/uploads\\\/2020\\\/03\\\/cropped-logo_blanc-1.png?fit=250%2C57&ssl=1\",\"contentUrl\":\"https:\\\/\\\/i0.wp.com\\\/www.grupocatala.com\\\/wp-content\\\/uploads\\\/2020\\\/03\\\/cropped-logo_blanc-1.png?fit=250%2C57&ssl=1\",\"width\":250,\"height\":57,\"caption\":\"Grupo Catala\"},\"image\":{\"@id\":\"https:\\\/\\\/www.grupocatala.com\\\/ca\\\/#\\\/schema\\\/logo\\\/image\\\/\"},\"sameAs\":[\"https:\\\/\\\/www.instagram.com\\\/grupocatala\"]},{\"@type\":\"Person\",\"@id\":\"https:\\\/\\\/www.grupocatala.com\\\/ca\\\/#\\\/schema\\\/person\\\/dde7bbb2d234021641005d1e2b24bc23\",\"name\":\"SuperAdmin\"}]}<\/script>\n<!-- \/ Yoast SEO plugin. -->","yoast_head_json":{"title":"Cursa solid\u00e0ria Vall d\u2019Hebron","description":"M\u00e9s de 500 persones obren les celebracions del 30\u00e8 aniversari del Vall d'Hebron Institut de Recerca participant en la 1a cursa de Vall d'Hebron El tra\u00e7at,","robots":{"index":"index","follow":"follow","max-snippet":"max-snippet:-1","max-image-preview":"max-image-preview:large","max-video-preview":"max-video-preview:-1"},"canonical":"https:\/\/www.grupocatala.com\/ca\/cursa-solidaria-vall-dhebron\/","og_locale":"ca_ES","og_type":"article","og_title":"Cursa solid\u00e0ria Vall d\u2019Hebron","og_description":"M\u00e9s de 500 persones obren les celebracions del 30\u00e8 aniversari del Vall d'Hebron Institut de Recerca participant en la 1a cursa de Vall d'Hebron El tra\u00e7at,","og_url":"https:\/\/www.grupocatala.com\/ca\/cursa-solidaria-vall-dhebron\/","og_site_name":"GRUPO CATAL\u00c0","article_published_time":"2024-06-02T12:00:13+00:00","article_modified_time":"2025-03-04T11:38:39+00:00","og_image":[{"width":525,"height":600,"url":"https:\/\/www.grupocatala.com\/wp-content\/uploads\/2025\/03\/2025-03-04-11_17_12-Vall-dHebron-_-Mes-de-500-persones-han-participat-aquest-mati-en-la-1a-Cursa-de.png","type":"image\/png"}],"author":"SuperAdmin","twitter_card":"summary_large_image","twitter_misc":{"Escrit per":"SuperAdmin","Temps estimat de lectura":"2 minutes"},"schema":{"@context":"https:\/\/schema.org","@graph":[{"@type":"Article","@id":"https:\/\/www.grupocatala.com\/ca\/cursa-solidaria-vall-dhebron\/#article","isPartOf":{"@id":"https:\/\/www.grupocatala.com\/ca\/cursa-solidaria-vall-dhebron\/"},"author":{"name":"SuperAdmin","@id":"https:\/\/www.grupocatala.com\/ca\/#\/schema\/person\/dde7bbb2d234021641005d1e2b24bc23"},"headline":"Cursa solid\u00e0ria Vall d\u2019Hebron","datePublished":"2024-06-02T12:00:13+00:00","dateModified":"2025-03-04T11:38:39+00:00","mainEntityOfPage":{"@id":"https:\/\/www.grupocatala.com\/ca\/cursa-solidaria-vall-dhebron\/"},"wordCount":512,"publisher":{"@id":"https:\/\/www.grupocatala.com\/ca\/#organization"},"image":{"@id":"https:\/\/www.grupocatala.com\/ca\/cursa-solidaria-vall-dhebron\/#primaryimage"},"thumbnailUrl":"https:\/\/i0.wp.com\/www.grupocatala.com\/wp-content\/uploads\/2025\/03\/2025-03-04-11_17_12-Vall-dHebron-_-Mes-de-500-persones-han-participat-aquest-mati-en-la-1a-Cursa-de.png?fit=525%2C600&ssl=1","keywords":["30AnysFentVHIR","barcelona","col\u00b7laboraci\u00f3","cursa","donaci\u00f3","fundaci\u00f3","gratitud","grupcatala","grupocatala","hospital","m\u00e9dica","recerca","RunnersBarcelona","Running","solidaritat","VallDHebron","VallHebron"],"articleSection":["Not\u00edcies"],"inLanguage":"ca"},{"@type":"WebPage","@id":"https:\/\/www.grupocatala.com\/ca\/cursa-solidaria-vall-dhebron\/","url":"https:\/\/www.grupocatala.com\/ca\/cursa-solidaria-vall-dhebron\/","name":"Cursa solid\u00e0ria Vall d\u2019Hebron","isPartOf":{"@id":"https:\/\/www.grupocatala.com\/ca\/#website"},"primaryImageOfPage":{"@id":"https:\/\/www.grupocatala.com\/ca\/cursa-solidaria-vall-dhebron\/#primaryimage"},"image":{"@id":"https:\/\/www.grupocatala.com\/ca\/cursa-solidaria-vall-dhebron\/#primaryimage"},"thumbnailUrl":"https:\/\/i0.wp.com\/www.grupocatala.com\/wp-content\/uploads\/2025\/03\/2025-03-04-11_17_12-Vall-dHebron-_-Mes-de-500-persones-han-participat-aquest-mati-en-la-1a-Cursa-de.png?fit=525%2C600&ssl=1","datePublished":"2024-06-02T12:00:13+00:00","dateModified":"2025-03-04T11:38:39+00:00","description":"M\u00e9s de 500 persones obren les celebracions del 30\u00e8 aniversari del Vall d'Hebron Institut de Recerca participant en la 1a cursa de Vall d'Hebron El tra\u00e7at,","breadcrumb":{"@id":"https:\/\/www.grupocatala.com\/ca\/cursa-solidaria-vall-dhebron\/#breadcrumb"},"inLanguage":"ca","potentialAction":[{"@type":"ReadAction","target":["https:\/\/www.grupocatala.com\/ca\/cursa-solidaria-vall-dhebron\/"]}]},{"@type":"ImageObject","inLanguage":"ca","@id":"https:\/\/www.grupocatala.com\/ca\/cursa-solidaria-vall-dhebron\/#primaryimage","url":"https:\/\/i0.wp.com\/www.grupocatala.com\/wp-content\/uploads\/2025\/03\/2025-03-04-11_17_12-Vall-dHebron-_-Mes-de-500-persones-han-participat-aquest-mati-en-la-1a-Cursa-de.png?fit=525%2C600&ssl=1","contentUrl":"https:\/\/i0.wp.com\/www.grupocatala.com\/wp-content\/uploads\/2025\/03\/2025-03-04-11_17_12-Vall-dHebron-_-Mes-de-500-persones-han-participat-aquest-mati-en-la-1a-Cursa-de.png?fit=525%2C600&ssl=1","width":525,"height":600},{"@type":"BreadcrumbList","@id":"https:\/\/www.grupocatala.com\/ca\/cursa-solidaria-vall-dhebron\/#breadcrumb","itemListElement":[{"@type":"ListItem","position":1,"name":"Portada","item":"https:\/\/www.grupocatala.com\/ca\/"},{"@type":"ListItem","position":2,"name":"Cursa solid\u00e0ria Vall d\u2019Hebron"}]},{"@type":"WebSite","@id":"https:\/\/www.grupocatala.com\/ca\/#website","url":"https:\/\/www.grupocatala.com\/ca\/","name":"GRUPO CATAL\u00c0","description":"","publisher":{"@id":"https:\/\/www.grupocatala.com\/ca\/#organization"},"potentialAction":[{"@type":"SearchAction","target":{"@type":"EntryPoint","urlTemplate":"https:\/\/www.grupocatala.com\/ca\/?s={search_term_string}"},"query-input":{"@type":"PropertyValueSpecification","valueRequired":true,"valueName":"search_term_string"}}],"inLanguage":"ca"},{"@type":"Organization","@id":"https:\/\/www.grupocatala.com\/ca\/#organization","name":"Grupo Catala","url":"https:\/\/www.grupocatala.com\/ca\/","logo":{"@type":"ImageObject","inLanguage":"ca","@id":"https:\/\/www.grupocatala.com\/ca\/#\/schema\/logo\/image\/","url":"https:\/\/i0.wp.com\/www.grupocatala.com\/wp-content\/uploads\/2020\/03\/cropped-logo_blanc-1.png?fit=250%2C57&ssl=1","contentUrl":"https:\/\/i0.wp.com\/www.grupocatala.com\/wp-content\/uploads\/2020\/03\/cropped-logo_blanc-1.png?fit=250%2C57&ssl=1","width":250,"height":57,"caption":"Grupo Catala"},"image":{"@id":"https:\/\/www.grupocatala.com\/ca\/#\/schema\/logo\/image\/"},"sameAs":["https:\/\/www.instagram.com\/grupocatala"]},{"@type":"Person","@id":"https:\/\/www.grupocatala.com\/ca\/#\/schema\/person\/dde7bbb2d234021641005d1e2b24bc23","name":"SuperAdmin"}]}},"jetpack_featured_media_url":"https:\/\/i0.wp.com\/www.grupocatala.com\/wp-content\/uploads\/2025\/03\/2025-03-04-11_17_12-Vall-dHebron-_-Mes-de-500-persones-han-participat-aquest-mati-en-la-1a-Cursa-de.png?fit=525%2C600&ssl=1","jetpack_sharing_enabled":true,"_links":{"self":[{"href":"https:\/\/www.grupocatala.com\/ca\/wp-json\/wp\/v2\/posts\/14354","targetHints":{"allow":["GET"]}}],"collection":[{"href":"https:\/\/www.grupocatala.com\/ca\/wp-json\/wp\/v2\/posts"}],"about":[{"href":"https:\/\/www.grupocatala.com\/ca\/wp-json\/wp\/v2\/types\/post"}],"author":[{"embeddable":true,"href":"https:\/\/www.grupocatala.com\/ca\/wp-json\/wp\/v2\/users\/1"}],"replies":[{"embeddable":true,"href":"https:\/\/www.grupocatala.com\/ca\/wp-json\/wp\/v2\/comments?post=14354"}],"version-history":[{"count":0,"href":"https:\/\/www.grupocatala.com\/ca\/wp-json\/wp\/v2\/posts\/14354\/revisions"}],"wp:featuredmedia":[{"embeddable":true,"href":"https:\/\/www.grupocatala.com\/ca\/wp-json\/wp\/v2\/media\/14346"}],"wp:attachment":[{"href":"https:\/\/www.grupocatala.com\/ca\/wp-json\/wp\/v2\/media?parent=14354"}],"wp:term":[{"taxonomy":"category","embeddable":true,"href":"https:\/\/www.grupocatala.com\/ca\/wp-json\/wp\/v2\/categories?post=14354"},{"taxonomy":"post_tag","embeddable":true,"href":"https:\/\/www.grupocatala.com\/ca\/wp-json\/wp\/v2\/tags?post=14354"}],"curies":[{"name":"wp","href":"https:\/\/api.w.org\/{rel}","templated":true}]}}