{"id":10522,"date":"2021-05-28T12:00:12","date_gmt":"2021-05-28T10:00:12","guid":{"rendered":"https:\/\/www.grupocatala.com\/?p=10522"},"modified":"2021-05-31T16:33:31","modified_gmt":"2021-05-31T14:33:31","slug":"vacunacio-treballadors-grup-catala","status":"publish","type":"post","link":"https:\/\/www.grupocatala.com\/ca\/vacunacio-treballadors-grup-catala\/","title":{"rendered":"Vacunaci\u00f3 treballadors Grup Catal\u00e0"},"content":{"rendered":"<p>Encantats de comunicar que al centre de treball de Grup Catal\u00e0 a Lleida, s&#8217;ha realitzat una vacunaci\u00f3 massiva com a pol\u00edtica davant la pand\u00e8mia COVD-19. Gran not\u00edcia per a garantir la salut i tranquil\u00b7litat de la nostra plantilla. #salud #personas<\/p>\n","protected":false},"excerpt":{"rendered":"<p>Encantats de comunicar que al centre de treball de Grup Catal\u00e0 a Lleida, s&#8217;ha realitzat una vacunaci\u00f3 massiva com a pol\u00edtica davant la pand\u00e8mia COVD-19. Gran not\u00edcia per a garantir &#8230; <a title=\"Vacunaci\u00f3 treballadors Grup Catal\u00e0\" class=\"read-more\" href=\"https:\/\/www.grupocatala.com\/ca\/vacunacio-treballadors-grup-catala\/\" aria-label=\"M\u00e9s informaci\u00f3 sobre Vacunaci\u00f3 treballadors Grup Catal\u00e0\">Llegiu m\u00e9s<\/a><\/p>\n","protected":false},"author":1,"featured_media":10515,"comment_status":"closed","ping_status":"closed","sticky":false,"template":"","format":"standard","meta":{"_jetpack_memberships_contains_paid_content":false,"footnotes":""},"categories":[26],"tags":[237,236,170,177,178,180,1045,195,1080,1081],"class_list":["post-10522","post","type-post","status-publish","format-standard","has-post-thumbnail","hentry","category-noticies","tag-covid-ca","tag-covid-19-ca","tag-fruita","tag-grup-catala-ca","tag-grupcatala-ca","tag-grupocatala-ca","tag-la-portella-ca","tag-lleida-ca","tag-salut","tag-vacuna-ca"],"yoast_head":"<!-- This site is optimized with the Yoast SEO plugin v27.5 - https:\/\/yoast.com\/product\/yoast-seo-wordpress\/ -->\n<title>Vacunaci\u00f3 treballadors Grup Catal\u00e0<\/title>\n<meta name=\"description\" content=\"Encantats de comunicar que al centre de treball de Grup Catal\u00e0 a Lleida, s&#039;ha realitzat una vacunaci\u00f3 massiva com a pol\u00edtica davant la pand\u00e8mia COVD-19.\" \/>\n<meta name=\"robots\" content=\"index, follow, max-snippet:-1, max-image-preview:large, max-video-preview:-1\" \/>\n<link rel=\"canonical\" href=\"https:\/\/www.grupocatala.com\/ca\/vacunacio-treballadors-grup-catala\/\" \/>\n<meta property=\"og:locale\" content=\"ca_ES\" \/>\n<meta property=\"og:type\" content=\"article\" \/>\n<meta property=\"og:title\" content=\"Vacunaci\u00f3 treballadors Grup Catal\u00e0\" \/>\n<meta property=\"og:description\" content=\"Encantats de comunicar que al centre de treball de Grup Catal\u00e0 a Lleida, s&#039;ha realitzat una vacunaci\u00f3 massiva com a pol\u00edtica davant la pand\u00e8mia COVD-19.\" \/>\n<meta property=\"og:url\" content=\"https:\/\/www.grupocatala.com\/ca\/vacunacio-treballadors-grup-catala\/\" \/>\n<meta property=\"og:site_name\" content=\"GRUPO CATAL\u00c0\" \/>\n<meta property=\"article:published_time\" content=\"2021-05-28T10:00:12+00:00\" \/>\n<meta property=\"article:modified_time\" content=\"2021-05-31T14:33:31+00:00\" \/>\n<meta property=\"og:image\" content=\"https:\/\/i0.wp.com\/www.grupocatala.com\/wp-content\/uploads\/2021\/05\/photo_2021-05-31_14-02-43-e1622471569701.jpg?fit=400%2C297&ssl=1\" \/>\n\t<meta property=\"og:image:width\" content=\"400\" \/>\n\t<meta property=\"og:image:height\" content=\"297\" \/>\n\t<meta property=\"og:image:type\" content=\"image\/jpeg\" \/>\n<meta name=\"author\" content=\"SuperAdmin\" \/>\n<meta name=\"twitter:card\" content=\"summary_large_image\" \/>\n<meta name=\"twitter:label1\" content=\"Escrit per\" \/>\n\t<meta name=\"twitter:data1\" content=\"SuperAdmin\" \/>\n<script type=\"application\/ld+json\" class=\"yoast-schema-graph\">{\"@context\":\"https:\\\/\\\/schema.org\",\"@graph\":[{\"@type\":\"Article\",\"@id\":\"https:\\\/\\\/www.grupocatala.com\\\/ca\\\/vacunacio-treballadors-grup-catala\\\/#article\",\"isPartOf\":{\"@id\":\"https:\\\/\\\/www.grupocatala.com\\\/ca\\\/vacunacio-treballadors-grup-catala\\\/\"},\"author\":{\"name\":\"SuperAdmin\",\"@id\":\"https:\\\/\\\/www.grupocatala.com\\\/ca\\\/#\\\/schema\\\/person\\\/dde7bbb2d234021641005d1e2b24bc23\"},\"headline\":\"Vacunaci\u00f3 treballadors Grup Catal\u00e0\",\"datePublished\":\"2021-05-28T10:00:12+00:00\",\"dateModified\":\"2021-05-31T14:33:31+00:00\",\"mainEntityOfPage\":{\"@id\":\"https:\\\/\\\/www.grupocatala.com\\\/ca\\\/vacunacio-treballadors-grup-catala\\\/\"},\"wordCount\":49,\"publisher\":{\"@id\":\"https:\\\/\\\/www.grupocatala.com\\\/ca\\\/#organization\"},\"image\":{\"@id\":\"https:\\\/\\\/www.grupocatala.com\\\/ca\\\/vacunacio-treballadors-grup-catala\\\/#primaryimage\"},\"thumbnailUrl\":\"https:\\\/\\\/i0.wp.com\\\/www.grupocatala.com\\\/wp-content\\\/uploads\\\/2021\\\/05\\\/photo_2021-05-31_14-02-43-e1622471569701.jpg?fit=400%2C297&ssl=1\",\"keywords\":[\"COVID\",\"COVID-19\",\"fruita\",\"grup catala\",\"grupcatala\",\"grupocatala\",\"La Portella\",\"lleida\",\"salut\",\"vacuna\"],\"articleSection\":[\"Not\u00edcies\"],\"inLanguage\":\"ca\"},{\"@type\":\"WebPage\",\"@id\":\"https:\\\/\\\/www.grupocatala.com\\\/ca\\\/vacunacio-treballadors-grup-catala\\\/\",\"url\":\"https:\\\/\\\/www.grupocatala.com\\\/ca\\\/vacunacio-treballadors-grup-catala\\\/\",\"name\":\"Vacunaci\u00f3 treballadors Grup Catal\u00e0\",\"isPartOf\":{\"@id\":\"https:\\\/\\\/www.grupocatala.com\\\/ca\\\/#website\"},\"primaryImageOfPage\":{\"@id\":\"https:\\\/\\\/www.grupocatala.com\\\/ca\\\/vacunacio-treballadors-grup-catala\\\/#primaryimage\"},\"image\":{\"@id\":\"https:\\\/\\\/www.grupocatala.com\\\/ca\\\/vacunacio-treballadors-grup-catala\\\/#primaryimage\"},\"thumbnailUrl\":\"https:\\\/\\\/i0.wp.com\\\/www.grupocatala.com\\\/wp-content\\\/uploads\\\/2021\\\/05\\\/photo_2021-05-31_14-02-43-e1622471569701.jpg?fit=400%2C297&ssl=1\",\"datePublished\":\"2021-05-28T10:00:12+00:00\",\"dateModified\":\"2021-05-31T14:33:31+00:00\",\"description\":\"Encantats de comunicar que al centre de treball de Grup Catal\u00e0 a Lleida, s'ha realitzat una vacunaci\u00f3 massiva com a pol\u00edtica davant la pand\u00e8mia COVD-19.\",\"breadcrumb\":{\"@id\":\"https:\\\/\\\/www.grupocatala.com\\\/ca\\\/vacunacio-treballadors-grup-catala\\\/#breadcrumb\"},\"inLanguage\":\"ca\",\"potentialAction\":[{\"@type\":\"ReadAction\",\"target\":[\"https:\\\/\\\/www.grupocatala.com\\\/ca\\\/vacunacio-treballadors-grup-catala\\\/\"]}]},{\"@type\":\"ImageObject\",\"inLanguage\":\"ca\",\"@id\":\"https:\\\/\\\/www.grupocatala.com\\\/ca\\\/vacunacio-treballadors-grup-catala\\\/#primaryimage\",\"url\":\"https:\\\/\\\/i0.wp.com\\\/www.grupocatala.com\\\/wp-content\\\/uploads\\\/2021\\\/05\\\/photo_2021-05-31_14-02-43-e1622471569701.jpg?fit=400%2C297&ssl=1\",\"contentUrl\":\"https:\\\/\\\/i0.wp.com\\\/www.grupocatala.com\\\/wp-content\\\/uploads\\\/2021\\\/05\\\/photo_2021-05-31_14-02-43-e1622471569701.jpg?fit=400%2C297&ssl=1\",\"width\":400,\"height\":297},{\"@type\":\"BreadcrumbList\",\"@id\":\"https:\\\/\\\/www.grupocatala.com\\\/ca\\\/vacunacio-treballadors-grup-catala\\\/#breadcrumb\",\"itemListElement\":[{\"@type\":\"ListItem\",\"position\":1,\"name\":\"Portada\",\"item\":\"https:\\\/\\\/www.grupocatala.com\\\/ca\\\/\"},{\"@type\":\"ListItem\",\"position\":2,\"name\":\"Vacunaci\u00f3 treballadors Grup Catal\u00e0\"}]},{\"@type\":\"WebSite\",\"@id\":\"https:\\\/\\\/www.grupocatala.com\\\/ca\\\/#website\",\"url\":\"https:\\\/\\\/www.grupocatala.com\\\/ca\\\/\",\"name\":\"GRUPO CATAL\u00c0\",\"description\":\"\",\"publisher\":{\"@id\":\"https:\\\/\\\/www.grupocatala.com\\\/ca\\\/#organization\"},\"potentialAction\":[{\"@type\":\"SearchAction\",\"target\":{\"@type\":\"EntryPoint\",\"urlTemplate\":\"https:\\\/\\\/www.grupocatala.com\\\/ca\\\/?s={search_term_string}\"},\"query-input\":{\"@type\":\"PropertyValueSpecification\",\"valueRequired\":true,\"valueName\":\"search_term_string\"}}],\"inLanguage\":\"ca\"},{\"@type\":\"Organization\",\"@id\":\"https:\\\/\\\/www.grupocatala.com\\\/ca\\\/#organization\",\"name\":\"Grupo Catala\",\"url\":\"https:\\\/\\\/www.grupocatala.com\\\/ca\\\/\",\"logo\":{\"@type\":\"ImageObject\",\"inLanguage\":\"ca\",\"@id\":\"https:\\\/\\\/www.grupocatala.com\\\/ca\\\/#\\\/schema\\\/logo\\\/image\\\/\",\"url\":\"https:\\\/\\\/i0.wp.com\\\/www.grupocatala.com\\\/wp-content\\\/uploads\\\/2020\\\/03\\\/cropped-logo_blanc-1.png?fit=250%2C57&ssl=1\",\"contentUrl\":\"https:\\\/\\\/i0.wp.com\\\/www.grupocatala.com\\\/wp-content\\\/uploads\\\/2020\\\/03\\\/cropped-logo_blanc-1.png?fit=250%2C57&ssl=1\",\"width\":250,\"height\":57,\"caption\":\"Grupo Catala\"},\"image\":{\"@id\":\"https:\\\/\\\/www.grupocatala.com\\\/ca\\\/#\\\/schema\\\/logo\\\/image\\\/\"},\"sameAs\":[\"https:\\\/\\\/www.instagram.com\\\/grupocatala\"]},{\"@type\":\"Person\",\"@id\":\"https:\\\/\\\/www.grupocatala.com\\\/ca\\\/#\\\/schema\\\/person\\\/dde7bbb2d234021641005d1e2b24bc23\",\"name\":\"SuperAdmin\"}]}<\/script>\n<!-- \/ Yoast SEO plugin. -->","yoast_head_json":{"title":"Vacunaci\u00f3 treballadors Grup Catal\u00e0","description":"Encantats de comunicar que al centre de treball de Grup Catal\u00e0 a Lleida, s'ha realitzat una vacunaci\u00f3 massiva com a pol\u00edtica davant la pand\u00e8mia COVD-19.","robots":{"index":"index","follow":"follow","max-snippet":"max-snippet:-1","max-image-preview":"max-image-preview:large","max-video-preview":"max-video-preview:-1"},"canonical":"https:\/\/www.grupocatala.com\/ca\/vacunacio-treballadors-grup-catala\/","og_locale":"ca_ES","og_type":"article","og_title":"Vacunaci\u00f3 treballadors Grup Catal\u00e0","og_description":"Encantats de comunicar que al centre de treball de Grup Catal\u00e0 a Lleida, s'ha realitzat una vacunaci\u00f3 massiva com a pol\u00edtica davant la pand\u00e8mia COVD-19.","og_url":"https:\/\/www.grupocatala.com\/ca\/vacunacio-treballadors-grup-catala\/","og_site_name":"GRUPO CATAL\u00c0","article_published_time":"2021-05-28T10:00:12+00:00","article_modified_time":"2021-05-31T14:33:31+00:00","og_image":[{"width":400,"height":297,"url":"https:\/\/i0.wp.com\/www.grupocatala.com\/wp-content\/uploads\/2021\/05\/photo_2021-05-31_14-02-43-e1622471569701.jpg?fit=400%2C297&ssl=1","type":"image\/jpeg"}],"author":"SuperAdmin","twitter_card":"summary_large_image","twitter_misc":{"Escrit per":"SuperAdmin"},"schema":{"@context":"https:\/\/schema.org","@graph":[{"@type":"Article","@id":"https:\/\/www.grupocatala.com\/ca\/vacunacio-treballadors-grup-catala\/#article","isPartOf":{"@id":"https:\/\/www.grupocatala.com\/ca\/vacunacio-treballadors-grup-catala\/"},"author":{"name":"SuperAdmin","@id":"https:\/\/www.grupocatala.com\/ca\/#\/schema\/person\/dde7bbb2d234021641005d1e2b24bc23"},"headline":"Vacunaci\u00f3 treballadors Grup Catal\u00e0","datePublished":"2021-05-28T10:00:12+00:00","dateModified":"2021-05-31T14:33:31+00:00","mainEntityOfPage":{"@id":"https:\/\/www.grupocatala.com\/ca\/vacunacio-treballadors-grup-catala\/"},"wordCount":49,"publisher":{"@id":"https:\/\/www.grupocatala.com\/ca\/#organization"},"image":{"@id":"https:\/\/www.grupocatala.com\/ca\/vacunacio-treballadors-grup-catala\/#primaryimage"},"thumbnailUrl":"https:\/\/i0.wp.com\/www.grupocatala.com\/wp-content\/uploads\/2021\/05\/photo_2021-05-31_14-02-43-e1622471569701.jpg?fit=400%2C297&ssl=1","keywords":["COVID","COVID-19","fruita","grup catala","grupcatala","grupocatala","La Portella","lleida","salut","vacuna"],"articleSection":["Not\u00edcies"],"inLanguage":"ca"},{"@type":"WebPage","@id":"https:\/\/www.grupocatala.com\/ca\/vacunacio-treballadors-grup-catala\/","url":"https:\/\/www.grupocatala.com\/ca\/vacunacio-treballadors-grup-catala\/","name":"Vacunaci\u00f3 treballadors Grup Catal\u00e0","isPartOf":{"@id":"https:\/\/www.grupocatala.com\/ca\/#website"},"primaryImageOfPage":{"@id":"https:\/\/www.grupocatala.com\/ca\/vacunacio-treballadors-grup-catala\/#primaryimage"},"image":{"@id":"https:\/\/www.grupocatala.com\/ca\/vacunacio-treballadors-grup-catala\/#primaryimage"},"thumbnailUrl":"https:\/\/i0.wp.com\/www.grupocatala.com\/wp-content\/uploads\/2021\/05\/photo_2021-05-31_14-02-43-e1622471569701.jpg?fit=400%2C297&ssl=1","datePublished":"2021-05-28T10:00:12+00:00","dateModified":"2021-05-31T14:33:31+00:00","description":"Encantats de comunicar que al centre de treball de Grup Catal\u00e0 a Lleida, s'ha realitzat una vacunaci\u00f3 massiva com a pol\u00edtica davant la pand\u00e8mia COVD-19.","breadcrumb":{"@id":"https:\/\/www.grupocatala.com\/ca\/vacunacio-treballadors-grup-catala\/#breadcrumb"},"inLanguage":"ca","potentialAction":[{"@type":"ReadAction","target":["https:\/\/www.grupocatala.com\/ca\/vacunacio-treballadors-grup-catala\/"]}]},{"@type":"ImageObject","inLanguage":"ca","@id":"https:\/\/www.grupocatala.com\/ca\/vacunacio-treballadors-grup-catala\/#primaryimage","url":"https:\/\/i0.wp.com\/www.grupocatala.com\/wp-content\/uploads\/2021\/05\/photo_2021-05-31_14-02-43-e1622471569701.jpg?fit=400%2C297&ssl=1","contentUrl":"https:\/\/i0.wp.com\/www.grupocatala.com\/wp-content\/uploads\/2021\/05\/photo_2021-05-31_14-02-43-e1622471569701.jpg?fit=400%2C297&ssl=1","width":400,"height":297},{"@type":"BreadcrumbList","@id":"https:\/\/www.grupocatala.com\/ca\/vacunacio-treballadors-grup-catala\/#breadcrumb","itemListElement":[{"@type":"ListItem","position":1,"name":"Portada","item":"https:\/\/www.grupocatala.com\/ca\/"},{"@type":"ListItem","position":2,"name":"Vacunaci\u00f3 treballadors Grup Catal\u00e0"}]},{"@type":"WebSite","@id":"https:\/\/www.grupocatala.com\/ca\/#website","url":"https:\/\/www.grupocatala.com\/ca\/","name":"GRUPO CATAL\u00c0","description":"","publisher":{"@id":"https:\/\/www.grupocatala.com\/ca\/#organization"},"potentialAction":[{"@type":"SearchAction","target":{"@type":"EntryPoint","urlTemplate":"https:\/\/www.grupocatala.com\/ca\/?s={search_term_string}"},"query-input":{"@type":"PropertyValueSpecification","valueRequired":true,"valueName":"search_term_string"}}],"inLanguage":"ca"},{"@type":"Organization","@id":"https:\/\/www.grupocatala.com\/ca\/#organization","name":"Grupo Catala","url":"https:\/\/www.grupocatala.com\/ca\/","logo":{"@type":"ImageObject","inLanguage":"ca","@id":"https:\/\/www.grupocatala.com\/ca\/#\/schema\/logo\/image\/","url":"https:\/\/i0.wp.com\/www.grupocatala.com\/wp-content\/uploads\/2020\/03\/cropped-logo_blanc-1.png?fit=250%2C57&ssl=1","contentUrl":"https:\/\/i0.wp.com\/www.grupocatala.com\/wp-content\/uploads\/2020\/03\/cropped-logo_blanc-1.png?fit=250%2C57&ssl=1","width":250,"height":57,"caption":"Grupo Catala"},"image":{"@id":"https:\/\/www.grupocatala.com\/ca\/#\/schema\/logo\/image\/"},"sameAs":["https:\/\/www.instagram.com\/grupocatala"]},{"@type":"Person","@id":"https:\/\/www.grupocatala.com\/ca\/#\/schema\/person\/dde7bbb2d234021641005d1e2b24bc23","name":"SuperAdmin"}]}},"jetpack_featured_media_url":"https:\/\/i0.wp.com\/www.grupocatala.com\/wp-content\/uploads\/2021\/05\/photo_2021-05-31_14-02-43-e1622471569701.jpg?fit=400%2C297&ssl=1","jetpack_sharing_enabled":true,"_links":{"self":[{"href":"https:\/\/www.grupocatala.com\/ca\/wp-json\/wp\/v2\/posts\/10522","targetHints":{"allow":["GET"]}}],"collection":[{"href":"https:\/\/www.grupocatala.com\/ca\/wp-json\/wp\/v2\/posts"}],"about":[{"href":"https:\/\/www.grupocatala.com\/ca\/wp-json\/wp\/v2\/types\/post"}],"author":[{"embeddable":true,"href":"https:\/\/www.grupocatala.com\/ca\/wp-json\/wp\/v2\/users\/1"}],"replies":[{"embeddable":true,"href":"https:\/\/www.grupocatala.com\/ca\/wp-json\/wp\/v2\/comments?post=10522"}],"version-history":[{"count":0,"href":"https:\/\/www.grupocatala.com\/ca\/wp-json\/wp\/v2\/posts\/10522\/revisions"}],"wp:featuredmedia":[{"embeddable":true,"href":"https:\/\/www.grupocatala.com\/ca\/wp-json\/wp\/v2\/media\/10515"}],"wp:attachment":[{"href":"https:\/\/www.grupocatala.com\/ca\/wp-json\/wp\/v2\/media?parent=10522"}],"wp:term":[{"taxonomy":"category","embeddable":true,"href":"https:\/\/www.grupocatala.com\/ca\/wp-json\/wp\/v2\/categories?post=10522"},{"taxonomy":"post_tag","embeddable":true,"href":"https:\/\/www.grupocatala.com\/ca\/wp-json\/wp\/v2\/tags?post=10522"}],"curies":[{"name":"wp","href":"https:\/\/api.w.org\/{rel}","templated":true}]}}